{"id":3139,"date":"2021-01-04T12:45:42","date_gmt":"2021-01-04T11:45:42","guid":{"rendered":"http:\/\/www.czechcyclingfederation.com\/?p=3139"},"modified":"2021-01-04T12:45:42","modified_gmt":"2021-01-04T11:45:42","slug":"zemrel-olympionik-slavoj-cerny","status":"publish","type":"post","link":"https:\/\/www.czechcyclingfederation.com\/en\/zemrel-olympionik-slavoj-cerny\/","title":{"rendered":"Zem\u0159el olympionik Slavoj \u010cern\u00fd"},"content":{"rendered":"\n<p>Ve v\u011bku 83 let zem\u0159el posledn\u00ed den lo\u0148sk\u00e9ho roku Slavoj \u010cern\u00fd. Nejv\u011bt\u0161\u00edm \u00fasp\u011bchem b\u00fdval\u00e9ho skv\u011bl\u00e9ho st\u00edha\u010de, kter\u00fd jezdil v\u00fdborn\u011b i bodovac\u00ed z\u00e1vod, bylo p\u00e1t\u00e9 m\u00edsto ve st\u00edhac\u00edm z\u00e1vod\u011b dru\u017estev na olympijsk\u00fdch hr\u00e1ch 1960 v \u0158\u00edm\u011b. Dva roky p\u0159edt\u00edm se stal mistrem \u010ceskoslovenska ve st\u00edhac\u00edm z\u00e1vodu.<\/p>\n\n\n\n<p>Byl tak\u00e9 dlouhodob\u00fdm dr\u017eitel \u010deskoslovensk\u00e9ho rekordu na \u010dty\u0159i kilometry, z\u00e1vodil za Duklu Pardubice a pot\u00e9 jezdil ve Slavii V\u0160 Praha.<\/p>\n\n\n\n<p>Posledn\u00ed rozlou\u010den\u00ed se Slavojem \u010cern\u00fdm se uskute\u010dn\u00ed 8. ledna v 11:40 v \u00dast\u0159edn\u00ed s\u00edni v Praze na Ol\u0161anech.<\/p>\n","protected":false},"excerpt":{"rendered":"<p>Ve v\u011bku 83 let zem\u0159el posledn\u00ed den lo\u0148sk\u00e9ho roku Slavoj \u010cern\u00fd. Nejv\u011bt\u0161\u00edm \u00fasp\u011bchem b\u00fdval\u00e9ho skv\u011bl\u00e9ho st\u00edha\u010de, kter\u00fd jezdil v\u00fdborn\u011b i bodovac\u00ed z\u00e1vod, bylo p\u00e1t\u00e9 m\u00edsto ve st\u00edhac\u00edm z\u00e1vod\u011b dru\u017estev na olympijsk\u00fdch hr\u00e1ch 1960 v \u0158\u00edm\u011b. Dva roky p\u0159edt\u00edm se stal mistrem \u010ceskoslovenska ve st\u00edhac\u00edm z\u00e1vodu. Byl tak\u00e9 dlouhodob\u00fdm dr\u017eitel \u010deskoslovensk\u00e9ho rekordu na \u010dty\u0159i kilometry, z\u00e1vodil [&hellip;]<\/p>\n","protected":false},"author":8,"featured_media":3140,"comment_status":"closed","ping_status":"open","sticky":false,"template":"","format":"standard","meta":{"footnotes":""},"categories":[2,65],"tags":[],"class_list":["post-3139","post","type-post","status-publish","format-standard","has-post-thumbnail","hentry","category-novinky","category-subdisciplina"],"_links":{"self":[{"href":"https:\/\/www.czechcyclingfederation.com\/en\/wp-json\/wp\/v2\/posts\/3139","targetHints":{"allow":["GET"]}}],"collection":[{"href":"https:\/\/www.czechcyclingfederation.com\/en\/wp-json\/wp\/v2\/posts"}],"about":[{"href":"https:\/\/www.czechcyclingfederation.com\/en\/wp-json\/wp\/v2\/types\/post"}],"author":[{"embeddable":true,"href":"https:\/\/www.czechcyclingfederation.com\/en\/wp-json\/wp\/v2\/users\/8"}],"replies":[{"embeddable":true,"href":"https:\/\/www.czechcyclingfederation.com\/en\/wp-json\/wp\/v2\/comments?post=3139"}],"version-history":[{"count":1,"href":"https:\/\/www.czechcyclingfederation.com\/en\/wp-json\/wp\/v2\/posts\/3139\/revisions"}],"predecessor-version":[{"id":3141,"href":"https:\/\/www.czechcyclingfederation.com\/en\/wp-json\/wp\/v2\/posts\/3139\/revisions\/3141"}],"wp:featuredmedia":[{"embeddable":true,"href":"https:\/\/www.czechcyclingfederation.com\/en\/wp-json\/wp\/v2\/media\/3140"}],"wp:attachment":[{"href":"https:\/\/www.czechcyclingfederation.com\/en\/wp-json\/wp\/v2\/media?parent=3139"}],"wp:term":[{"taxonomy":"category","embeddable":true,"href":"https:\/\/www.czechcyclingfederation.com\/en\/wp-json\/wp\/v2\/categories?post=3139"},{"taxonomy":"post_tag","embeddable":true,"href":"https:\/\/www.czechcyclingfederation.com\/en\/wp-json\/wp\/v2\/tags?post=3139"}],"curies":[{"name":"wp","href":"https:\/\/api.w.org\/{rel}","templated":true}]}}