{"id":31378,"date":"2024-08-20T21:31:14","date_gmt":"2024-08-20T19:31:14","guid":{"rendered":"https:\/\/www.czechcyclingfederation.com\/?p=31378"},"modified":"2024-08-21T07:20:12","modified_gmt":"2024-08-21T05:20:12","slug":"vysocan-druhy-mezi-vrchari-novak-mel-pad-a-hodne-ztratil","status":"publish","type":"post","link":"https:\/\/www.czechcyclingfederation.com\/en\/vysocan-druhy-mezi-vrchari-novak-mel-pad-a-hodne-ztratil\/","title":{"rendered":"Vyso\u010dan druh\u00fd mezi vrcha\u0159i, Nov\u00e1k m\u011bl p\u00e1d a hodn\u011b ztratil"},"content":{"rendered":"\n<p>\u010cesk\u00e1 reprezentace za\u017eila ve 3. etap\u011b z\u00e1vodu Tour de l\u00b4Avenir smoln\u00fd den. <strong>Daniel Vyso\u010dan<\/strong> jel v&nbsp;\u00faniku dne, ale p\u00e1r kilometr\u016f p\u0159ed c\u00edlem peloton uprchl\u00edky pohltil. A p\u00e1d z\u0159ejm\u011b poh\u0159bil nad\u011bje na celkov\u00e9 po\u0159ad\u00ed jednoho z&nbsp;l\u00eddr\u016f t\u00fdmu <strong>Pavla Nov\u00e1ka<\/strong>.<\/p>\n\n\n\n<p><em>\u201eByla to hodn\u011b rychl\u00e1 etapa. Dlouho nemohl \u017e\u00e1dn\u00fd \u00fanik odjet, povedlo se to a\u017e po 100 kilometrech. V&nbsp;sedmi\u010dlenn\u00e9 skupin\u011b byl i Dan Vyso\u010dan. Cht\u011bli jsme, aby tam byl aktivn\u00ed, co\u017e se poda\u0159ilo. Vyhr\u00e1l jednu vrcha\u0159skou pr\u00e9mii, na dal\u0161\u00ed byl druh\u00fd a celkov\u011b je druh\u00fd v&nbsp;sout\u011b\u017ei vrcha\u0159\u016f. Bohu\u017eel tu vedouc\u00ed skupinu v&nbsp;z\u00e1v\u011bru dojeli, ale i tak Dan nic neztratil a dr\u017e\u00ed se v po\u0159ad\u00ed,\u201c<\/em> uvedl reprezenta\u010dn\u00ed tren\u00e9r Petr Kaltofen.<\/p>\n\n\n\n<p><em>\u201eSm\u016fla potkala jednoho z na\u0161ich l\u00eddr\u016f Pavla Nov\u00e1ka, kter\u00fd m\u011bl 60 kilometr\u016f p\u0159ed c\u00edlem p\u00e1d. Pokra\u010duje d\u00e1l, ale je hodn\u011b sed\u0159en\u00fd. Ztratil p\u0159es dev\u011bt minut, tak\u017ee se u n\u011bj mus\u00edme rozlou\u010dit s\u00a0celkov\u00fdm po\u0159ad\u00edm. Ale z\u016fstali tam Tom\u00e1\u0161 P\u0159idal s\u00a0Martinem B\u00e1rtou i Dan Vyso\u010dan. Ve st\u0159edu je na programu hodn\u011b t\u011b\u017ek\u00e1 etapa a \u010dek\u00e1m daleko v\u011bt\u0161\u00ed selekci. Tak uvid\u00edme,\u201c<\/em> dodal Kaltofen.<\/p>\n\n\n\n<p>\u010cesk\u00fd t\u00fdm u\u017e do dal\u0161\u00ed etapy nastoup\u00ed pouze v&nbsp;p\u011bti, proto\u017ee \u00fatern\u00edch 170 km nedok\u00e1zal p\u0159ejet v&nbsp;\u010dasov\u00e9m limitu <strong>Jan Luke\u0161<\/strong> a na Aveniru p\u0159ed\u010dasn\u011b kon\u010d\u00ed.<\/p>\n\n\n\n<p><strong>V\u00fdsledky 3. etapy <\/strong>(Mouchard &#8211; Plateau d\u00b4Hauteville, 170,2 km): 1. Crescioli (It.) 3:50:31, 2. Theiler (N\u011bm.) stejn\u00fd \u010das, 3. Brennan (Brit.), 4. Wenzel (Luc.), 5. Kajamini (It.), \u2026 <strong>52. B\u00e1rta, 64. P\u0159idal, 76. Vyso\u010dan <\/strong>v\u0161ichni +6, <strong>96. Nov\u00e1k <\/strong>+9:37, <strong>100. Mr\u00e1z, Luke\u0161 <\/strong>(v\u0161. \u010cR) neklasifikov\u00e1n.<\/p>\n\n\n\n<p><strong>Pr\u016fb\u011b\u017en\u00e9 po\u0159ad\u00ed: <\/strong>1. Pedersen (D\u00e1n.) 8:01:19, 2. Glivar (Slovin.) +29, 3. Leonard (Kan.) +58, 4. Rex (Belg.) +1:01, 5. Blackmore (Brit.) +1:05, \u2026 <strong>53. P\u0159idal, 56. Vyso\u010dan <\/strong>oba +1:41, <strong>74. B\u00e1rta <\/strong>+2:11, <strong>93. Nov\u00e1k <\/strong>+10:59, <strong>107. Mr\u00e1z <\/strong>+12:14.<\/p>\n","protected":false},"excerpt":{"rendered":"<p>\u010cesk\u00e1 reprezentace za\u017eila ve 3. etap\u011b z\u00e1vodu Tour de l\u00b4Avenir smoln\u00fd den. Daniel Vyso\u010dan jel v&nbsp;\u00faniku dne, ale p\u00e1r kilometr\u016f p\u0159ed c\u00edlem peloton uprchl\u00edky pohltil. A p\u00e1d z\u0159ejm\u011b poh\u0159bil nad\u011bje na celkov\u00e9 po\u0159ad\u00ed jednoho z&nbsp;l\u00eddr\u016f t\u00fdmu Pavla Nov\u00e1ka. \u201eByla to hodn\u011b rychl\u00e1 etapa. Dlouho nemohl \u017e\u00e1dn\u00fd \u00fanik odjet, povedlo se to a\u017e po 100 kilometrech. [&hellip;]<\/p>\n","protected":false},"author":15,"featured_media":31379,"comment_status":"closed","ping_status":"open","sticky":false,"template":"","format":"standard","meta":{"footnotes":""},"categories":[2],"tags":[11],"class_list":["post-31378","post","type-post","status-publish","format-standard","has-post-thumbnail","hentry","category-novinky","tag-silnice"],"_links":{"self":[{"href":"https:\/\/www.czechcyclingfederation.com\/en\/wp-json\/wp\/v2\/posts\/31378","targetHints":{"allow":["GET"]}}],"collection":[{"href":"https:\/\/www.czechcyclingfederation.com\/en\/wp-json\/wp\/v2\/posts"}],"about":[{"href":"https:\/\/www.czechcyclingfederation.com\/en\/wp-json\/wp\/v2\/types\/post"}],"author":[{"embeddable":true,"href":"https:\/\/www.czechcyclingfederation.com\/en\/wp-json\/wp\/v2\/users\/15"}],"replies":[{"embeddable":true,"href":"https:\/\/www.czechcyclingfederation.com\/en\/wp-json\/wp\/v2\/comments?post=31378"}],"version-history":[{"count":3,"href":"https:\/\/www.czechcyclingfederation.com\/en\/wp-json\/wp\/v2\/posts\/31378\/revisions"}],"predecessor-version":[{"id":31384,"href":"https:\/\/www.czechcyclingfederation.com\/en\/wp-json\/wp\/v2\/posts\/31378\/revisions\/31384"}],"wp:featuredmedia":[{"embeddable":true,"href":"https:\/\/www.czechcyclingfederation.com\/en\/wp-json\/wp\/v2\/media\/31379"}],"wp:attachment":[{"href":"https:\/\/www.czechcyclingfederation.com\/en\/wp-json\/wp\/v2\/media?parent=31378"}],"wp:term":[{"taxonomy":"category","embeddable":true,"href":"https:\/\/www.czechcyclingfederation.com\/en\/wp-json\/wp\/v2\/categories?post=31378"},{"taxonomy":"post_tag","embeddable":true,"href":"https:\/\/www.czechcyclingfederation.com\/en\/wp-json\/wp\/v2\/tags?post=31378"}],"curies":[{"name":"wp","href":"https:\/\/api.w.org\/{rel}","templated":true}]}}