{"id":31359,"date":"2024-08-19T21:24:31","date_gmt":"2024-08-19T19:24:31","guid":{"rendered":"https:\/\/www.czechcyclingfederation.com\/?p=31359"},"modified":"2024-08-19T21:24:34","modified_gmt":"2024-08-19T19:24:34","slug":"mraz-jedenacty-v-etape-na-aveniru-tym-chranil-oba-lidry","status":"publish","type":"post","link":"https:\/\/www.czechcyclingfederation.com\/en\/mraz-jedenacty-v-etape-na-aveniru-tym-chranil-oba-lidry\/","title":{"rendered":"Mr\u00e1z jeden\u00e1ct\u00fd v\u00a0etap\u011b na Aveniru, t\u00fdm chr\u00e1nil oba l\u00eddry"},"content":{"rendered":"\n<p>\u010cesk\u00fd reprezentant do 23 let <strong>Daniel Mr\u00e1z<\/strong> obsadil 11. m\u00edsto ve 2. etap\u011b silni\u010dn\u00edho etapov\u00e9ho z\u00e1vodu Tour de l\u00b4Avenir ve Francii. V\u00edt\u011bzstv\u00ed vybojoval z&nbsp;\u00faniku D\u00e1n Henrik Pedersen a obl\u00e9kl \u017elut\u00fd dres l\u00eddra.<\/p>\n\n\n\n<p><em>\u201eRelativn\u011b rychle se zrodil \u00fanik p\u011bti lid\u00ed, na konci zbyli vp\u0159edu t\u0159i z\u00e1vodn\u00edci. Kana\u010fan\u00e9, kte\u0159\u00ed m\u011bli \u017elut\u00fd dres, to nechali nar\u016fst na p\u011bt a p\u016fl minuty. Pom\u00e1hali jim Britov\u00e9, chv\u00edli Italov\u00e9, ale ty t\u0159i u\u017e se dojet nepoda\u0159ilo. Byla to siln\u00e1 trojice, Pedersen je \u00fa\u0159aduj\u00edc\u00ed mistr Evropy v&nbsp;silni\u010dn\u00edm z\u00e1vod\u011b,\u201c<\/em> l\u00ed\u010dil reprezenta\u010dn\u00ed tren\u00e9r <strong>Petr Kaltofen<\/strong>.<\/p>\n\n\n\n<p><em>\u201eV z\u00e1v\u011bru etapy byly t\u0159i nep\u0159\u00edli\u0161 prudk\u00e9 kopce, na\u0161i kluci tam byli v\u00fdborn\u011b pozi\u010dn\u011b. Z\u00e1v\u011br jsme zkusili jet na Daniela Mr\u00e1ze. Ve spurtu byl osm\u00fd z&nbsp;bal\u00edku, celkov\u011b jeden\u00e1ct\u00fd. Hodnot\u00edm to pozitivn\u011b. Cht\u011bli jsme, aby na\u0161i l\u00edd\u0159i P\u0159idal a Nov\u00e1k nic neztratili a vyhnuli se p\u00e1du. To se povedlo. P\u0159ijeli v&nbsp;hlavn\u00edm poli a po\u0161et\u0159ili n\u011bjak\u00e9 s\u00edly,\u201c<\/em> dodal tren\u00e9r.<\/p>\n\n\n\n<p><strong>V\u00fdsledky 2. etapy <\/strong>(Sarrebourg \u2013 Ronchamp Champagney<strong>, <\/strong>184,5km): 1. Pedersen (D\u00e1n.) 4:02:32, 2. Glivar (Slovin.) stejn\u00fd \u010das, 3. Rex (Belg.) +2, 4. Brennan (Brit.), 5. Behrens (N\u011bm.), \u2026 <strong>11. Mr\u00e1z, 38. Nov\u00e1k, 53. Vyso\u010dan, 54. P\u0159idal, 96. B\u00e1rta <\/strong>v\u0161ichni +1:09, <strong>139. Luke\u0161 <\/strong>(v\u0161. \u010cR) +8:12.<\/p>\n\n\n\n<p><strong>Pr\u016fb\u011b\u017en\u00e9 po\u0159ad\u00ed: <\/strong>1. Pedersen 4:10:42, 2. Glivar +29, 3. Rex +41, 4. Leonard (Kan.) +58, 5. Blackmore (Brit.) +1:05, \u2026 <strong>52. Nov\u00e1k <\/strong>+1:28, <strong>75. P\u0159idal, 78. Vyso\u010dan <\/strong>oba +1:41, <strong>105. Mr\u00e1z <\/strong>+2:05, <strong>109. B\u00e1rta <\/strong>+2:11, <strong>130. Luke\u0161 <\/strong>+8:49.<\/p>\n","protected":false},"excerpt":{"rendered":"<p>\u010cesk\u00fd reprezentant do 23 let Daniel Mr\u00e1z obsadil 11. m\u00edsto ve 2. etap\u011b silni\u010dn\u00edho etapov\u00e9ho z\u00e1vodu Tour de l\u00b4Avenir ve Francii. V\u00edt\u011bzstv\u00ed vybojoval z&nbsp;\u00faniku D\u00e1n Henrik Pedersen a obl\u00e9kl \u017elut\u00fd dres l\u00eddra. \u201eRelativn\u011b rychle se zrodil \u00fanik p\u011bti lid\u00ed, na konci zbyli vp\u0159edu t\u0159i z\u00e1vodn\u00edci. Kana\u010fan\u00e9, kte\u0159\u00ed m\u011bli \u017elut\u00fd dres, to nechali nar\u016fst na p\u011bt [&hellip;]<\/p>\n","protected":false},"author":15,"featured_media":31360,"comment_status":"closed","ping_status":"open","sticky":false,"template":"","format":"standard","meta":{"footnotes":""},"categories":[2],"tags":[11],"class_list":["post-31359","post","type-post","status-publish","format-standard","has-post-thumbnail","hentry","category-novinky","tag-silnice"],"_links":{"self":[{"href":"https:\/\/www.czechcyclingfederation.com\/en\/wp-json\/wp\/v2\/posts\/31359","targetHints":{"allow":["GET"]}}],"collection":[{"href":"https:\/\/www.czechcyclingfederation.com\/en\/wp-json\/wp\/v2\/posts"}],"about":[{"href":"https:\/\/www.czechcyclingfederation.com\/en\/wp-json\/wp\/v2\/types\/post"}],"author":[{"embeddable":true,"href":"https:\/\/www.czechcyclingfederation.com\/en\/wp-json\/wp\/v2\/users\/15"}],"replies":[{"embeddable":true,"href":"https:\/\/www.czechcyclingfederation.com\/en\/wp-json\/wp\/v2\/comments?post=31359"}],"version-history":[{"count":1,"href":"https:\/\/www.czechcyclingfederation.com\/en\/wp-json\/wp\/v2\/posts\/31359\/revisions"}],"predecessor-version":[{"id":31362,"href":"https:\/\/www.czechcyclingfederation.com\/en\/wp-json\/wp\/v2\/posts\/31359\/revisions\/31362"}],"wp:featuredmedia":[{"embeddable":true,"href":"https:\/\/www.czechcyclingfederation.com\/en\/wp-json\/wp\/v2\/media\/31360"}],"wp:attachment":[{"href":"https:\/\/www.czechcyclingfederation.com\/en\/wp-json\/wp\/v2\/media?parent=31359"}],"wp:term":[{"taxonomy":"category","embeddable":true,"href":"https:\/\/www.czechcyclingfederation.com\/en\/wp-json\/wp\/v2\/categories?post=31359"},{"taxonomy":"post_tag","embeddable":true,"href":"https:\/\/www.czechcyclingfederation.com\/en\/wp-json\/wp\/v2\/tags?post=31359"}],"curies":[{"name":"wp","href":"https:\/\/api.w.org\/{rel}","templated":true}]}}