{"id":31351,"date":"2024-08-19T12:12:48","date_gmt":"2024-08-19T10:12:48","guid":{"rendered":"https:\/\/www.czechcyclingfederation.com\/?p=31351"},"modified":"2024-08-19T15:31:21","modified_gmt":"2024-08-19T13:31:21","slug":"juniori-by-radi-na-drahovem-ms-v-cine-dosahli-na-medaili","status":"publish","type":"post","link":"https:\/\/www.czechcyclingfederation.com\/en\/juniori-by-radi-na-drahovem-ms-v-cine-dosahli-na-medaili\/","title":{"rendered":"Junio\u0159i by r\u00e1di na dr\u00e1hov\u00e9m MS v \u010c\u00edn\u011b dos\u00e1hli na medaili"},"content":{"rendered":"\n<p><\/p>\n\n\n\n<p>Se snahou p\u0159iv\u00e9zt medaili zam\u00ed\u0159ili do \u010d\u00ednsk\u00e9ho m\u011bsta Luoyang mlad\u00ed \u010de\u0161t\u00ed reprezentanti v dr\u00e1hov\u00e9 cyklistice. Na tamn\u00edm ov\u00e1lu dlouh\u00e9m 250 metr\u016f, ve m\u011bst\u011b, v n\u011bm\u017e \u017eije t\u00e9m\u011b\u0159 sedm mili\u00f3n\u016f obyvatel, se p\u0159edstav\u00ed od 21. do 24. srpna p\u011btice \u010desk\u00fdch jezdc\u016f.<\/p>\n\n\n\n<p>&#8220;Velice by se n\u00e1m l\u00edbila medaile, to by byl ur\u010dit\u011b velk\u00fd \u00fasp\u011bch. Douf\u00e1m, \u017ee se to povede, ale t\u011b\u017eko \u0159\u00edci. Konkurence se st\u00e1le m\u011bn\u00ed, ale p\u0159edev\u0161\u00edm zkvalit\u0148uje. St\u00e1le v\u00edce st\u00e1t\u016f jezd\u00ed na vy\u0161\u0161\u00ed \u00farovni,&#8221; \u0159\u00edk\u00e1 tren\u00e9r mlad\u00fdch sprinter\u016f z Dukly Brno Zden\u011bk Nosek.<\/p>\n\n\n\n<p>A kde by k medaili m\u011blo b\u00fdt nejbl\u00ed\u017ee? &#8220;Asi v t\u00fdmov\u00e9m sprintu. Davidu Peterkovi, Janu Po\u0159\u00edzkovi a Kry\u0161tofu Friedlovi se docela da\u0159ilo na evropsk\u00e9m \u0161ampion\u00e1tu. Vybojovali bronzovou medaili a i dosa\u017een\u00e9 \u010dasy byly dobr\u00e9. Je to discipl\u00edna jedouc\u00ed se hned na \u00favod a ur\u010dit\u011b to nastav\u00ed n\u00e1ladu v t\u00fdmu,&#8221; \u0159\u00edk\u00e1 Nosek a p\u0159id\u00e1v\u00e1: &#8220;Pro Elen Lazarovou to bude hlavn\u011b o sb\u00edr\u00e1n\u00ed zku\u0161enost\u00ed, mezi juniorkami jezd\u00ed prvn\u00edm rokem. P\u0159i soust\u0159ed\u011bn\u00ed v D\u00e1nsku si v\u0161ak na\u0161t\u00edpla palec a jezdila s ort\u00e9zou, tak\u017ee to trochu p\u0159\u00edpravu naru\u0161ilo,&#8221; dodal tren\u00e9r mlad\u00fdch jezdc\u016f z Dukly Brno. Jedinou vytrvalkyn\u00ed v \u010desk\u00e9 sestav\u011b je Be\u00e1ta Hermanov\u00e1, kterou v\u0161ak \u010dek\u00e1 po\u0159\u00e1dn\u00e1 porce z\u00e1vod\u016f. Nastoup\u00ed v bodova\u010dce, vylu\u010dova\u010dce, scratchi a tak\u00e9 v omniu.<\/p>\n\n\n\n<p><strong>Nominace:<\/strong><\/p>\n\n\n\n<p><strong>Junio\u0159i: <\/strong>David Peterka (1 km s pevn\u00fdm startem, keirin, sprint, t\u00fdmov\u00fd sprint), Jan Po\u0159\u00edzek (sprint, t\u00fdmov\u00fd sprint), Kry\u0161tof Friedl (1 km s pevn\u00fdm startem, keirin, t\u00fdmov\u00fd sprint).<\/p>\n\n\n\n<p><strong>Juniorky:<\/strong> Elen Lazarov\u00e1 (500 m s pevn\u00fdm startem, keirin, sprint), Be\u00e1ta Hermanov\u00e1 (bodova\u010dka, vylu\u010dova\u010dka, scratch, omnium).<\/p>\n","protected":false},"excerpt":{"rendered":"<p>Se snahou p\u0159iv\u00e9zt medaili zam\u00ed\u0159ili do \u010d\u00ednsk\u00e9ho m\u011bsta Luoyang mlad\u00ed \u010de\u0161t\u00ed reprezentanti v dr\u00e1hov\u00e9 cyklistice. Na tamn\u00edm ov\u00e1lu dlouh\u00e9m 250 metr\u016f, ve m\u011bst\u011b, v n\u011bm\u017e \u017eije t\u00e9m\u011b\u0159 sedm mili\u00f3n\u016f obyvatel, se p\u0159edstav\u00ed od 21. do 24. srpna p\u011btice \u010desk\u00fdch jezdc\u016f. &#8220;Velice by se n\u00e1m l\u00edbila medaile, to by byl ur\u010dit\u011b velk\u00fd \u00fasp\u011bch. Douf\u00e1m, \u017ee se [&hellip;]<\/p>\n","protected":false},"author":8,"featured_media":31352,"comment_status":"closed","ping_status":"open","sticky":false,"template":"","format":"standard","meta":{"footnotes":""},"categories":[54,2,46],"tags":[9],"class_list":["post-31351","post","type-post","status-publish","format-standard","has-post-thumbnail","hentry","category-draha","category-novinky","category-novinky-sportovni-centra","tag-draha"],"_links":{"self":[{"href":"https:\/\/www.czechcyclingfederation.com\/en\/wp-json\/wp\/v2\/posts\/31351","targetHints":{"allow":["GET"]}}],"collection":[{"href":"https:\/\/www.czechcyclingfederation.com\/en\/wp-json\/wp\/v2\/posts"}],"about":[{"href":"https:\/\/www.czechcyclingfederation.com\/en\/wp-json\/wp\/v2\/types\/post"}],"author":[{"embeddable":true,"href":"https:\/\/www.czechcyclingfederation.com\/en\/wp-json\/wp\/v2\/users\/8"}],"replies":[{"embeddable":true,"href":"https:\/\/www.czechcyclingfederation.com\/en\/wp-json\/wp\/v2\/comments?post=31351"}],"version-history":[{"count":2,"href":"https:\/\/www.czechcyclingfederation.com\/en\/wp-json\/wp\/v2\/posts\/31351\/revisions"}],"predecessor-version":[{"id":31358,"href":"https:\/\/www.czechcyclingfederation.com\/en\/wp-json\/wp\/v2\/posts\/31351\/revisions\/31358"}],"wp:featuredmedia":[{"embeddable":true,"href":"https:\/\/www.czechcyclingfederation.com\/en\/wp-json\/wp\/v2\/media\/31352"}],"wp:attachment":[{"href":"https:\/\/www.czechcyclingfederation.com\/en\/wp-json\/wp\/v2\/media?parent=31351"}],"wp:term":[{"taxonomy":"category","embeddable":true,"href":"https:\/\/www.czechcyclingfederation.com\/en\/wp-json\/wp\/v2\/categories?post=31351"},{"taxonomy":"post_tag","embeddable":true,"href":"https:\/\/www.czechcyclingfederation.com\/en\/wp-json\/wp\/v2\/tags?post=31351"}],"curies":[{"name":"wp","href":"https:\/\/api.w.org\/{rel}","templated":true}]}}