{"id":31289,"date":"2024-08-18T13:14:42","date_gmt":"2024-08-18T11:14:42","guid":{"rendered":"https:\/\/www.czechcyclingfederation.com\/?p=31289"},"modified":"2024-08-21T11:23:49","modified_gmt":"2024-08-21T09:23:49","slug":"vackova-parada-druhy-v-casovce-na-vuelte","status":"publish","type":"post","link":"https:\/\/www.czechcyclingfederation.com\/en\/vackova-parada-druhy-v-casovce-na-vuelte\/","title":{"rendered":"Vackova par\u00e1da: druh\u00fd v\u00a0\u010dasovce na Vuelt\u011b!"},"content":{"rendered":"\n<p><strong>Mathias Vacek<\/strong> skon\u010dil p\u0159i sv\u00e9m debutu na Grand Tour druh\u00fd v zahajovac\u00ed \u010dasovce Vuelty v&nbsp;Portugalsku! Nad jeho s\u00edly byl pouze Ameri\u010dan Brandon McNulty, kter\u00fd zajel o dv\u011b vte\u0159iny lep\u0161\u00ed \u010das.<\/p>\n\n\n\n<p>\u00da\u0159aduj\u00edc\u00ed mistr republiky v&nbsp;\u010dasovce potvrdil skv\u011blou formu, kterou se prezentoval u\u017e na olympi\u00e1d\u011b v&nbsp;Pa\u0159\u00ed\u017ei. Tam skon\u010dil v&nbsp;\u010dasovce 11. a v&nbsp;silni\u010dn\u00edm z\u00e1vod\u011b 14. Nyn\u00ed se z\u00e1vodn\u00edk st\u00e1je Lidl-Trek bl\u00fdskl par\u00e1dn\u00edm v\u00fdsledkem hned na \u00favod 79. ro\u010dn\u00edku Vuelty.<\/p>\n\n\n\n<p><em>\u201eMysl\u00edm, \u017ee jsem nemohl jet l\u00e9pe. Takov\u00fd \u010das jsem ne\u010dekal. Foukal velmi siln\u00fd v\u00edtr, vsadil jsme na velkou s\u00edlu a dal jsem do toho v\u0161echno,\u201c <\/em>\u0159ekl Vacek, jen\u017e \u010dasovku absolvoval pr\u016fm\u011brnou rychlost\u00ed p\u0159es 57 km\/h. Po etap\u011b obl\u00e9kl b\u00edl\u00fd dres pro nejlep\u0161\u00edho mlad\u00e9ho jezdce.<\/p>\n\n\n\n<p><strong>V\u00fdsledky 1. etapy Vuelty<\/strong> (Lisabon &#8211; Oeiras, \u010dasovka 12 km): 1. McNulty (USA\/UAE Emirates) 12:35, <strong>2. M. Vacek<\/strong> (\u010cR\/Lidl-Trek) +2, 3. van Aert (Belg.\/Visma-Lease a Bike) +3, 4. K\u00fcng (\u0160v\u00fdc.\/Groupama-FDJ) +6, 5. Affini (It.\/Visma-Lease a Bike), 6. Tarling (Brit.\/Ineos Grenadiers) oba +8, &#8230; <strong>100. P. Bittner<\/strong> (\u010cR\/dsm-firmenich PostNL) +1:09.<\/p>\n\n\n\n<p>Foto: Lidl-Trek<\/p>\n","protected":false},"excerpt":{"rendered":"<p>Mathias Vacek skon\u010dil p\u0159i sv\u00e9m debutu na Grand Tour druh\u00fd v zahajovac\u00ed \u010dasovce Vuelty v&nbsp;Portugalsku! Nad jeho s\u00edly byl pouze Ameri\u010dan Brandon McNulty, kter\u00fd zajel o dv\u011b vte\u0159iny lep\u0161\u00ed \u010das. \u00da\u0159aduj\u00edc\u00ed mistr republiky v&nbsp;\u010dasovce potvrdil skv\u011blou formu, kterou se prezentoval u\u017e na olympi\u00e1d\u011b v&nbsp;Pa\u0159\u00ed\u017ei. Tam skon\u010dil v&nbsp;\u010dasovce 11. a v&nbsp;silni\u010dn\u00edm z\u00e1vod\u011b 14. Nyn\u00ed se z\u00e1vodn\u00edk [&hellip;]<\/p>\n","protected":false},"author":15,"featured_media":31290,"comment_status":"closed","ping_status":"open","sticky":false,"template":"","format":"standard","meta":{"footnotes":""},"categories":[2,46],"tags":[11],"class_list":["post-31289","post","type-post","status-publish","format-standard","has-post-thumbnail","hentry","category-novinky","category-novinky-sportovni-centra","tag-silnice"],"_links":{"self":[{"href":"https:\/\/www.czechcyclingfederation.com\/en\/wp-json\/wp\/v2\/posts\/31289","targetHints":{"allow":["GET"]}}],"collection":[{"href":"https:\/\/www.czechcyclingfederation.com\/en\/wp-json\/wp\/v2\/posts"}],"about":[{"href":"https:\/\/www.czechcyclingfederation.com\/en\/wp-json\/wp\/v2\/types\/post"}],"author":[{"embeddable":true,"href":"https:\/\/www.czechcyclingfederation.com\/en\/wp-json\/wp\/v2\/users\/15"}],"replies":[{"embeddable":true,"href":"https:\/\/www.czechcyclingfederation.com\/en\/wp-json\/wp\/v2\/comments?post=31289"}],"version-history":[{"count":2,"href":"https:\/\/www.czechcyclingfederation.com\/en\/wp-json\/wp\/v2\/posts\/31289\/revisions"}],"predecessor-version":[{"id":31293,"href":"https:\/\/www.czechcyclingfederation.com\/en\/wp-json\/wp\/v2\/posts\/31289\/revisions\/31293"}],"wp:featuredmedia":[{"embeddable":true,"href":"https:\/\/www.czechcyclingfederation.com\/en\/wp-json\/wp\/v2\/media\/31290"}],"wp:attachment":[{"href":"https:\/\/www.czechcyclingfederation.com\/en\/wp-json\/wp\/v2\/media?parent=31289"}],"wp:term":[{"taxonomy":"category","embeddable":true,"href":"https:\/\/www.czechcyclingfederation.com\/en\/wp-json\/wp\/v2\/categories?post=31289"},{"taxonomy":"post_tag","embeddable":true,"href":"https:\/\/www.czechcyclingfederation.com\/en\/wp-json\/wp\/v2\/tags?post=31289"}],"curies":[{"name":"wp","href":"https:\/\/api.w.org\/{rel}","templated":true}]}}