{"id":31252,"date":"2024-08-14T19:10:17","date_gmt":"2024-08-14T17:10:17","guid":{"rendered":"https:\/\/www.czechcyclingfederation.com\/?p=31252"},"modified":"2024-08-21T11:22:34","modified_gmt":"2024-08-21T09:22:34","slug":"junior-podaril-treti-v-prvni-etape-v-madarsku","status":"publish","type":"post","link":"https:\/\/www.czechcyclingfederation.com\/en\/junior-podaril-treti-v-prvni-etape-v-madarsku\/","title":{"rendered":"Junior Poda\u0159il t\u0159et\u00ed v prvn\u00ed etap\u011b v Ma\u010farsku"},"content":{"rendered":"\n<p><em>Aktualizov\u00e1no 21.8.2024<\/em><\/p>\n\n\n\n<p>Na t\u0159et\u00edm m\u00edst\u011b spurtoval v \u00favodn\u00ed etap\u011b juniorsk\u00e9ho Nation&#8217;s Cup v Ma\u010farsku \u010desk\u00fd reprezentant Jan Poda\u0159il. Etapa m\u011bla start i c\u00edl ve m\u011bst\u011b V\u00e1s\u00e1rosnam\u00e9ny a po 136,5 kilometrech byl ve spurtu nejrychlej\u0161\u00ed H\u00e9ctor Alvarez ze \u0160pan\u011blska, druh\u00fd projel c\u00edlem Seth Dunwoody z Irska.<\/p>\n\n\n\n<p>&#8220;Honza Poda\u0159il byl nav\u00edc je\u0161t\u011b jedou t\u0159et\u00ed a jednou druh\u00fd na sprintersk\u00fdch pr\u00e9mi\u00edch, na co\u017e jsme c\u00edlili, abychom byli v z\u00edt\u0159ej\u0161\u00ed etap\u011b na v\u00fdhodn\u00e9 pozici s mechanick\u00fdm vozem. Kluci si p\u0159ipravili velmi pozice v technick\u00e9m z\u00e1v\u011bru do z\u00e1v\u011bre\u010dn\u00e9ho spurtu. A je\u0161t\u011b bych cht\u011bl vyzdvihnout v\u00fdkon Adama Bittmana, kter\u00fd je zde kapit\u00e1nem a t\u00fdm si skv\u011ble \u0159\u00edd\u00ed, v\u0161ichni jej poslouchaj\u00ed,&#8221; \u0159ekl tren\u00e9r Tom\u00e1\u0161 Holub. &#8220;Jedinou ka\u0148kou je, \u017ee do z\u00e1vodu neodstartoval \u0160t\u011bp\u00e1n Zah\u00e1lka, kter\u00fd m\u00e1 n\u011bjakou vir\u00f3zu a jeli jsme tedy v sestav\u011b o \u010dlov\u011bka m\u00e9n\u011b,&#8221; dodal Holub.<\/p>\n\n\n\n<p>V\u00fdsledky:<\/p>\n\n\n\n<p>1. Alvarez (\u0160p.) 3:02:20, 2. Dunwoody (Ir.), 3. Poda\u0159il (\u010cR), 4. Strzelecki (Pol.), 5. Smoras (Nor.), 6. Mientki (Pol.), &#8230; 20. Pol\u00e1k, 21. Bittman v\u0161ichni stejn\u00fd \u010das, 86. Falt\u00fdnek +24, 95. P\u0159enosil (v\u0161ichni \u010cR) +48.<\/p>\n\n\n\n<p>FOTO Tom\u00e1\u0161 Holub<\/p>\n\n\n\n<figure class=\"wp-block-image size-large\"><img loading=\"lazy\" decoding=\"async\" width=\"768\" height=\"1024\" src=\"http:\/\/www.czechcyclingfederation.com\/wp-content\/uploads\/2024\/08\/Obrazek-WhatsApp-2024-08-14-v-16.22.05_fe38b43e-768x1024.jpg\" alt=\"\" class=\"wp-image-31255\" srcset=\"https:\/\/www.czechcyclingfederation.com\/wp-content\/uploads\/2024\/08\/Obrazek-WhatsApp-2024-08-14-v-16.22.05_fe38b43e-768x1024.jpg 768w, https:\/\/www.czechcyclingfederation.com\/wp-content\/uploads\/2024\/08\/Obrazek-WhatsApp-2024-08-14-v-16.22.05_fe38b43e-150x200.jpg 150w, https:\/\/www.czechcyclingfederation.com\/wp-content\/uploads\/2024\/08\/Obrazek-WhatsApp-2024-08-14-v-16.22.05_fe38b43e-1152x1536.jpg 1152w, https:\/\/www.czechcyclingfederation.com\/wp-content\/uploads\/2024\/08\/Obrazek-WhatsApp-2024-08-14-v-16.22.05_fe38b43e-1320x1760.jpg 1320w, https:\/\/www.czechcyclingfederation.com\/wp-content\/uploads\/2024\/08\/Obrazek-WhatsApp-2024-08-14-v-16.22.05_fe38b43e.jpg 1536w\" sizes=\"auto, (max-width: 768px) 100vw, 768px\" \/><\/figure>\n","protected":false},"excerpt":{"rendered":"<p>Aktualizov\u00e1no 21.8.2024 Na t\u0159et\u00edm m\u00edst\u011b spurtoval v \u00favodn\u00ed etap\u011b juniorsk\u00e9ho Nation&#8217;s Cup v Ma\u010farsku \u010desk\u00fd reprezentant Jan Poda\u0159il. Etapa m\u011bla start i c\u00edl ve m\u011bst\u011b V\u00e1s\u00e1rosnam\u00e9ny a po 136,5 kilometrech byl ve spurtu nejrychlej\u0161\u00ed H\u00e9ctor Alvarez ze \u0160pan\u011blska, druh\u00fd projel c\u00edlem Seth Dunwoody z Irska. &#8220;Honza Poda\u0159il byl nav\u00edc je\u0161t\u011b jedou t\u0159et\u00ed a jednou druh\u00fd [&hellip;]<\/p>\n","protected":false},"author":8,"featured_media":31253,"comment_status":"closed","ping_status":"open","sticky":false,"template":"","format":"standard","meta":{"footnotes":""},"categories":[46,2,18],"tags":[11],"class_list":["post-31252","post","type-post","status-publish","format-standard","has-post-thumbnail","hentry","category-novinky-sportovni-centra","category-novinky","category-silnice","tag-silnice"],"_links":{"self":[{"href":"https:\/\/www.czechcyclingfederation.com\/en\/wp-json\/wp\/v2\/posts\/31252","targetHints":{"allow":["GET"]}}],"collection":[{"href":"https:\/\/www.czechcyclingfederation.com\/en\/wp-json\/wp\/v2\/posts"}],"about":[{"href":"https:\/\/www.czechcyclingfederation.com\/en\/wp-json\/wp\/v2\/types\/post"}],"author":[{"embeddable":true,"href":"https:\/\/www.czechcyclingfederation.com\/en\/wp-json\/wp\/v2\/users\/8"}],"replies":[{"embeddable":true,"href":"https:\/\/www.czechcyclingfederation.com\/en\/wp-json\/wp\/v2\/comments?post=31252"}],"version-history":[{"count":4,"href":"https:\/\/www.czechcyclingfederation.com\/en\/wp-json\/wp\/v2\/posts\/31252\/revisions"}],"predecessor-version":[{"id":31401,"href":"https:\/\/www.czechcyclingfederation.com\/en\/wp-json\/wp\/v2\/posts\/31252\/revisions\/31401"}],"wp:featuredmedia":[{"embeddable":true,"href":"https:\/\/www.czechcyclingfederation.com\/en\/wp-json\/wp\/v2\/media\/31253"}],"wp:attachment":[{"href":"https:\/\/www.czechcyclingfederation.com\/en\/wp-json\/wp\/v2\/media?parent=31252"}],"wp:term":[{"taxonomy":"category","embeddable":true,"href":"https:\/\/www.czechcyclingfederation.com\/en\/wp-json\/wp\/v2\/categories?post=31252"},{"taxonomy":"post_tag","embeddable":true,"href":"https:\/\/www.czechcyclingfederation.com\/en\/wp-json\/wp\/v2\/tags?post=31252"}],"curies":[{"name":"wp","href":"https:\/\/api.w.org\/{rel}","templated":true}]}}