{"id":31245,"date":"2024-08-14T12:10:52","date_gmt":"2024-08-14T10:10:52","guid":{"rendered":"https:\/\/www.czechcyclingfederation.com\/?p=31245"},"modified":"2024-08-14T17:38:49","modified_gmt":"2024-08-14T15:38:49","slug":"mladi-drahari-bojovali-v-ceskem-poharu-vpraze-na-trebesine","status":"publish","type":"post","link":"https:\/\/www.czechcyclingfederation.com\/en\/mladi-drahari-bojovali-v-ceskem-poharu-vpraze-na-trebesine\/","title":{"rendered":"Mlad\u00ed dr\u00e1ha\u0159\u00ed bojovali v\u00a0\u010cesk\u00e9m poh\u00e1ru vPraze na T\u0159ebe\u0161\u00edn\u011b"},"content":{"rendered":"\n<p>Dal\u0161\u00ed d\u00edl \u010cesk\u00e9ho poh\u00e1r ml\u00e1de\u017ee absolvovali dr\u00e1ha\u0159i jako Turn\u00e9 4 drah &#8211; &nbsp;Memori\u00e1l Ji\u0159\u00edho Opavsk\u00e9ho v&nbsp;omniu. Ve spole\u010dn\u00e9m z\u00e1vod\u011b kadet\u016f, junior\u016f a juniorek dominovali jezdci t\u00fdmu TUFO Pardus Prost\u011bjov, kte\u0159\u00ed v po\u0159ad\u00ed Tom\u00e1\u0161 Vr\u00e1na, Anton\u00edn \u017duf\u00e1nek a Nikola Jaro\u0161 obsadili kompletn\u00ed stupn\u011b v\u00edt\u011bz\u016f.<\/p>\n\n\n\n<p>To sam\u00e9 plat\u00ed pro spole\u010dn\u00fd z\u00e1vod \u017e\u00e1k\u016f, \u017e\u00e1ky\u0148 a kadetek, ale v&nbsp;pod\u00e1n\u00ed jezdc\u016f Dukly Praha. Nejlep\u0161\u00ed z&nbsp;nich byl Maty\u00e1\u0161 Vladislav Man\u011bna.<\/p>\n\n\n\n<p>V\u00fdsledky:<\/p>\n\n\n\n<p>Omnium:<\/p>\n\n\n\n<p>\u017d\u00e1ci, \u017e\u00e1kyn\u011b, kadetky:<\/p>\n\n\n\n<p>1. Man\u011bna 54, 2. Strakat\u00fd 34, 3. Durdil (v\u0161ichni Dukla Praha) 30.<\/p>\n\n\n\n<p>Kadeti, junio\u0159i, juniorky:<\/p>\n\n\n\n<p>1. Vr\u00e1na 46, 2. \u017duf\u00e1nek 29, 3. Jaro\u0161 (v\u0161ichni TUFO Pardus Prost\u011bjov) 16.<\/p>\n\n\n\n<p>FOTO Milan Kraus<\/p>\n","protected":false},"excerpt":{"rendered":"<p>Dal\u0161\u00ed d\u00edl \u010cesk\u00e9ho poh\u00e1r ml\u00e1de\u017ee absolvovali dr\u00e1ha\u0159i jako Turn\u00e9 4 drah &#8211; &nbsp;Memori\u00e1l Ji\u0159\u00edho Opavsk\u00e9ho v&nbsp;omniu. Ve spole\u010dn\u00e9m z\u00e1vod\u011b kadet\u016f, junior\u016f a juniorek dominovali jezdci t\u00fdmu TUFO Pardus Prost\u011bjov, kte\u0159\u00ed v po\u0159ad\u00ed Tom\u00e1\u0161 Vr\u00e1na, Anton\u00edn \u017duf\u00e1nek a Nikola Jaro\u0161 obsadili kompletn\u00ed stupn\u011b v\u00edt\u011bz\u016f. To sam\u00e9 plat\u00ed pro spole\u010dn\u00fd z\u00e1vod \u017e\u00e1k\u016f, \u017e\u00e1ky\u0148 a kadetek, ale v&nbsp;pod\u00e1n\u00ed [&hellip;]<\/p>\n","protected":false},"author":8,"featured_media":31249,"comment_status":"closed","ping_status":"open","sticky":false,"template":"","format":"standard","meta":{"footnotes":""},"categories":[54,2],"tags":[9],"class_list":["post-31245","post","type-post","status-publish","format-standard","has-post-thumbnail","hentry","category-draha","category-novinky","tag-draha"],"_links":{"self":[{"href":"https:\/\/www.czechcyclingfederation.com\/en\/wp-json\/wp\/v2\/posts\/31245","targetHints":{"allow":["GET"]}}],"collection":[{"href":"https:\/\/www.czechcyclingfederation.com\/en\/wp-json\/wp\/v2\/posts"}],"about":[{"href":"https:\/\/www.czechcyclingfederation.com\/en\/wp-json\/wp\/v2\/types\/post"}],"author":[{"embeddable":true,"href":"https:\/\/www.czechcyclingfederation.com\/en\/wp-json\/wp\/v2\/users\/8"}],"replies":[{"embeddable":true,"href":"https:\/\/www.czechcyclingfederation.com\/en\/wp-json\/wp\/v2\/comments?post=31245"}],"version-history":[{"count":2,"href":"https:\/\/www.czechcyclingfederation.com\/en\/wp-json\/wp\/v2\/posts\/31245\/revisions"}],"predecessor-version":[{"id":31251,"href":"https:\/\/www.czechcyclingfederation.com\/en\/wp-json\/wp\/v2\/posts\/31245\/revisions\/31251"}],"wp:featuredmedia":[{"embeddable":true,"href":"https:\/\/www.czechcyclingfederation.com\/en\/wp-json\/wp\/v2\/media\/31249"}],"wp:attachment":[{"href":"https:\/\/www.czechcyclingfederation.com\/en\/wp-json\/wp\/v2\/media?parent=31245"}],"wp:term":[{"taxonomy":"category","embeddable":true,"href":"https:\/\/www.czechcyclingfederation.com\/en\/wp-json\/wp\/v2\/categories?post=31245"},{"taxonomy":"post_tag","embeddable":true,"href":"https:\/\/www.czechcyclingfederation.com\/en\/wp-json\/wp\/v2\/tags?post=31245"}],"curies":[{"name":"wp","href":"https:\/\/api.w.org\/{rel}","templated":true}]}}