{"id":31226,"date":"2024-08-14T08:03:33","date_gmt":"2024-08-14T06:03:33","guid":{"rendered":"https:\/\/www.czechcyclingfederation.com\/?p=31226"},"modified":"2024-08-14T09:25:40","modified_gmt":"2024-08-14T07:25:40","slug":"tomas-pridal-avenir-je-vrchol-chci-se-poprat-o-top-10","status":"publish","type":"post","link":"https:\/\/www.czechcyclingfederation.com\/en\/tomas-pridal-avenir-je-vrchol-chci-se-poprat-o-top-10\/","title":{"rendered":"Tom\u00e1\u0161 P\u0159idal: Avenir je vrchol, chci se poprat o top 10"},"content":{"rendered":"\n<p><strong>Tom\u00e1\u0161 P\u0159idal<\/strong> za\u017e\u00edv\u00e1 letos nejlep\u0161\u00ed sezonu dosavadn\u00ed kari\u00e9ry. Dvacetilet\u00fd cyklista st\u00e1je Elkov Kasper se stal mistrem republiky v&nbsp;silni\u010dn\u00edm z\u00e1vod\u011b jednotlivc\u016f mezi elitou a dal o sob\u011b po\u0159\u00e1dn\u011b v\u011bd\u011bt i na n\u011bkter\u00fdch z\u00e1vodech v&nbsp;zahrani\u010d\u00ed.<\/p>\n\n\n\n<p>Od ned\u011ble ho s&nbsp;\u010deskou reprezentac\u00ed U23 \u010dek\u00e1 presti\u017en\u00ed etapov\u00fd z\u00e1vod Tour de l\u00b4Avenir ve Francii, co\u017e je pro jezdce t\u00e9to kategorie obdoba Tour de France. \u201eBeru to jako velk\u00fd vrchol sezony a moc r\u00e1d bych tam zabojoval o co nejlep\u0161\u00ed v\u00fdsledek. Kdyby se povedlo dostat do TOP 10, bylo by to kr\u00e1sn\u00e9,\u201c \u0159\u00edk\u00e1 Tom\u00e1\u0161 P\u0159idal.<\/p>\n\n\n\n<figure class=\"wp-block-image size-large\"><img loading=\"lazy\" decoding=\"async\" width=\"1024\" height=\"681\" src=\"https:\/\/www.czechcyclingfederation.com\/wp-content\/uploads\/2024\/08\/pridal-tomas-2-1024x681.jpg\" alt=\"\" class=\"wp-image-31230\" srcset=\"https:\/\/www.czechcyclingfederation.com\/wp-content\/uploads\/2024\/08\/pridal-tomas-2-1024x681.jpg 1024w, https:\/\/www.czechcyclingfederation.com\/wp-content\/uploads\/2024\/08\/pridal-tomas-2-300x200.jpg 300w, https:\/\/www.czechcyclingfederation.com\/wp-content\/uploads\/2024\/08\/pridal-tomas-2-768x511.jpg 768w, https:\/\/www.czechcyclingfederation.com\/wp-content\/uploads\/2024\/08\/pridal-tomas-2-1536x1022.jpg 1536w, https:\/\/www.czechcyclingfederation.com\/wp-content\/uploads\/2024\/08\/pridal-tomas-2-2048x1363.jpg 2048w, https:\/\/www.czechcyclingfederation.com\/wp-content\/uploads\/2024\/08\/pridal-tomas-2-1320x878.jpg 1320w\" sizes=\"auto, (max-width: 1024px) 100vw, 1024px\" \/><\/figure>\n\n\n\n<p><strong>Co od Tour de l\u00b4Avenir \u010dek\u00e1te?<\/strong><\/p>\n\n\n\n<p>V\u00edm, \u017ee je to pro tuto kategorii z\u00e1vod roku. Pojede tam absolutn\u00ed sv\u011btov\u00e1 \u0161pi\u010dka U23 v\u010detn\u011b z\u00e1vodn\u00edk\u016f, kte\u0159\u00ed u\u017e t\u0159eba p\u016fsob\u00ed ve WorldTour. Beru to jako jeden z\u00a0vrchol\u016f sezony. Moc jsem se t\u011b\u0161il na Czech Tour, ale byl jsem po del\u0161\u00ed nemoci a nemohl jsem tam startovat. Tak\u017ee te\u010f se u\u017e t\u0159i t\u00fddny maxim\u00e1ln\u011b soust\u0159ed\u00edm jen na Avenir. Je to moc t\u011b\u017ek\u00fd z\u00e1vod, ale taky hodn\u011b sledovan\u00fd. A kdy\u017e se povede dobr\u00fd v\u00fdsledek, m\u016f\u017ee v\u00e1s to posunout v\u00fd\u0161.<\/p>\n\n\n\n<p><strong>Kdyby se v\u00e1m takov\u00fd v\u00fdsledek povedl a n\u011bjak\u00e1 nab\u00eddka p\u0159i\u0161la, byl by to spln\u011bn\u00fd sen?<\/strong><\/p>\n\n\n\n<p>Ur\u010dit\u011b. Moc r\u00e1d bych se jednou dostal do WorldTour a na Tour de France, to je m\u016fj sen. A kdyby n\u011bjak\u00e1 zaj\u00edmav\u00e1 nab\u00eddka byla u\u017e te\u010f, \u0161el bych za t\u00edm.<\/p>\n\n\n\n<p><strong>M\u00e1te n\u011bjak\u00fd obl\u00edben\u00fd t\u00fdm a z\u00e1vodn\u00edka, kter\u00e9ho sledujete v\u00edc?<\/strong><\/p>\n\n\n\n<p>L\u00edb\u00ed se mi Visma\u2013Lease a Bike a ze z\u00e1vodn\u00edk\u016f Wout van Aert. Kv\u016fli sv\u00e9mu stylu j\u00edzdy. Dok\u00e1\u017ee vyhr\u00e1vat klasiky, etapy ve spurtu, ale i v\u00a0t\u011b\u017ek\u00fdch kopc\u00edch m\u00e1 neskute\u010dn\u00fd tah.<\/p>\n\n\n\n<figure class=\"wp-block-image size-large\"><img loading=\"lazy\" decoding=\"async\" width=\"1024\" height=\"681\" src=\"https:\/\/www.czechcyclingfederation.com\/wp-content\/uploads\/2024\/08\/pridal-tomas-4-1024x681.jpg\" alt=\"\" class=\"wp-image-31232\" srcset=\"https:\/\/www.czechcyclingfederation.com\/wp-content\/uploads\/2024\/08\/pridal-tomas-4-1024x681.jpg 1024w, https:\/\/www.czechcyclingfederation.com\/wp-content\/uploads\/2024\/08\/pridal-tomas-4-300x200.jpg 300w, https:\/\/www.czechcyclingfederation.com\/wp-content\/uploads\/2024\/08\/pridal-tomas-4-768x511.jpg 768w, https:\/\/www.czechcyclingfederation.com\/wp-content\/uploads\/2024\/08\/pridal-tomas-4-1536x1022.jpg 1536w, https:\/\/www.czechcyclingfederation.com\/wp-content\/uploads\/2024\/08\/pridal-tomas-4-2048x1363.jpg 2048w, https:\/\/www.czechcyclingfederation.com\/wp-content\/uploads\/2024\/08\/pridal-tomas-4-1320x878.jpg 1320w\" sizes=\"auto, (max-width: 1024px) 100vw, 1024px\" \/><\/figure>\n\n\n\n<p><strong>Avenir se rozhoduje v&nbsp;dlouh\u00fdch kopc\u00edch, to by v\u00e1m jako vrcha\u0159i m\u011blo sed\u011bt\u2026<\/strong><\/p>\n\n\n\n<p>Douf\u00e1m. \u0158\u00edkaj\u00ed, \u017ee jubilejn\u00ed 60. ro\u010dn\u00edk bude jeden z&nbsp;nejt\u011b\u017e\u0161\u00edch, tak jsem na to zv\u011bdav. Typov\u011b by mi ty kopce m\u011bly sed\u011bt. Nebude to nic lehk\u00e9ho, u\u017e jsem koukal na profily etap. Ale kopce, kter\u00e9 se jedou p\u016fl hodiny a v\u00edc, mi vyhovuj\u00ed.<\/p>\n\n\n\n<p><strong>V&nbsp;\u010desk\u00e9 sestav\u011b budete jedn\u00edm z&nbsp;l\u00eddr\u016f. Jak se na tu roli t\u011b\u0161\u00edte?<\/strong><\/p>\n\n\n\n<p>U\u017e jsem to za\u017eil na Z\u00e1vodu m\u00edru. Avenir ur\u010dit\u011b pojedeme na dva l\u00eddry, proto\u017ee startuje i Pavel Nov\u00e1k, kter\u00fd byl p\u00e1t\u00fd na Giro d\u00b4Italia U23. V\u017edycky je to lep\u0161\u00ed. Uvid\u00edme, jak to komu z&nbsp;n\u00e1s sedne, ale ur\u010dit\u011b se tam budeme sna\u017eit b\u00fdt oba. M\u00e1me siln\u00fd t\u00fdm a jsou tam i dal\u0161\u00ed kluci, kte\u0159\u00ed um\u00ed slu\u0161n\u011b kopce.<\/p>\n\n\n\n<figure class=\"wp-block-image size-large\"><img loading=\"lazy\" decoding=\"async\" width=\"1024\" height=\"681\" src=\"https:\/\/www.czechcyclingfederation.com\/wp-content\/uploads\/2024\/08\/pridal-5-1-1024x681.jpg\" alt=\"\" class=\"wp-image-31239\" srcset=\"https:\/\/www.czechcyclingfederation.com\/wp-content\/uploads\/2024\/08\/pridal-5-1-1024x681.jpg 1024w, https:\/\/www.czechcyclingfederation.com\/wp-content\/uploads\/2024\/08\/pridal-5-1-300x200.jpg 300w, https:\/\/www.czechcyclingfederation.com\/wp-content\/uploads\/2024\/08\/pridal-5-1-768x511.jpg 768w, https:\/\/www.czechcyclingfederation.com\/wp-content\/uploads\/2024\/08\/pridal-5-1-1536x1022.jpg 1536w, https:\/\/www.czechcyclingfederation.com\/wp-content\/uploads\/2024\/08\/pridal-5-1-2048x1363.jpg 2048w, https:\/\/www.czechcyclingfederation.com\/wp-content\/uploads\/2024\/08\/pridal-5-1-1320x878.jpg 1320w\" sizes=\"auto, (max-width: 1024px) 100vw, 1024px\" \/><\/figure>\n\n\n\n<p><strong>Jak jste na Avenir tr\u00e9noval?<\/strong><\/p>\n\n\n\n<p>M\u011bl jsem te\u010f del\u0161\u00ed pauzu, od z\u00e1vodu Visegradsk\u00e9 4 Brno-Mikulov-Brno jsem nez\u00e1vodil. Chvilku jsem si orazil, pak jsem za\u010dal naj\u00ed\u017ed\u011bt kilometry v&nbsp;kopc\u00edch u n\u00e1s v&nbsp;Jesen\u00edk\u00e1ch, kter\u00e9 m\u00e1m z&nbsp;domova kousek. No a te\u010f jsem byl t\u00fdden v&nbsp;Kitzb\u00fchelu, abych si zvykl na opravdu dlouh\u00e9 kopce. Rakousko mi uk\u00e1zalo, \u017ee by to mohlo b\u00fdt dobr\u00e9, tak jsem zv\u011bdav.<\/p>\n\n\n\n<figure class=\"wp-block-image size-large\"><img loading=\"lazy\" decoding=\"async\" width=\"1024\" height=\"684\" src=\"https:\/\/www.czechcyclingfederation.com\/wp-content\/uploads\/2024\/08\/pridal-tomas-3-1024x684.jpg\" alt=\"\" class=\"wp-image-31234\" srcset=\"https:\/\/www.czechcyclingfederation.com\/wp-content\/uploads\/2024\/08\/pridal-tomas-3-1024x684.jpg 1024w, https:\/\/www.czechcyclingfederation.com\/wp-content\/uploads\/2024\/08\/pridal-tomas-3-300x200.jpg 300w, https:\/\/www.czechcyclingfederation.com\/wp-content\/uploads\/2024\/08\/pridal-tomas-3-768x513.jpg 768w, https:\/\/www.czechcyclingfederation.com\/wp-content\/uploads\/2024\/08\/pridal-tomas-3-1536x1025.jpg 1536w, https:\/\/www.czechcyclingfederation.com\/wp-content\/uploads\/2024\/08\/pridal-tomas-3-2048x1367.jpg 2048w, https:\/\/www.czechcyclingfederation.com\/wp-content\/uploads\/2024\/08\/pridal-tomas-3-1320x881.jpg 1320w\" sizes=\"auto, (max-width: 1024px) 100vw, 1024px\" \/><\/figure>\n\n\n\n<p><strong>Leto\u0161n\u00ed sezona v\u00e1m vych\u00e1z\u00ed skv\u011ble. Je zat\u00edm nejlep\u0161\u00ed v&nbsp;kari\u00e9\u0159e?<\/strong><\/p>\n\n\n\n<p>Ur\u010dit\u011b ano. Krom\u011b titulu mistra republiky jsem dok\u00e1zal zajet slu\u0161n\u00e9 v\u00fdsledky i venku, to m\u011b t\u011b\u0161\u00ed. Hned na za\u010d\u00e1tku sezony jsem byl \u010dtvrt\u00fd v&nbsp;Chorvatsku na Istrian Spring Trophy, Kolem \u0158ecka jsem byl nejlep\u0161\u00edm jezdcem kategorie U23 a dob\u0159e mi vy\u0161el i Z\u00e1vod m\u00edru U23. Te\u010f bych na to r\u00e1d nav\u00e1zal na Aveniru.<\/p>\n\n\n\n<p><strong>Co v\u00e1s je\u0161t\u011b v&nbsp;sezon\u011b \u010dek\u00e1?<\/strong><\/p>\n\n\n\n<p>Posledn\u00edm velk\u00fdm vrcholem bude mistrovstv\u00ed sv\u011bta ve \u0160v\u00fdcarsku. M\u011blo by to b\u00fdt taky hodn\u011b t\u011b\u017ek\u00e9, snad by mi to m\u011blo vyhovovat.<\/p>\n\n\n\n<p>Foto: Jan Brychta<\/p>\n","protected":false},"excerpt":{"rendered":"<p>Tom\u00e1\u0161 P\u0159idal za\u017e\u00edv\u00e1 letos nejlep\u0161\u00ed sezonu dosavadn\u00ed kari\u00e9ry. Dvacetilet\u00fd cyklista st\u00e1je Elkov Kasper se stal mistrem republiky v&nbsp;silni\u010dn\u00edm z\u00e1vod\u011b jednotlivc\u016f mezi elitou a dal o sob\u011b po\u0159\u00e1dn\u011b v\u011bd\u011bt i na n\u011bkter\u00fdch z\u00e1vodech v&nbsp;zahrani\u010d\u00ed. Od ned\u011ble ho s&nbsp;\u010deskou reprezentac\u00ed U23 \u010dek\u00e1 presti\u017en\u00ed etapov\u00fd z\u00e1vod Tour de l\u00b4Avenir ve Francii, co\u017e je pro jezdce t\u00e9to kategorie obdoba [&hellip;]<\/p>\n","protected":false},"author":15,"featured_media":31228,"comment_status":"closed","ping_status":"open","sticky":false,"template":"","format":"standard","meta":{"footnotes":""},"categories":[2],"tags":[11],"class_list":["post-31226","post","type-post","status-publish","format-standard","has-post-thumbnail","hentry","category-novinky","tag-silnice"],"_links":{"self":[{"href":"https:\/\/www.czechcyclingfederation.com\/en\/wp-json\/wp\/v2\/posts\/31226","targetHints":{"allow":["GET"]}}],"collection":[{"href":"https:\/\/www.czechcyclingfederation.com\/en\/wp-json\/wp\/v2\/posts"}],"about":[{"href":"https:\/\/www.czechcyclingfederation.com\/en\/wp-json\/wp\/v2\/types\/post"}],"author":[{"embeddable":true,"href":"https:\/\/www.czechcyclingfederation.com\/en\/wp-json\/wp\/v2\/users\/15"}],"replies":[{"embeddable":true,"href":"https:\/\/www.czechcyclingfederation.com\/en\/wp-json\/wp\/v2\/comments?post=31226"}],"version-history":[{"count":4,"href":"https:\/\/www.czechcyclingfederation.com\/en\/wp-json\/wp\/v2\/posts\/31226\/revisions"}],"predecessor-version":[{"id":31243,"href":"https:\/\/www.czechcyclingfederation.com\/en\/wp-json\/wp\/v2\/posts\/31226\/revisions\/31243"}],"wp:featuredmedia":[{"embeddable":true,"href":"https:\/\/www.czechcyclingfederation.com\/en\/wp-json\/wp\/v2\/media\/31228"}],"wp:attachment":[{"href":"https:\/\/www.czechcyclingfederation.com\/en\/wp-json\/wp\/v2\/media?parent=31226"}],"wp:term":[{"taxonomy":"category","embeddable":true,"href":"https:\/\/www.czechcyclingfederation.com\/en\/wp-json\/wp\/v2\/categories?post=31226"},{"taxonomy":"post_tag","embeddable":true,"href":"https:\/\/www.czechcyclingfederation.com\/en\/wp-json\/wp\/v2\/tags?post=31226"}],"curies":[{"name":"wp","href":"https:\/\/api.w.org\/{rel}","templated":true}]}}