{"id":31209,"date":"2024-08-12T08:55:57","date_gmt":"2024-08-12T06:55:57","guid":{"rendered":"https:\/\/www.czechcyclingfederation.com\/?p=31209"},"modified":"2024-08-12T08:58:33","modified_gmt":"2024-08-12T06:58:33","slug":"nikola-volejnikova-sesta-na-me-ve-sjezdu-kosarkova-se-zranenim-19","status":"publish","type":"post","link":"https:\/\/www.czechcyclingfederation.com\/en\/nikola-volejnikova-sesta-na-me-ve-sjezdu-kosarkova-se-zranenim-19\/","title":{"rendered":"Nikola Volejn\u00edkov\u00e1 \u0161est\u00e1 na ME ve sjezdu, Ko\u0161\u00e1rkov\u00e1 se zran\u011bn\u00edm 19."},"content":{"rendered":"\n<p>Juniorka <strong>Nikola Volejn\u00edkov\u00e1 <\/strong>obsadila \u0161est\u00e9 m\u00edsto na mistrovstv\u00ed Evropy ve sjezdu horsk\u00fdch kol, kter\u00e9 na nejprud\u0161\u00ed trati sv\u011bta hostilo \u0161v\u00fdcarsk\u00e9 Champ\u00e9ry. Postarala se tak o nejlep\u0161\u00ed \u010desk\u00fd v\u00fdsledek.<\/p>\n\n\n\n<p>V\u00a0elitn\u00ed \u017eensk\u00e9 kategorii se univerz\u00e1lka <strong>Sabina Ko\u0161\u00e1rkov\u00e1<\/strong>, kter\u00e1 \u00fasp\u011b\u0161n\u011b z\u00e1vod\u00ed i v BMX a pumptracku, um\u00edstila na 19. p\u0159\u00ed\u010dce. O lep\u0161\u00ed v\u00fdsledek ji p\u0159ipravila sm\u016fla v\u00a0podob\u011b p\u00e1d\u016f a zran\u011bn\u00ed.<\/p>\n\n\n\n<p><em>\u201eU\u017e v\u00a0p\u00e1tek jsem si p\u0159i p\u00e1du v\u00a0tr\u00e9ninku vyvrkla kotn\u00edk a v\u00a0ned\u011bln\u00edm tr\u00e9ninku p\u0159ed fin\u00e1le jsem let\u011bla p\u0159es \u0159\u00edd\u00edtka. Asi jsem si zlomila palec na ruce, ale p\u0159ijela jsem sem bojovat a \u0161la jsem do toho. Nemohla jsem po\u0159\u00e1dn\u011b dr\u017eet \u0159\u00edd\u00edtka, bolelo m\u011b t\u011blo a jela jsem opatrn\u011b. Bylo z\u00a0toho 19. m\u00edsto. Snad to nebude nic v\u00e1\u017en\u00e9ho a brzy se vr\u00e1t\u00edm,\u201c <\/em>\u0159ekla Ko\u0161\u00e1rkov\u00e1.<\/p>\n\n\n\n<p><strong>V\u00fdsledky \u2013 mu\u017ei: <\/strong>1. Kolb (Rak.) 3:02,61, 2. Walker (Brit.) +2,98, 3. Martin (Fr.) +3,24, \u2026 <strong>52. Hrom\u00e1dka <\/strong>+18,51, <strong>62. Kole\u010d\u00edk <\/strong>+21,75, <strong>120. Fabok (v\u0161. \u010cR) <\/strong>+1:02,28.<\/p>\n\n\n\n<p><strong>\u017deny: <\/strong>1. Baumannov\u00e1 (\u0160v\u00fdc.) 3:33,50, 2. H\u00f6llov\u00e1 (Rak.) +1,85, 3. Cabirouov\u00e1 (Fr.) +1,89, \u2026 <strong>19. Ko\u0161\u00e1rkov\u00e1 (\u010cR) <\/strong>+41,59.<\/p>\n\n\n\n<p><strong>Junio\u0159i: <\/strong>1. Alran (Fr.) 3:05,88, 2. Hauser (It.) +0,75, 3. Ostfeld (Izr.) +4,83, \u2026 <strong>32. H\u00fa\u0161\u0165 <\/strong>+32,80, <strong>44. Hor\u00e1k (oba \u010cR)<\/strong> +26,64.<\/p>\n\n\n\n<p><strong>Juniorky: <\/strong>1. Svegbyov\u00e1 (\u0160v\u00e9d.) 4:00,35, 2. Bonnauerov\u00e1 (Fr.) +3,82, 3. Bindhammer (Rak.) +6,37, \u2026 <strong>6. Nikola Volejn\u00edkov\u00e1<\/strong> +7,76, <strong>12. Kadlecov\u00e1 <\/strong>+25,23, <strong>13. Nat\u00e1lie Volejn\u00edkov\u00e1 (v\u0161. \u010cR) <\/strong>+25,92.<\/p>\n\n\n\n<p><strong>Kadeti: <\/strong>1. Kalin\u0161ek (Slovin.) 3:14,46, \u2026 <strong>14. Hurta <\/strong>+10,80, <strong>32. Povoln\u00fd (oba \u010cR) <\/strong>+15,88.<\/p>\n\n\n\n<p>Foto: Jan Brychta<\/p>\n","protected":false},"excerpt":{"rendered":"<p>Juniorka Nikola Volejn\u00edkov\u00e1 obsadila \u0161est\u00e9 m\u00edsto na mistrovstv\u00ed Evropy ve sjezdu horsk\u00fdch kol, kter\u00e9 na nejprud\u0161\u00ed trati sv\u011bta hostilo \u0161v\u00fdcarsk\u00e9 Champ\u00e9ry. Postarala se tak o nejlep\u0161\u00ed \u010desk\u00fd v\u00fdsledek. V\u00a0elitn\u00ed \u017eensk\u00e9 kategorii se univerz\u00e1lka Sabina Ko\u0161\u00e1rkov\u00e1, kter\u00e1 \u00fasp\u011b\u0161n\u011b z\u00e1vod\u00ed i v BMX a pumptracku, um\u00edstila na 19. p\u0159\u00ed\u010dce. O lep\u0161\u00ed v\u00fdsledek ji p\u0159ipravila sm\u016fla v\u00a0podob\u011b p\u00e1d\u016f [&hellip;]<\/p>\n","protected":false},"author":15,"featured_media":31210,"comment_status":"closed","ping_status":"open","sticky":false,"template":"","format":"standard","meta":{"footnotes":""},"categories":[2],"tags":[10],"class_list":["post-31209","post","type-post","status-publish","format-standard","has-post-thumbnail","hentry","category-novinky","tag-mtb"],"_links":{"self":[{"href":"https:\/\/www.czechcyclingfederation.com\/en\/wp-json\/wp\/v2\/posts\/31209","targetHints":{"allow":["GET"]}}],"collection":[{"href":"https:\/\/www.czechcyclingfederation.com\/en\/wp-json\/wp\/v2\/posts"}],"about":[{"href":"https:\/\/www.czechcyclingfederation.com\/en\/wp-json\/wp\/v2\/types\/post"}],"author":[{"embeddable":true,"href":"https:\/\/www.czechcyclingfederation.com\/en\/wp-json\/wp\/v2\/users\/15"}],"replies":[{"embeddable":true,"href":"https:\/\/www.czechcyclingfederation.com\/en\/wp-json\/wp\/v2\/comments?post=31209"}],"version-history":[{"count":2,"href":"https:\/\/www.czechcyclingfederation.com\/en\/wp-json\/wp\/v2\/posts\/31209\/revisions"}],"predecessor-version":[{"id":31213,"href":"https:\/\/www.czechcyclingfederation.com\/en\/wp-json\/wp\/v2\/posts\/31209\/revisions\/31213"}],"wp:featuredmedia":[{"embeddable":true,"href":"https:\/\/www.czechcyclingfederation.com\/en\/wp-json\/wp\/v2\/media\/31210"}],"wp:attachment":[{"href":"https:\/\/www.czechcyclingfederation.com\/en\/wp-json\/wp\/v2\/media?parent=31209"}],"wp:term":[{"taxonomy":"category","embeddable":true,"href":"https:\/\/www.czechcyclingfederation.com\/en\/wp-json\/wp\/v2\/categories?post=31209"},{"taxonomy":"post_tag","embeddable":true,"href":"https:\/\/www.czechcyclingfederation.com\/en\/wp-json\/wp\/v2\/tags?post=31209"}],"curies":[{"name":"wp","href":"https:\/\/api.w.org\/{rel}","templated":true}]}}