{"id":3117,"date":"2020-12-29T10:51:37","date_gmt":"2020-12-29T09:51:37","guid":{"rendered":"http:\/\/www.czechcyclingfederation.com\/?p=3117"},"modified":"2020-12-29T10:51:37","modified_gmt":"2020-12-29T09:51:37","slug":"jedenact-ceskych-medaili-v-roce-2020","status":"publish","type":"post","link":"https:\/\/www.czechcyclingfederation.com\/en\/jedenact-ceskych-medaili-v-roce-2020\/","title":{"rendered":"Jeden\u00e1ct \u010desk\u00fdch medail\u00ed v roce 2020"},"content":{"rendered":"\n<p>Pohled na medailovou sb\u00edrku \u010desk\u00fdch cyklist\u016f v\u00a0roce 2020 hodn\u011b p\u0159\u00edjemn\u00fd. Jeden\u00e1ct medail\u00ed z vrcholn\u00fdch akc\u00ed je pro \u010deskou cyklistiku velice lichotiv\u00e1 bilance. A ta mohl b\u00fdt zcela jist\u011b je\u0161t\u011b v\u00fdrazn\u011bj\u0161\u00ed, ale p\u0159edev\u0161\u00edm zru\u0161en\u00ed silni\u010dn\u00edch \u010di t\u0159eba cyklokrosov\u00fdch, ale i s\u00e1lov\u00fdch \u0161ampion\u00e1t\u016f znamenalo, \u017ee dal\u0161\u00ed medaile nep\u0159ibyly.\u00a0\u00a0\u00a0\u00a0\u00a0<\/p>\n\n\n\n<p>Velice dob\u0159e si vedli silni\u010d\u00e1\u0159i na mistrovstv\u00ed Evropy, kdy\u017e junior Matias Vacek z\u00edskal zlato, &nbsp;Pavel Bittner st\u0159\u00edbro a medailovou kolekci zkompletoval Vojt\u011bch \u0158epa z&nbsp;kategorie U23.<\/p>\n\n\n\n<p>Dr\u00e1ha\u0159i p\u0159ivezli medail\u00ed dokonce dvojn\u00e1sobn\u00fd po\u010det. V&nbsp;elitn\u00ed kategorii opanoval z\u00e1vod na 1 km s&nbsp;pevn\u00fdm startem Tom\u00e1\u0161 B\u00e1bek, stejn\u011b cenn\u00fd kov vyv\u00e1l\u010dil v&nbsp;kategorii U23 ve sprintu Martin \u010cechman. St\u0159\u00edbrn\u00e9 medaile z\u00edskali juniorka Gabriela B\u00e1rtov\u00e1, sprint t\u00fdm elite ve slo\u017een\u00ed Dominik Topinka, Martin \u010cechman a Tom\u00e1\u0161 B\u00e1bek, sprint t\u00fdm jezdci U23 Martin \u010cechman, Mat\u011bj Bohusl\u00e1vek, Jakub \u0160\u0165astn\u00fd a v&nbsp;elitn\u00ed kategorii S\u00e1ra Ka\u0148kovsk\u00e1 v&nbsp;keirinu.<\/p>\n\n\n\n<p>Bronz z\u00edskal na sv\u011btov\u00e9m \u0161ampion\u00e1tu v&nbsp;maratonu biker Martin Sto\u0161ek a stejnou medaili m\u00e1 i juniorka Aneta Novotn\u00e1 z&nbsp;cross country.<\/p>\n\n\n\n<p>Celkov\u00e1 bilance je tedy 11 medail\u00ed (3x zlato, 5x st\u0159\u00edbro, 3x bronz).<\/p>\n\n\n\n<p>Mezi v\u00fdrazn\u00e9 \u00fasp\u011bchy jist\u011b pat\u0159\u00ed v\u00edt\u011bzn\u00e1 etapa Josefa \u010cern\u00e9ho na Giro d\u00b4 Italia nebo t\u0159et\u00ed m\u00edsto v\u00a0etap\u011b Zde\u0148ka \u0160tybara na \u0161pan\u011blsk\u00e9 Vuelt\u011b a mnoho dal\u0161\u00edch um\u00edst\u011bn\u00e9 mezi nejlep\u0161\u00ed \u0161estkou.<\/p>\n\n\n\n<p>FOTO Dukla Brno, Michal \u010cerven\u00fd, Tom\u00e1\u0161 Kone\u010dn\u00fd <\/p>\n\n\n\n<figure class=\"wp-block-image size-large\"><img loading=\"lazy\" decoding=\"async\" width=\"1024\" height=\"717\" src=\"https:\/\/www.czechcyclingfederation.com\/wp-content\/uploads\/2020\/12\/MAS_2069-1024x717.jpg\" alt=\"\" class=\"wp-image-3119\" srcset=\"https:\/\/www.czechcyclingfederation.com\/wp-content\/uploads\/2020\/12\/MAS_2069-1024x717.jpg 1024w, https:\/\/www.czechcyclingfederation.com\/wp-content\/uploads\/2020\/12\/MAS_2069-285x200.jpg 285w, https:\/\/www.czechcyclingfederation.com\/wp-content\/uploads\/2020\/12\/MAS_2069-768x538.jpg 768w, https:\/\/www.czechcyclingfederation.com\/wp-content\/uploads\/2020\/12\/MAS_2069-1536x1076.jpg 1536w, https:\/\/www.czechcyclingfederation.com\/wp-content\/uploads\/2020\/12\/MAS_2069-2048x1435.jpg 2048w, https:\/\/www.czechcyclingfederation.com\/wp-content\/uploads\/2020\/12\/MAS_2069-1320x925.jpg 1320w\" sizes=\"auto, (max-width: 1024px) 100vw, 1024px\" \/><\/figure>\n\n\n\n<figure class=\"wp-block-image size-large\"><img loading=\"lazy\" decoding=\"async\" width=\"821\" height=\"1024\" src=\"https:\/\/www.czechcyclingfederation.com\/wp-content\/uploads\/2020\/12\/WCh-XCM-2020_13-821x1024.jpg\" alt=\"\" class=\"wp-image-3120\" srcset=\"https:\/\/www.czechcyclingfederation.com\/wp-content\/uploads\/2020\/12\/WCh-XCM-2020_13-821x1024.jpg 821w, https:\/\/www.czechcyclingfederation.com\/wp-content\/uploads\/2020\/12\/WCh-XCM-2020_13-160x200.jpg 160w, https:\/\/www.czechcyclingfederation.com\/wp-content\/uploads\/2020\/12\/WCh-XCM-2020_13-768x957.jpg 768w, https:\/\/www.czechcyclingfederation.com\/wp-content\/uploads\/2020\/12\/WCh-XCM-2020_13.jpg 1200w\" sizes=\"auto, (max-width: 821px) 100vw, 821px\" \/><\/figure>\n\n\n\n<figure class=\"wp-block-image size-large\"><img loading=\"lazy\" decoding=\"async\" width=\"1024\" height=\"576\" src=\"https:\/\/www.czechcyclingfederation.com\/wp-content\/uploads\/2020\/12\/IMG-20160713-WA0007-1024x576.jpg\" alt=\"\" class=\"wp-image-3121\" srcset=\"https:\/\/www.czechcyclingfederation.com\/wp-content\/uploads\/2020\/12\/IMG-20160713-WA0007-1024x576.jpg 1024w, https:\/\/www.czechcyclingfederation.com\/wp-content\/uploads\/2020\/12\/IMG-20160713-WA0007-300x169.jpg 300w, https:\/\/www.czechcyclingfederation.com\/wp-content\/uploads\/2020\/12\/IMG-20160713-WA0007-768x432.jpg 768w, https:\/\/www.czechcyclingfederation.com\/wp-content\/uploads\/2020\/12\/IMG-20160713-WA0007-1536x864.jpg 1536w, https:\/\/www.czechcyclingfederation.com\/wp-content\/uploads\/2020\/12\/IMG-20160713-WA0007-1320x743.jpg 1320w, https:\/\/www.czechcyclingfederation.com\/wp-content\/uploads\/2020\/12\/IMG-20160713-WA0007.jpg 1600w\" sizes=\"auto, (max-width: 1024px) 100vw, 1024px\" \/><\/figure>\n","protected":false},"excerpt":{"rendered":"<p>Pohled na medailovou sb\u00edrku \u010desk\u00fdch cyklist\u016f v\u00a0roce 2020 hodn\u011b p\u0159\u00edjemn\u00fd. Jeden\u00e1ct medail\u00ed z vrcholn\u00fdch akc\u00ed je pro \u010deskou cyklistiku velice lichotiv\u00e1 bilance. A ta mohl b\u00fdt zcela jist\u011b je\u0161t\u011b v\u00fdrazn\u011bj\u0161\u00ed, ale p\u0159edev\u0161\u00edm zru\u0161en\u00ed silni\u010dn\u00edch \u010di t\u0159eba cyklokrosov\u00fdch, ale i s\u00e1lov\u00fdch \u0161ampion\u00e1t\u016f znamenalo, \u017ee dal\u0161\u00ed medaile nep\u0159ibyly.\u00a0\u00a0\u00a0\u00a0\u00a0 Velice dob\u0159e si vedli silni\u010d\u00e1\u0159i na mistrovstv\u00ed Evropy, kdy\u017e [&hellip;]<\/p>\n","protected":false},"author":8,"featured_media":3118,"comment_status":"closed","ping_status":"open","sticky":false,"template":"","format":"standard","meta":{"footnotes":""},"categories":[2,65],"tags":[],"class_list":["post-3117","post","type-post","status-publish","format-standard","has-post-thumbnail","hentry","category-novinky","category-subdisciplina"],"_links":{"self":[{"href":"https:\/\/www.czechcyclingfederation.com\/en\/wp-json\/wp\/v2\/posts\/3117","targetHints":{"allow":["GET"]}}],"collection":[{"href":"https:\/\/www.czechcyclingfederation.com\/en\/wp-json\/wp\/v2\/posts"}],"about":[{"href":"https:\/\/www.czechcyclingfederation.com\/en\/wp-json\/wp\/v2\/types\/post"}],"author":[{"embeddable":true,"href":"https:\/\/www.czechcyclingfederation.com\/en\/wp-json\/wp\/v2\/users\/8"}],"replies":[{"embeddable":true,"href":"https:\/\/www.czechcyclingfederation.com\/en\/wp-json\/wp\/v2\/comments?post=3117"}],"version-history":[{"count":1,"href":"https:\/\/www.czechcyclingfederation.com\/en\/wp-json\/wp\/v2\/posts\/3117\/revisions"}],"predecessor-version":[{"id":3122,"href":"https:\/\/www.czechcyclingfederation.com\/en\/wp-json\/wp\/v2\/posts\/3117\/revisions\/3122"}],"wp:featuredmedia":[{"embeddable":true,"href":"https:\/\/www.czechcyclingfederation.com\/en\/wp-json\/wp\/v2\/media\/3118"}],"wp:attachment":[{"href":"https:\/\/www.czechcyclingfederation.com\/en\/wp-json\/wp\/v2\/media?parent=3117"}],"wp:term":[{"taxonomy":"category","embeddable":true,"href":"https:\/\/www.czechcyclingfederation.com\/en\/wp-json\/wp\/v2\/categories?post=3117"},{"taxonomy":"post_tag","embeddable":true,"href":"https:\/\/www.czechcyclingfederation.com\/en\/wp-json\/wp\/v2\/tags?post=3117"}],"curies":[{"name":"wp","href":"https:\/\/api.w.org\/{rel}","templated":true}]}}