{"id":31155,"date":"2024-08-10T20:58:14","date_gmt":"2024-08-10T18:58:14","guid":{"rendered":"https:\/\/www.czechcyclingfederation.com\/?p=31155"},"modified":"2024-08-11T08:59:54","modified_gmt":"2024-08-11T06:59:54","slug":"vones-s-rugovacem-sahali-v-madisonu-po-senzaci-nakonec-skoncili-osmi","status":"publish","type":"post","link":"https:\/\/www.czechcyclingfederation.com\/en\/vones-s-rugovacem-sahali-v-madisonu-po-senzaci-nakonec-skoncili-osmi\/","title":{"rendered":"Vone\u0161 s\u00a0Rugovacem sahali v\u00a0madisonu po senzaci, nakonec skv\u011bl\u00e9 sedm\u00e9 m\u00edsto"},"content":{"rendered":"\n<p>V\u00a0jednu chv\u00edli sahali dokonce po senza\u010dn\u00ed medaili, kdy\u017e se dr\u017eeli na bronzov\u00e9 pozici olympijsk\u00e9ho madisonu. A v\u00a0c\u00edli nejrychlej\u0161\u00edho bodovac\u00edho z\u00e1vodu dvojic v historii se <strong>Jan Vone\u0161<\/strong> a <strong>Denis Rugovac<\/strong> radovali ze skv\u011bl\u00e9ho p\u00e1t\u00e9ho m\u00edsta. Ov\u0161em po dodate\u010dn\u00e9m z\u00e1sahu rozhod\u010d\u00edch p\u00e1r minut po z\u00e1vod\u011b a n\u00e1sledn\u00e9 dal\u0161\u00ed korekci v\u00fdsledk\u016f v pozd\u011bj\u0161\u00edch hodin\u00e1ch brali nakonec sedmou p\u0159\u00ed\u010dku. P\u0159esto jde o jejich nejlep\u0161\u00ed v\u00fdsledek na vrcholn\u00e9 akci!<\/p>\n\n\n\n<figure class=\"wp-block-image size-large\"><img loading=\"lazy\" decoding=\"async\" width=\"1024\" height=\"683\" src=\"https:\/\/www.czechcyclingfederation.com\/wp-content\/uploads\/2024\/08\/vones-a-rugo-1-1024x683.jpg\" alt=\"\" class=\"wp-image-31158\" srcset=\"https:\/\/www.czechcyclingfederation.com\/wp-content\/uploads\/2024\/08\/vones-a-rugo-1-1024x683.jpg 1024w, https:\/\/www.czechcyclingfederation.com\/wp-content\/uploads\/2024\/08\/vones-a-rugo-1-300x200.jpg 300w, https:\/\/www.czechcyclingfederation.com\/wp-content\/uploads\/2024\/08\/vones-a-rugo-1-768x512.jpg 768w, https:\/\/www.czechcyclingfederation.com\/wp-content\/uploads\/2024\/08\/vones-a-rugo-1-1536x1024.jpg 1536w, https:\/\/www.czechcyclingfederation.com\/wp-content\/uploads\/2024\/08\/vones-a-rugo-1-2048x1365.jpg 2048w, https:\/\/www.czechcyclingfederation.com\/wp-content\/uploads\/2024\/08\/vones-a-rugo-1-1320x880.jpg 1320w\" sizes=\"auto, (max-width: 1024px) 100vw, 1024px\" \/><\/figure>\n\n\n\n<p>&nbsp;<em>\u201eI tak to mus\u00edme hodnotit jako v\u00fdborn\u00e9 vystoupen\u00ed. V&nbsp;pr\u016fb\u011bhu olympijsk\u00e9 kvalifikace jsme nebyli takhle konkurenceschopn\u00ed jako v&nbsp;olympijsk\u00e9m z\u00e1vod\u011b. Prost\u011b to byl v\u00fdborn\u00fd den obou kluk\u016f a na na\u0161e pom\u011bry skv\u011bl\u00fd z\u00e1vod,\u201c<\/em> \u0159ekl reprezenta\u010dn\u00ed tren\u00e9r <strong>Milan Kadlec<\/strong>.<\/p>\n\n\n\n<figure class=\"wp-block-image size-large\"><img loading=\"lazy\" decoding=\"async\" width=\"1024\" height=\"683\" src=\"https:\/\/www.czechcyclingfederation.com\/wp-content\/uploads\/2024\/08\/vones-rugovac-5-1024x683.jpg\" alt=\"\" class=\"wp-image-31160\" srcset=\"https:\/\/www.czechcyclingfederation.com\/wp-content\/uploads\/2024\/08\/vones-rugovac-5-1024x683.jpg 1024w, https:\/\/www.czechcyclingfederation.com\/wp-content\/uploads\/2024\/08\/vones-rugovac-5-300x200.jpg 300w, https:\/\/www.czechcyclingfederation.com\/wp-content\/uploads\/2024\/08\/vones-rugovac-5-768x512.jpg 768w, https:\/\/www.czechcyclingfederation.com\/wp-content\/uploads\/2024\/08\/vones-rugovac-5-1536x1024.jpg 1536w, https:\/\/www.czechcyclingfederation.com\/wp-content\/uploads\/2024\/08\/vones-rugovac-5-2048x1365.jpg 2048w, https:\/\/www.czechcyclingfederation.com\/wp-content\/uploads\/2024\/08\/vones-rugovac-5-1320x880.jpg 1320w\" sizes=\"auto, (max-width: 1024px) 100vw, 1024px\" \/><\/figure>\n\n\n\n<p>Oba \u010de\u0161t\u00ed reprezentanti si skv\u011ble na\u010dasovali \u00fatok. Nejd\u0159\u00edv z\u00edskali dva body za dev\u00e1t\u00fd z&nbsp;20 celkov\u00fdch sprint\u016f, sprinty \u010d. 14 a 15 dokonce vyhr\u00e1li, a pr\u00e1v\u011b po tom druh\u00e9m dostali i 20 bod\u016f za z\u00edskan\u00e9 kolo na ostatn\u00ed soupe\u0159e. Dvacet bod\u016f za kolo jim z\u016fstalo, ale po korekci jim tak\u00e9 ode\u010detli 20 bod\u016f za kolo ztr\u00e1ty. V&nbsp;po\u0159ad\u00ed to znamenalo posun z&nbsp;p\u00e1t\u00e9ho nejprve na osm\u00e9 m\u00edsto, ale po dal\u0161\u00ed \u00faprav\u011b v\u00fdsledk\u016f a dodate\u010dn\u00e9 diskvalifikaci Holan\u010fan\u016f nakonec na v\u00fdborn\u00e9 sedm\u00e9 m\u00edsto.<\/p>\n\n\n\n<figure class=\"wp-block-image size-large\"><img loading=\"lazy\" decoding=\"async\" width=\"1024\" height=\"683\" src=\"https:\/\/www.czechcyclingfederation.com\/wp-content\/uploads\/2024\/08\/vones-rugovac-3-1024x683.jpg\" alt=\"\" class=\"wp-image-31162\" srcset=\"https:\/\/www.czechcyclingfederation.com\/wp-content\/uploads\/2024\/08\/vones-rugovac-3-1024x683.jpg 1024w, https:\/\/www.czechcyclingfederation.com\/wp-content\/uploads\/2024\/08\/vones-rugovac-3-300x200.jpg 300w, https:\/\/www.czechcyclingfederation.com\/wp-content\/uploads\/2024\/08\/vones-rugovac-3-768x512.jpg 768w, https:\/\/www.czechcyclingfederation.com\/wp-content\/uploads\/2024\/08\/vones-rugovac-3-1536x1024.jpg 1536w, https:\/\/www.czechcyclingfederation.com\/wp-content\/uploads\/2024\/08\/vones-rugovac-3-2048x1365.jpg 2048w, https:\/\/www.czechcyclingfederation.com\/wp-content\/uploads\/2024\/08\/vones-rugovac-3-1320x880.jpg 1320w\" sizes=\"auto, (max-width: 1024px) 100vw, 1024px\" \/><\/figure>\n\n\n\n<p><em>\u201eV pr\u016fb\u011bhu z\u00e1vodu tam bylo n\u011bkolik probl\u00e9m\u016f. Rozhod\u010d\u00ed nep\u0159ipsali ztr\u00e1tu kol, co dostali Honza s&nbsp;Denisem &#8211; kdy\u017e se peloton rozd\u011blil a t\u011bch sedm na \u0161pici je zp\u00e1tky dojelo. Pak se \u0159e\u0161ily dvojice posti\u017een\u00e9 p\u00e1dem, kter\u00fdm se v&nbsp;neutralizaci nepoda\u0159ilo vr\u00e1tit zp\u00e1tky na dr\u00e1hu. D\u00edky tomu byly v\u00fdsledky hodn\u011b zkreslen\u00e9 a trvalo docela dlouho, ne\u017e se v\u0161echno dalo do po\u0159\u00e1dku. V&nbsp;na\u0161em p\u0159\u00edpad\u011b \u0161lo o pochyben\u00ed rozhod\u010d\u00edch, \u017ee ztr\u00e1ta kola nebyla. Tro\u0161ku jsem to tu\u0161il, ale bylo to v&nbsp;danou chv\u00edli hodn\u011b nep\u0159ehledn\u00e9,\u201c <\/em>prozradil Kadlec.<\/p>\n\n\n\n<figure class=\"wp-block-image size-large\"><img loading=\"lazy\" decoding=\"async\" width=\"1024\" height=\"683\" src=\"https:\/\/www.czechcyclingfederation.com\/wp-content\/uploads\/2024\/08\/030_20240810_JSvoboda_OHPariz-1024x683.jpg\" alt=\"\" class=\"wp-image-31164\" srcset=\"https:\/\/www.czechcyclingfederation.com\/wp-content\/uploads\/2024\/08\/030_20240810_JSvoboda_OHPariz-1024x683.jpg 1024w, https:\/\/www.czechcyclingfederation.com\/wp-content\/uploads\/2024\/08\/030_20240810_JSvoboda_OHPariz-300x200.jpg 300w, https:\/\/www.czechcyclingfederation.com\/wp-content\/uploads\/2024\/08\/030_20240810_JSvoboda_OHPariz-768x512.jpg 768w, https:\/\/www.czechcyclingfederation.com\/wp-content\/uploads\/2024\/08\/030_20240810_JSvoboda_OHPariz-1536x1024.jpg 1536w, https:\/\/www.czechcyclingfederation.com\/wp-content\/uploads\/2024\/08\/030_20240810_JSvoboda_OHPariz-2048x1365.jpg 2048w, https:\/\/www.czechcyclingfederation.com\/wp-content\/uploads\/2024\/08\/030_20240810_JSvoboda_OHPariz-1320x880.jpg 1320w\" sizes=\"auto, (max-width: 1024px) 100vw, 1024px\" \/><\/figure>\n\n\n\n<p>Olympijsk\u00fdmi \u0161ampi\u00f3ny se stali Portugalci Iuri Leitao a Rui Oliveira. St\u0159\u00edbro brali Italov\u00e9 Simone Consonni s Eliou Vivianim, kter\u00e9 v&nbsp;z\u00e1v\u011bru z\u00e1vodu postihl p\u00e1d, t\u0159et\u00ed byli D\u00e1nov\u00e9 Michael M\u00f6rk\u00f6v a Niklas Larsen.<\/p>\n\n\n\n<p><strong>V\u00fdsledku madisonu<\/strong>: 1. Leitao, Oliveira (Portug.) 55 bod\u016f, 2. Consonni, Viviani (It.) 47, 3. Larsen, M\u00f6rk\u00f6v (D\u00e1n.) 41, 4. Gate, Stewart (N. Z\u00e9l.) 33, 5. Imamura, Kuboki (Jap.) 32, 6. Kluge, Reinhardt (N\u011bm.) 23, <strong>7. Vone\u0161, Rugovac <\/strong>(\u010cR) 12.<\/p>\n\n\n\n<p>Foto: Jaroslav Svoboda<\/p>\n","protected":false},"excerpt":{"rendered":"<p>V\u00a0jednu chv\u00edli sahali dokonce po senza\u010dn\u00ed medaili, kdy\u017e se dr\u017eeli na bronzov\u00e9 pozici olympijsk\u00e9ho madisonu. A v\u00a0c\u00edli nejrychlej\u0161\u00edho bodovac\u00edho z\u00e1vodu dvojic v historii se Jan Vone\u0161 a Denis Rugovac radovali ze skv\u011bl\u00e9ho p\u00e1t\u00e9ho m\u00edsta. Ov\u0161em po dodate\u010dn\u00e9m z\u00e1sahu rozhod\u010d\u00edch p\u00e1r minut po z\u00e1vod\u011b a n\u00e1sledn\u00e9 dal\u0161\u00ed korekci v\u00fdsledk\u016f v pozd\u011bj\u0161\u00edch hodin\u00e1ch brali nakonec sedmou p\u0159\u00ed\u010dku. [&hellip;]<\/p>\n","protected":false},"author":15,"featured_media":31156,"comment_status":"closed","ping_status":"open","sticky":false,"template":"","format":"standard","meta":{"footnotes":""},"categories":[2],"tags":[9],"class_list":["post-31155","post","type-post","status-publish","format-standard","has-post-thumbnail","hentry","category-novinky","tag-draha"],"_links":{"self":[{"href":"https:\/\/www.czechcyclingfederation.com\/en\/wp-json\/wp\/v2\/posts\/31155","targetHints":{"allow":["GET"]}}],"collection":[{"href":"https:\/\/www.czechcyclingfederation.com\/en\/wp-json\/wp\/v2\/posts"}],"about":[{"href":"https:\/\/www.czechcyclingfederation.com\/en\/wp-json\/wp\/v2\/types\/post"}],"author":[{"embeddable":true,"href":"https:\/\/www.czechcyclingfederation.com\/en\/wp-json\/wp\/v2\/users\/15"}],"replies":[{"embeddable":true,"href":"https:\/\/www.czechcyclingfederation.com\/en\/wp-json\/wp\/v2\/comments?post=31155"}],"version-history":[{"count":6,"href":"https:\/\/www.czechcyclingfederation.com\/en\/wp-json\/wp\/v2\/posts\/31155\/revisions"}],"predecessor-version":[{"id":31185,"href":"https:\/\/www.czechcyclingfederation.com\/en\/wp-json\/wp\/v2\/posts\/31155\/revisions\/31185"}],"wp:featuredmedia":[{"embeddable":true,"href":"https:\/\/www.czechcyclingfederation.com\/en\/wp-json\/wp\/v2\/media\/31156"}],"wp:attachment":[{"href":"https:\/\/www.czechcyclingfederation.com\/en\/wp-json\/wp\/v2\/media?parent=31155"}],"wp:term":[{"taxonomy":"category","embeddable":true,"href":"https:\/\/www.czechcyclingfederation.com\/en\/wp-json\/wp\/v2\/categories?post=31155"},{"taxonomy":"post_tag","embeddable":true,"href":"https:\/\/www.czechcyclingfederation.com\/en\/wp-json\/wp\/v2\/tags?post=31155"}],"curies":[{"name":"wp","href":"https:\/\/api.w.org\/{rel}","templated":true}]}}