{"id":3106,"date":"2020-12-27T17:41:35","date_gmt":"2020-12-27T16:41:35","guid":{"rendered":"http:\/\/www.czechcyclingfederation.com\/?p=3106"},"modified":"2020-12-27T17:41:35","modified_gmt":"2020-12-27T16:41:35","slug":"van-aert-deklasoval-vsechny-boros-poprve-bodoval","status":"publish","type":"post","link":"https:\/\/www.czechcyclingfederation.com\/en\/van-aert-deklasoval-vsechny-boros-poprve-bodoval\/","title":{"rendered":"Van Aert deklasoval v\u0161echny, Boro\u0161 poprv\u00e9 bodoval"},"content":{"rendered":"\n<p>T\u0159et\u00ed d\u00edl seri\u00e1lu Sv\u011btov\u00e9ho poh\u00e1ru cyklokrosa\u0159\u016f v\u00a0belgick\u00e9m Dendermonde p\u0159inesl v\u00edt\u011bzstv\u00ed Lucind\u011b Brandov\u00e9 z\u00a0Nizozem\u00ed a Woutu van Aertovi z Belgie. Z\u00a0na\u0161ich usp\u011bl pouze Michael Boro\u0161, kter\u00fd obsadil dvaadvac\u00e1tou pozici a poprv\u00e9 letos bodoval, Pavla Havl\u00edkov\u00e1, nejlep\u0161\u00ed z\u00a0na\u0161ich \u017een skon\u010dila na 43. m\u00edst\u011b.<\/p>\n\n\n\n<p>Byl to, jak se \u0159\u00edk\u00e1, tot\u00e1ln\u00ed cyklokros. Zcela podm\u00e1\u010den\u00e1 tra\u0165, obrovsk\u00e9 kalu\u017ee a v\u0161ude bahno. Snad polovinu okruhu z\u00e1vodn\u00edci a z\u00e1vodnice b\u011bhali. Brandov\u00e1 vyhr\u00e1l i pot\u0159et\u00ed, van Aert letos poprv\u00e9 a posunul se do \u010dela seri\u00e1lu. \u017de bude bahno a velice n\u00e1ro\u010dn\u00fd z\u00e1vod se v\u011bd\u011blo, ale o\u010dek\u00e1v\u00e1n\u00ed bylo p\u0159ed\u010deno. Z\u00e1vod prov\u00e1zel d\u00e9\u0161\u0165 a siln\u00fd vichr a ten p\u0159inutil organiz\u00e1tory zru\u0161it&nbsp; c\u00edlovou br\u00e1nu a tak\u00e9 pozm\u011bnit okruh.<\/p>\n\n\n\n<p>\u010ctvrt\u00fd p\u0159\u00edm\u00fd souboj v sezon\u011b svedli dva nejv\u011bt\u0161\u00ed soupe\u0159i a velik\u00e1ni van Aert a Nizozemec Mathie van der Poel. Po des\u00e1t\u00e9m prvenstv\u00ed v z\u00e1vodech Sv\u011btov\u00e9ho poh\u00e1ru van Aert srovnal leto\u0161n\u00ed skore na 2:2 a z\u00e1rove\u0148 ukon\u010dil s\u00e9rii M. van der Poela, kter\u00fd sv\u00fdch patn\u00e1ct posledn\u00edch z\u00e1vod\u016f SP vyhr\u00e1l a po t\u0159ech letech na\u0161el p\u0159emo\u017eitele.<\/p>\n\n\n\n<p>Ve startovn\u00edm poli chyb\u011bl Belgi\u010dan Eli Iserbyt, pro n\u011bho\u017e po v\u010derej\u0161\u00edm p\u00e1du a zlomen\u00e9 ruce v Zolderu nejsp\u00ed\u0161 sezona skon\u010dila. Hned po startu opanovali \u010delo favorit\u00e9 &#8211; M. van der Poel, van Aert, dal\u0161\u00ed Belgi\u010dan\u00e9 Michael Vanthourenhout, Toon Aerts a Quinten Hermans a je\u0161t\u011b v prvn\u00edm kole se tam dot\u00e1hl Brit Thomas Pidcock, Boro\u0161 jel kolem dvac\u00e1t\u00e9 pozice.<\/p>\n\n\n\n<p>Ji\u017e od druh\u00e9ho okruhu z\u016fstal na \u010dele van Aert s\u00e1m s van der Poelem, ale to jen n chv\u00edli. Od t\u0159et\u00edho kola ji\u017e startovn\u00edmu poli jasn\u011b v\u00e9vodil Belgi\u010dan, kter\u00e9mu viditeln\u011b fyzicky n\u00e1ro\u010dn\u00e1 tra\u0165 v\u00edce vyhovovala ne\u017e techni\u010dt\u011bj\u0161\u00edmu van der Poelovi. V c\u00edli kola ji\u017e m\u011bl k dobru p\u016fl minuty, jel neust\u00e1le naplno a ka\u017ed\u00fdm \u0161l\u00e1pnut\u00edm n\u00e1skok navy\u0161oval. Van Aert jel strojov\u011b a vyhr\u00e1l&nbsp; obrovsk\u00fdm n\u00e1skokem 2:49, t\u0159et\u00ed m\u00edsto vyv\u00e1l\u010dil dobr\u00fdm z\u00e1v\u011brem Toon Aerts. Boro\u0161 projel c\u00edlem na 22. M\u00edst\u011b.<\/p>\n\n\n\n<p>&#8220;Byl to masakr, boj o p\u0159e\u017eit\u00ed. Abych \u0159ekl, tak podobn\u00e9 to snad bylo jen na mistrovstv\u00ed sv\u011bta ve Valkenburgu. Kone\u010dn\u011b jsem bodoval, c\u00edt\u00edm se l\u00e9pe a z\u00e1vod od z\u00e1vodu je to lep\u0161\u00ed. V\u00edce jsem z toho nevym\u00e1\u010dkl, nechal jsem tam v\u0161echno,&#8221; \u0159ekl Michael Boro\u0161.<\/p>\n\n\n\n<p>Na \u010dele z\u00e1vodu \u017een se tradi\u010dn\u011b hned po startu usadily p\u0159edev\u0161\u00edm favorizovan\u00e9 Nizozemky Lucinda Brandov\u00e1, Denise Betsemaov\u00e1, op\u011bt tak\u00e9 mlad\u00e1 Ma\u010farka Blanka Kata Vasov\u00e1, ze druh\u00e9 des\u00edtky se rychle posunula mezi nejlep\u0161\u00ed mistryn\u011b sv\u011bta Ceylin del Carmen Alvaradov\u00e1 (Niz.). Z na\u0161ich z\u00e1vodnic nejl\u00e9pe odstartovala Pavla Havl\u00edkov\u00e1, kter\u00e1 jela v \u00favodu t\u0159et\u00ed des\u00edtky, ale bylo jasn\u00e9, \u017ee jej\u00edmu stylu z\u00e1vod\u011bn\u00ed podklad vyhovovat nebude, zbyl\u00e9 \u010desk\u00e9 trio z\u00e1vodnic kategorie U23 Tereza Van\u00ed\u010dkov\u00e1, Tereza \u0160vih\u00e1lkov\u00e1 a Elizabet Ungermanov\u00e1 bylo o dal\u0161\u00edch deset m\u00edst zp\u011bt.<\/p>\n\n\n\n<p>Stejn\u011b jako p\u0159ed t\u00fddnem v Zolderu se z hloubi pole posouvala kup\u0159edu americk\u00e1 \u0161ampionka&nbsp; Clara Honzingerov\u00e1. V c\u00edli druh\u00e9ho kola vedla Alvaradov\u00e1 o deset vte\u0159in, ale Brandov\u00e1 se na ni dot\u00e1hla v \u00favodu druh\u00e9ho dkola, Honsingerov\u00e1 ji\u017e jezdila na t\u0159et\u00ed pozici a tak\u00e9 se rozjela Sanne&nbsp; Cantov\u00e1 z Belgii. Ji\u017e p\u0159ed n\u00e1jezdem do z\u00e1v\u011bre\u010dn\u00e9ho \u010dtvrt\u00e9ho kola ale op\u011bt jela osamocena na \u010dele Brandov\u00e1 a s p\u0159ehledem si jela ve pro t\u0159et\u00ed triumf. Alvaradovou si dojela Honsingerov\u00e1 a uk\u00e1zala, \u017ee druh\u00e9 m\u00edsto z Zolderu nebylo n\u00e1hodn\u00e9 a dnes jej zopakovala. Druhou polovinu z\u00e1vodu m\u011bla skv\u011blou dal\u0161\u00ed Nizozemka Fem van Empel, kter\u00e1 se nakonec probojovala na \u010dtvrt\u00e9 m\u00edsto a vybojovala sv\u016fj \u017eivotn\u00ed v\u00fdsledek.<\/p>\n\n\n\n<p>&#8220;J\u00e1 vid\u011bla jen bl\u00e1to. Bylo to extr\u00e9mn\u011b n\u00e1ro\u010dn\u00e9, p\u016fl z\u00e1vodu jsme b\u011b\u017eely a p\u016fl jely, n\u011bco takov\u00e9ho dlouho neabsolvovala. V ka\u017ed\u00e9m kole se tra\u0165 rozj\u00ed\u017ed\u011bla a p\u0159ib\u00fdvalo vody. Jen ten z\u00e1vod objet bylo docela hrdinstv\u00ed. Ve v\u011btru byla nav\u00edc hrozn\u00e1 zima. Spokojen\u00e1 asi nejsme, ale ani ji\u017e na v\u00edce myslet nemohu,&#8221; p\u0159iznala Pavla Havl\u00edkov\u00e1.<\/p>\n\n\n\n<p>V\u00fdsledky:<\/p>\n\n\n\n<p>\u017deny:<\/p>\n\n\n\n<p>1. Brandov\u00e1 (Niz.) 45:27, 2. Honsingerov\u00e1 (USA) +15, 3. Alvaradov\u00e1 +24, 4. van Empelov\u00e1 +40, 5. Worstov\u00e1 (v\u0161echny Niz.) + 45, 6. Cantov\u00e1 (Belg.) +48, &#8230;43. Havl\u00edkov\u00e1 +7:31, 55. Ungermanov\u00e1 +10:21, 56. Van\u00ed\u010dkov\u00e1 10:33, 57. \u0160vihl\u00e1kov\u00e1 (v\u0161echny \u010cR) +11:42.<\/p>\n\n\n\n<p>Po\u0159ad\u00ed po t\u0159ech z\u00e1vodech:<\/p>\n\n\n\n<p>1. Brandov\u00e1 120, 2. Alvaradov\u00e1 77, 3. Betsemaov\u00e1 68, 4, Vasov\u00e1 (Ma\u010f.) 62, 5. Honsingerov\u00e1 60, 6. Cantov\u00e1 48.<\/p>\n\n\n\n<p>Mu\u017ei:<\/p>\n\n\n\n<p>1. van Aert (Belg.) 1:06:10, 2. M. van der Poel (Niz.) +2:49, 3. Toon Aerts +3:06, 4. M. Vanthourenhot +3:42, 5. L. Sweeck (v\u0161ichni Belg.) +3:58, 6. van Kessel (Niz.) +4:14, &#8230;22. Boro\u0161 +8:29, 55. Van\u00ed\u010dek, 57. \u0158\u00edman (v\u0161ichni \u010cR) oba -2 kola.<\/p>\n\n\n\n<p>Po\u0159ad\u00ed po t\u0159ech z\u00e1vodech:<\/p>\n\n\n\n<p>1. van Aert 95, 2. M. Vanthourenhout 84, 3. M. van der Poel 70, 4. Toon Aerts 66, 5. Hermans (Belg.) 59, 6. van Kessel 57, &#8230;40. Boro\u0161 3.<\/p>\n\n\n\n<p>FOTO Petr Dlask<\/p>\n\n\n\n<figure class=\"wp-block-image size-large\"><img loading=\"lazy\" decoding=\"async\" width=\"768\" height=\"1024\" src=\"https:\/\/www.czechcyclingfederation.com\/wp-content\/uploads\/2020\/12\/Havl\u00edkov\u00e1-IMG-20201227-WA0007.jpg\" alt=\"\" class=\"wp-image-3108\" srcset=\"https:\/\/www.czechcyclingfederation.com\/wp-content\/uploads\/2020\/12\/Havl\u00edkov\u00e1-IMG-20201227-WA0007.jpg 768w, https:\/\/www.czechcyclingfederation.com\/wp-content\/uploads\/2020\/12\/Havl\u00edkov\u00e1-IMG-20201227-WA0007-150x200.jpg 150w\" sizes=\"auto, (max-width: 768px) 100vw, 768px\" \/><\/figure>\n","protected":false},"excerpt":{"rendered":"<p>T\u0159et\u00ed d\u00edl seri\u00e1lu Sv\u011btov\u00e9ho poh\u00e1ru cyklokrosa\u0159\u016f v\u00a0belgick\u00e9m Dendermonde p\u0159inesl v\u00edt\u011bzstv\u00ed Lucind\u011b Brandov\u00e9 z\u00a0Nizozem\u00ed a Woutu van Aertovi z Belgie. Z\u00a0na\u0161ich usp\u011bl pouze Michael Boro\u0161, kter\u00fd obsadil dvaadvac\u00e1tou pozici a poprv\u00e9 letos bodoval, Pavla Havl\u00edkov\u00e1, nejlep\u0161\u00ed z\u00a0na\u0161ich \u017een skon\u010dila na 43. m\u00edst\u011b. Byl to, jak se \u0159\u00edk\u00e1, tot\u00e1ln\u00ed cyklokros. Zcela podm\u00e1\u010den\u00e1 tra\u0165, obrovsk\u00e9 kalu\u017ee a v\u0161ude [&hellip;]<\/p>\n","protected":false},"author":8,"featured_media":3107,"comment_status":"closed","ping_status":"open","sticky":false,"template":"","format":"standard","meta":{"footnotes":""},"categories":[58,2],"tags":[59],"class_list":["post-3106","post","type-post","status-publish","format-standard","has-post-thumbnail","hentry","category-cyklokros","category-novinky","tag-cyklokros"],"_links":{"self":[{"href":"https:\/\/www.czechcyclingfederation.com\/en\/wp-json\/wp\/v2\/posts\/3106","targetHints":{"allow":["GET"]}}],"collection":[{"href":"https:\/\/www.czechcyclingfederation.com\/en\/wp-json\/wp\/v2\/posts"}],"about":[{"href":"https:\/\/www.czechcyclingfederation.com\/en\/wp-json\/wp\/v2\/types\/post"}],"author":[{"embeddable":true,"href":"https:\/\/www.czechcyclingfederation.com\/en\/wp-json\/wp\/v2\/users\/8"}],"replies":[{"embeddable":true,"href":"https:\/\/www.czechcyclingfederation.com\/en\/wp-json\/wp\/v2\/comments?post=3106"}],"version-history":[{"count":1,"href":"https:\/\/www.czechcyclingfederation.com\/en\/wp-json\/wp\/v2\/posts\/3106\/revisions"}],"predecessor-version":[{"id":3109,"href":"https:\/\/www.czechcyclingfederation.com\/en\/wp-json\/wp\/v2\/posts\/3106\/revisions\/3109"}],"wp:featuredmedia":[{"embeddable":true,"href":"https:\/\/www.czechcyclingfederation.com\/en\/wp-json\/wp\/v2\/media\/3107"}],"wp:attachment":[{"href":"https:\/\/www.czechcyclingfederation.com\/en\/wp-json\/wp\/v2\/media?parent=3106"}],"wp:term":[{"taxonomy":"category","embeddable":true,"href":"https:\/\/www.czechcyclingfederation.com\/en\/wp-json\/wp\/v2\/categories?post=3106"},{"taxonomy":"post_tag","embeddable":true,"href":"https:\/\/www.czechcyclingfederation.com\/en\/wp-json\/wp\/v2\/tags?post=3106"}],"curies":[{"name":"wp","href":"https:\/\/api.w.org\/{rel}","templated":true}]}}