{"id":31053,"date":"2024-08-04T08:53:54","date_gmt":"2024-08-04T06:53:54","guid":{"rendered":"https:\/\/www.czechcyclingfederation.com\/?p=31053"},"modified":"2024-08-05T06:56:10","modified_gmt":"2024-08-05T04:56:10","slug":"mistry-cr-v-gravelu-se-stali-stosek-a-zemanova","status":"publish","type":"post","link":"https:\/\/www.czechcyclingfederation.com\/en\/mistry-cr-v-gravelu-se-stali-stosek-a-zemanova\/","title":{"rendered":"Mistry \u010cR v gravelu se stali Sto\u0161ek a Zemanov\u00e1"},"content":{"rendered":"\n<p>Leto\u0161n\u00edmi \u010desk\u00fdmi mistry v gravelu se stali v Hlinsku Krist\u00fdna Zemanov\u00e1 (Brilon Racing team MB) a mezi mu\u017ei Martin Sto\u0161ek v barv\u00e1ch celku Canyon Sidi MTB. V Hlinsku to byl z\u00e1rove\u0148 t\u0159et\u00ed z\u00e1vod seri\u00e1lu Gravel Bohemia Cup. Z\u00e1vod juniorek ovl\u00e1dla Kate\u0159ina Doud\u011brov\u00e1 (BB COM cycling team) a junior\u016fm kraloval David Friedel z Ostra-Multicraft \u010celadn\u00e1.<\/p>\n\n\n\n<p>Po\u0159adatel\u00e9 p\u0159ipravili t\u011b\u017ekou, ale\u00a0 moc hezkou a zaj\u00edmavou tra\u0165, kter\u00e1 m\u011b\u0159ila osmdes\u00e1t kilometr\u016f s p\u0159ev\u00fd\u0161en\u00edm p\u0159es tis\u00edc metr\u016f. Za p\u0159edev\u0161\u00edm cyklokrosa\u0159skou Zemanovou dojela pro st\u0159\u00edbrn\u00fd stupe\u0148 bikerka Jitka \u010c\u00e1belick\u00e1 (GAPP System &#8211; Kolofix MTB racing team) a bronz brala veter\u00e1nka Kate\u0159ina Nash (Specialized\/Clif Family Foudation), kter\u00e1 ji\u017e profesion\u00e1ln\u00ed dr\u00e1hu v cyklokrosu a na horsk\u00fdch kolech opustila, ale d\u00e1l z\u00e1vod\u00ed p\u0159edev\u0161\u00edm v USA, kde v\u011bt\u0161inu roku \u017eije.<\/p>\n\n\n\n<figure class=\"wp-block-image size-large\"><img loading=\"lazy\" decoding=\"async\" width=\"1024\" height=\"683\" src=\"https:\/\/www.czechcyclingfederation.com\/wp-content\/uploads\/2024\/08\/MCR-Gravel-Hlinsko-2024-web1_04-1024x683.jpg\" alt=\"\" class=\"wp-image-31064\" srcset=\"https:\/\/www.czechcyclingfederation.com\/wp-content\/uploads\/2024\/08\/MCR-Gravel-Hlinsko-2024-web1_04-1024x683.jpg 1024w, https:\/\/www.czechcyclingfederation.com\/wp-content\/uploads\/2024\/08\/MCR-Gravel-Hlinsko-2024-web1_04-300x200.jpg 300w, https:\/\/www.czechcyclingfederation.com\/wp-content\/uploads\/2024\/08\/MCR-Gravel-Hlinsko-2024-web1_04-768x512.jpg 768w, https:\/\/www.czechcyclingfederation.com\/wp-content\/uploads\/2024\/08\/MCR-Gravel-Hlinsko-2024-web1_04-1536x1024.jpg 1536w, https:\/\/www.czechcyclingfederation.com\/wp-content\/uploads\/2024\/08\/MCR-Gravel-Hlinsko-2024-web1_04-1320x880.jpg 1320w, https:\/\/www.czechcyclingfederation.com\/wp-content\/uploads\/2024\/08\/MCR-Gravel-Hlinsko-2024-web1_04.jpg 1600w\" sizes=\"auto, (max-width: 1024px) 100vw, 1024px\" \/><\/figure>\n\n\n\n<p>Mezi mu\u017ei vyhr\u00e1l pom\u011brn\u011b p\u0159esv\u011bd\u010div\u011b s n\u00e1skokem t\u00e9m\u011b\u0159 \u010dty\u0159 minut medailista z maratonsk\u00e9ho sv\u011btov\u00e9ho \u0161ampion\u00e1tu na horsk\u00fdch kolech Martin Sto\u0161ek (Canyon Sidi MTB). Pro st\u0159\u00edbro si dojel Karel Hn\u00edk (D2mont &#8211; Merida) a t\u0159et\u00ed projel c\u00edlovou p\u00e1skou b\u00fdval\u00fd vnikaj\u00edc\u00ed silni\u010d\u00e1\u0159, kter\u00fd se nyn\u00ed zcela zam\u011b\u0159uje na tuto discipl\u00ednu, Petr Vako\u010d z Canyon Integray L27.<\/p>\n\n\n\n<figure class=\"wp-block-image size-large\"><img loading=\"lazy\" decoding=\"async\" width=\"1024\" height=\"683\" src=\"https:\/\/www.czechcyclingfederation.com\/wp-content\/uploads\/2024\/08\/MCR-Gravel-Hlinsko-2024-web1_05-1024x683.jpg\" alt=\"\" class=\"wp-image-31066\" srcset=\"https:\/\/www.czechcyclingfederation.com\/wp-content\/uploads\/2024\/08\/MCR-Gravel-Hlinsko-2024-web1_05-1024x683.jpg 1024w, https:\/\/www.czechcyclingfederation.com\/wp-content\/uploads\/2024\/08\/MCR-Gravel-Hlinsko-2024-web1_05-300x200.jpg 300w, https:\/\/www.czechcyclingfederation.com\/wp-content\/uploads\/2024\/08\/MCR-Gravel-Hlinsko-2024-web1_05-768x512.jpg 768w, https:\/\/www.czechcyclingfederation.com\/wp-content\/uploads\/2024\/08\/MCR-Gravel-Hlinsko-2024-web1_05-1536x1024.jpg 1536w, https:\/\/www.czechcyclingfederation.com\/wp-content\/uploads\/2024\/08\/MCR-Gravel-Hlinsko-2024-web1_05-1320x880.jpg 1320w, https:\/\/www.czechcyclingfederation.com\/wp-content\/uploads\/2024\/08\/MCR-Gravel-Hlinsko-2024-web1_05.jpg 1600w\" sizes=\"auto, (max-width: 1024px) 100vw, 1024px\" \/><\/figure>\n\n\n\n<p><strong>V\u00fdsledky &#8211; mu\u017ei: <\/strong>1. Sto\u0161ek (Canyon Sidi MTB) 2:22:20, 2. Hn\u00edk (D2mont &#8211; Merida) +3:56, 3. Vako\u010d (Canyon Integray L27) +4:04, 4. Bart\u016f\u0161ek (\u010cesk\u00e1 Spo\u0159itelna &#8211; Accolade) +6:03, 5. Mayer (KC Hlinsko) +5:29, 6. Rajchart (Bike Team Stupno) +7:56.<\/p>\n\n\n\n<p><strong>\u017deny: <\/strong>1. Zemanov\u00e1 (Brilon Racing team MB) 2:42:41, 2. \u010c\u00e1belick\u00e1 (GAPP System &#8211; Kolofix MTB racing team) +5:34, 3. Nash (Specialized\/Clif Family Foudation) +11:25, 4. L\u00f6ffelmann (\u010cesk\u00e1 Spo\u0159itelna &#8211; Accolade) +12:26, 5. Czeczinkarov\u00e1 (Elmtrade racing team) +17:40, 6. Vor\u00e1\u010dov\u00e1 (KCK Force Zl\u00edn) +20:04.<\/p>\n\n\n\n<p><strong>Junio\u0159i: <\/strong>1. Friedel (Ostra-Multicraft \u010celadn\u00e1) 2:37:40, 2. Lienert (Rexonix Kovo Praha) +1:28, 3. Najser (Ostra-Multicraft \u010celadn\u00e1) +2:09.<\/p>\n\n\n\n<p><strong>Juniorky: <\/strong>1. Doud\u011brov\u00e1 (BB COM cycling team) 2:55:44, 2. Vikov\u00e1 (Dukla Praha) +8:04, 3. Lehk\u00e1 (BB COM cycling team) +10:02.<\/p>\n\n\n\n<figure class=\"wp-block-image size-large\"><img loading=\"lazy\" decoding=\"async\" width=\"1024\" height=\"683\" src=\"http:\/\/www.czechcyclingfederation.com\/wp-content\/uploads\/2024\/08\/Zeny-stupne-MCR-Gravel-Hlinsko-2024-web1_19-1024x683.jpg\" alt=\"\" class=\"wp-image-31062\" srcset=\"https:\/\/www.czechcyclingfederation.com\/wp-content\/uploads\/2024\/08\/Zeny-stupne-MCR-Gravel-Hlinsko-2024-web1_19-1024x683.jpg 1024w, https:\/\/www.czechcyclingfederation.com\/wp-content\/uploads\/2024\/08\/Zeny-stupne-MCR-Gravel-Hlinsko-2024-web1_19-300x200.jpg 300w, https:\/\/www.czechcyclingfederation.com\/wp-content\/uploads\/2024\/08\/Zeny-stupne-MCR-Gravel-Hlinsko-2024-web1_19-768x512.jpg 768w, https:\/\/www.czechcyclingfederation.com\/wp-content\/uploads\/2024\/08\/Zeny-stupne-MCR-Gravel-Hlinsko-2024-web1_19-1536x1024.jpg 1536w, https:\/\/www.czechcyclingfederation.com\/wp-content\/uploads\/2024\/08\/Zeny-stupne-MCR-Gravel-Hlinsko-2024-web1_19-1320x880.jpg 1320w, https:\/\/www.czechcyclingfederation.com\/wp-content\/uploads\/2024\/08\/Zeny-stupne-MCR-Gravel-Hlinsko-2024-web1_19.jpg 1600w\" sizes=\"auto, (max-width: 1024px) 100vw, 1024px\" \/><\/figure>\n\n\n\n<p>FOTO Milo\u0161 Lubas<\/p>\n","protected":false},"excerpt":{"rendered":"<p>Leto\u0161n\u00edmi \u010desk\u00fdmi mistry v gravelu se stali v Hlinsku Krist\u00fdna Zemanov\u00e1 (Brilon Racing team MB) a mezi mu\u017ei Martin Sto\u0161ek v barv\u00e1ch celku Canyon Sidi MTB. V Hlinsku to byl z\u00e1rove\u0148 t\u0159et\u00ed z\u00e1vod seri\u00e1lu Gravel Bohemia Cup. Z\u00e1vod juniorek ovl\u00e1dla Kate\u0159ina Doud\u011brov\u00e1 (BB COM cycling team) a junior\u016fm kraloval David Friedel z Ostra-Multicraft \u010celadn\u00e1. Po\u0159adatel\u00e9 [&hellip;]<\/p>\n","protected":false},"author":8,"featured_media":31059,"comment_status":"closed","ping_status":"open","sticky":false,"template":"","format":"standard","meta":{"footnotes":""},"categories":[421,2],"tags":[196],"class_list":["post-31053","post","type-post","status-publish","format-standard","has-post-thumbnail","hentry","category-gravel","category-novinky","tag-gravel"],"_links":{"self":[{"href":"https:\/\/www.czechcyclingfederation.com\/en\/wp-json\/wp\/v2\/posts\/31053","targetHints":{"allow":["GET"]}}],"collection":[{"href":"https:\/\/www.czechcyclingfederation.com\/en\/wp-json\/wp\/v2\/posts"}],"about":[{"href":"https:\/\/www.czechcyclingfederation.com\/en\/wp-json\/wp\/v2\/types\/post"}],"author":[{"embeddable":true,"href":"https:\/\/www.czechcyclingfederation.com\/en\/wp-json\/wp\/v2\/users\/8"}],"replies":[{"embeddable":true,"href":"https:\/\/www.czechcyclingfederation.com\/en\/wp-json\/wp\/v2\/comments?post=31053"}],"version-history":[{"count":4,"href":"https:\/\/www.czechcyclingfederation.com\/en\/wp-json\/wp\/v2\/posts\/31053\/revisions"}],"predecessor-version":[{"id":31091,"href":"https:\/\/www.czechcyclingfederation.com\/en\/wp-json\/wp\/v2\/posts\/31053\/revisions\/31091"}],"wp:featuredmedia":[{"embeddable":true,"href":"https:\/\/www.czechcyclingfederation.com\/en\/wp-json\/wp\/v2\/media\/31059"}],"wp:attachment":[{"href":"https:\/\/www.czechcyclingfederation.com\/en\/wp-json\/wp\/v2\/media?parent=31053"}],"wp:term":[{"taxonomy":"category","embeddable":true,"href":"https:\/\/www.czechcyclingfederation.com\/en\/wp-json\/wp\/v2\/categories?post=31053"},{"taxonomy":"post_tag","embeddable":true,"href":"https:\/\/www.czechcyclingfederation.com\/en\/wp-json\/wp\/v2\/tags?post=31053"}],"curies":[{"name":"wp","href":"https:\/\/api.w.org\/{rel}","templated":true}]}}