{"id":31035,"date":"2024-08-03T18:22:38","date_gmt":"2024-08-03T16:22:38","guid":{"rendered":"https:\/\/www.czechcyclingfederation.com\/?p=31035"},"modified":"2024-08-03T19:47:37","modified_gmt":"2024-08-03T17:47:37","slug":"mathias-vacek-v-parizi-ctrnacty-vybojoval-ceske-maximum","status":"publish","type":"post","link":"https:\/\/www.czechcyclingfederation.com\/en\/mathias-vacek-v-parizi-ctrnacty-vybojoval-ceske-maximum\/","title":{"rendered":"Mathias Vacek v Pa\u0159\u00ed\u017ei \u010dtrn\u00e1ct\u00fd! Vybojoval \u010desk\u00e9 maximum"},"content":{"rendered":"\n<p>Skv\u011bl\u00fd v\u00fdkon p\u0159edvedl Mathias Vacek v hromadn\u00e9m z\u00e1vod\u011b na olympijsk\u00fdch hr\u00e1ch v Pa\u0159\u00ed\u017ei! Na trase dlouh\u00e9 272 kilometr\u016f vybojoval \u010dtrn\u00e1ct\u00e9 m\u00edsto. Nav\u00e1zal tak na jeden\u00e1ctou pozici z \u010dasovky! V\u00edt\u011bzem z\u00e1vodu se stal Belgi\u010dan Remco Evenepoel, kter\u00fd si po \u010dasovce p\u0159ipsal druh\u00e9 zlato.<\/p>\n\n\n\n<p>Mathias Vacek u\u017e p\u0159ed z\u00e1vodem avizoval, \u017ee nechce b\u00fdt v pelotonu jen do po\u010dtu. &#8220;C\u00edt\u00edm se skv\u011ble. Douf\u00e1m, \u017ee budu schopn\u00fd bojovat o nejvy\u0161\u0161\u00ed p\u0159\u00ed\u010dky, ide\u00e1ln\u011b o medaili,&#8221; vyznal se dvaadvacetilet\u00fd reprezentant.<\/p>\n\n\n\n<p>N\u00e1sledn\u011b odvedl skv\u011bl\u00fd v\u00fdkon. Dr\u017eel se s p\u0159ehledem v hlavn\u00edm poli. Kdy\u017e m\u011bli z\u00e1vodn\u00edci v noh\u00e1ch dv\u011b st\u011b kilometr\u016f, byl Mathias Vacek hodn\u011b aktivn\u00ed. N\u011bkolikr\u00e1t se pokou\u0161el nasko\u010dit do \u00faniku, ale skupinky, v nich\u017e se pohyboval, byly v\u017edy dosti\u017eeny.<\/p>\n\n\n\n<figure class=\"wp-block-image size-large\"><img loading=\"lazy\" decoding=\"async\" width=\"1024\" height=\"683\" src=\"http:\/\/www.czechcyclingfederation.com\/wp-content\/uploads\/2024\/08\/mathias-vacek-start-michal-cerveny-pariz-2024-1024x683.jpeg\" alt=\"\" class=\"wp-image-31031\" srcset=\"https:\/\/www.czechcyclingfederation.com\/wp-content\/uploads\/2024\/08\/mathias-vacek-start-michal-cerveny-pariz-2024-1024x683.jpeg 1024w, https:\/\/www.czechcyclingfederation.com\/wp-content\/uploads\/2024\/08\/mathias-vacek-start-michal-cerveny-pariz-2024-300x200.jpeg 300w, https:\/\/www.czechcyclingfederation.com\/wp-content\/uploads\/2024\/08\/mathias-vacek-start-michal-cerveny-pariz-2024-768x512.jpeg 768w, https:\/\/www.czechcyclingfederation.com\/wp-content\/uploads\/2024\/08\/mathias-vacek-start-michal-cerveny-pariz-2024-1536x1025.jpeg 1536w, https:\/\/www.czechcyclingfederation.com\/wp-content\/uploads\/2024\/08\/mathias-vacek-start-michal-cerveny-pariz-2024-1320x880.jpeg 1320w\" sizes=\"auto, (max-width: 1024px) 100vw, 1024px\" \/><\/figure>\n\n\n\n<p>&#8220;Byl to velice t\u011b\u017ek\u00fd z\u00e1vod. Na za\u010d\u00e1tku odjela skupina z\u00e1vodn\u00edk\u016f, kte\u0159\u00ed nebyli tak siln\u00ed. T\u00fdmy Belgie, D\u00e1nska a Nizozemska pr\u016fb\u011bh kontrolovaly. U\u017e v n\u00e1jezdu na okruhy se za\u010dalo z\u00e1vodit, vytv\u00e1\u0159ely se men\u0161\u00ed skupiny. Musel jsem jet takticky, rozv\u00e1\u017en\u011b a nepl\u00fdtvat silami. Nemohl jsem b\u00fdt v ka\u017ed\u00e9m n\u00e1stupu. N\u011bkdy m\u00e1 \u010dlov\u011bk \u0161t\u011bst\u00ed, \u017ee chyt\u00ed spr\u00e1vnou skupinu,&#8221; rekapituloval pr\u016fb\u011bh z\u00e1vodu Mathias Vacek.<\/p>\n\n\n\n<p>&#8220;Dok\u00e1zal jsem z hlavn\u00edho pole odjet s Attilou Valtrem a Tomsem Skujin\u0161em, ale v posledn\u00edm stoup\u00e1n\u00ed na Montmartre mi tro\u0161ku do\u0161ly s\u00edly. Nicm\u00e9n\u011b jsem se dok\u00e1zal chytit skupiny s Woutem van Aertem, Thomasem Pidcockem a Mathieu van der Poelem,&#8221; popsal dramatick\u00fd z\u00e1v\u011br \u010desk\u00fd reprezentant.<\/p>\n\n\n\n<figure class=\"wp-block-image size-large\"><img loading=\"lazy\" decoding=\"async\" width=\"1024\" height=\"683\" src=\"http:\/\/www.czechcyclingfederation.com\/wp-content\/uploads\/2024\/08\/mathias-vacek-pariz-2-michal-cerveny-1024x683.jpeg\" alt=\"\" class=\"wp-image-31043\" srcset=\"https:\/\/www.czechcyclingfederation.com\/wp-content\/uploads\/2024\/08\/mathias-vacek-pariz-2-michal-cerveny-1024x683.jpeg 1024w, https:\/\/www.czechcyclingfederation.com\/wp-content\/uploads\/2024\/08\/mathias-vacek-pariz-2-michal-cerveny-300x200.jpeg 300w, https:\/\/www.czechcyclingfederation.com\/wp-content\/uploads\/2024\/08\/mathias-vacek-pariz-2-michal-cerveny-768x512.jpeg 768w, https:\/\/www.czechcyclingfederation.com\/wp-content\/uploads\/2024\/08\/mathias-vacek-pariz-2-michal-cerveny-1536x1025.jpeg 1536w, https:\/\/www.czechcyclingfederation.com\/wp-content\/uploads\/2024\/08\/mathias-vacek-pariz-2-michal-cerveny-1320x881.jpeg 1320w, https:\/\/www.czechcyclingfederation.com\/wp-content\/uploads\/2024\/08\/mathias-vacek-pariz-2-michal-cerveny.jpeg 1809w\" sizes=\"auto, (max-width: 1024px) 100vw, 1024px\" \/><\/figure>\n\n\n\n<p>\u010ctrn\u00e1ct\u00e9 m\u00edsto znamen\u00e1 nejlep\u0161\u00ed v\u00fdsledek \u010desk\u00e9ho silni\u010dn\u00edho cyklisty v historii olympijsk\u00fdch her. Maximum v hromadn\u00e9m z\u00e1vod\u011b dosud dr\u017eel Roman Kreuziger, kter\u00fd dojel v Lond\u00fdn\u011b patn\u00e1ct\u00fd! &#8220;Jsem s v\u00fdkonem i v\u00fdsledkem v Pa\u0159\u00ed\u017ei spokojen\u00fd. \u010ctrn\u00e1ct\u00e9 m\u00edsto je p\u011bkn\u00e9,&#8221; hodnotil Mathias Vacek.<\/p>\n\n\n\n<p class=\"has-medium-font-size\"><strong>Evenepoel m\u00e1 double<\/strong><\/p>\n\n\n\n<p>Cyklist\u00e9 po startu, kter\u00fd obstaral slovensk\u00fd fenom\u00e9n Peter Sagan, zam\u00ed\u0159ili na Versailles, n\u00e1sledoval okruh z\u00e1padn\u011b od Pa\u0159\u00ed\u017ee. Kdy\u017e peloton urazil dv\u011b st\u011b kilometr\u016f, absolvoval je\u0161t\u011b t\u00e9m\u011b\u0159 t\u0159i okruhy ve francouzsk\u00e9 metropoli, kde bylo kl\u00ed\u010dov\u00e9 stoup\u00e1n\u00ed k bazilice Sacr\u00e9-Coeur do Montmartre.<\/p>\n\n\n\n<p>Pr\u00e1v\u011b tam patn\u00e1ct kilometr\u016f p\u0159ed c\u00edlem nastoupil Remco Evenepoel, kter\u00fd v dan\u00fd okam\u017eik jel ve dvojici s Francouzem Valentinem Madouasem. O dvaadvacet kilometr\u016f d\u0159\u00edve tito dva uprchli ze skupiny hlavn\u00edch aspirant\u016f na v\u00edt\u011bzstv\u00ed.<\/p>\n\n\n\n<p>P\u0159esto\u017ee m\u011bl Remco Evenepoel necel\u00e9 \u010dty\u0159i kilometry p\u0159ed c\u00edlem defekt, jeho n\u00e1skok byl natolik komfortn\u00ed, \u017ee o zlato nep\u0159i\u0161el. Jako prvn\u00ed mu\u017e historie tak z\u00edskal na jedn\u011bch olympijsk\u00fdch hr\u00e1ch nejcenn\u011bj\u0161\u00ed medaili z \u010dasovky i hromadn\u00e9ho z\u00e1vodu<\/p>\n\n\n\n<p><strong>Kone\u010dn\u00e9 po\u0159ad\u00ed <\/strong>(272 km): 1. Evenepoel (Bel.) 6:19:34 hod., 2. Madouas (Fr.) +1:11 min., 3. Laporte (Fr.) +1:16 min., 14. <strong>Vacek <\/strong>(\u010cR) +1:51 min.<\/p>\n\n\n\n<p>Foto: Michal \u010cerven\u00fd<\/p>\n","protected":false},"excerpt":{"rendered":"<p>Skv\u011bl\u00fd v\u00fdkon p\u0159edvedl Mathias Vacek v hromadn\u00e9m z\u00e1vod\u011b na olympijsk\u00fdch hr\u00e1ch v Pa\u0159\u00ed\u017ei! Na trase dlouh\u00e9 272 kilometr\u016f vybojoval \u010dtrn\u00e1ct\u00e9 m\u00edsto. Nav\u00e1zal tak na jeden\u00e1ctou pozici z \u010dasovky! V\u00edt\u011bzem z\u00e1vodu se stal Belgi\u010dan Remco Evenepoel, kter\u00fd si po \u010dasovce p\u0159ipsal druh\u00e9 zlato. Mathias Vacek u\u017e p\u0159ed z\u00e1vodem avizoval, \u017ee nechce b\u00fdt v pelotonu jen do [&hellip;]<\/p>\n","protected":false},"author":30,"featured_media":31029,"comment_status":"closed","ping_status":"open","sticky":false,"template":"","format":"standard","meta":{"footnotes":""},"categories":[2],"tags":[11],"class_list":["post-31035","post","type-post","status-publish","format-standard","has-post-thumbnail","hentry","category-novinky","tag-silnice"],"_links":{"self":[{"href":"https:\/\/www.czechcyclingfederation.com\/en\/wp-json\/wp\/v2\/posts\/31035","targetHints":{"allow":["GET"]}}],"collection":[{"href":"https:\/\/www.czechcyclingfederation.com\/en\/wp-json\/wp\/v2\/posts"}],"about":[{"href":"https:\/\/www.czechcyclingfederation.com\/en\/wp-json\/wp\/v2\/types\/post"}],"author":[{"embeddable":true,"href":"https:\/\/www.czechcyclingfederation.com\/en\/wp-json\/wp\/v2\/users\/30"}],"replies":[{"embeddable":true,"href":"https:\/\/www.czechcyclingfederation.com\/en\/wp-json\/wp\/v2\/comments?post=31035"}],"version-history":[{"count":5,"href":"https:\/\/www.czechcyclingfederation.com\/en\/wp-json\/wp\/v2\/posts\/31035\/revisions"}],"predecessor-version":[{"id":31052,"href":"https:\/\/www.czechcyclingfederation.com\/en\/wp-json\/wp\/v2\/posts\/31035\/revisions\/31052"}],"wp:featuredmedia":[{"embeddable":true,"href":"https:\/\/www.czechcyclingfederation.com\/en\/wp-json\/wp\/v2\/media\/31029"}],"wp:attachment":[{"href":"https:\/\/www.czechcyclingfederation.com\/en\/wp-json\/wp\/v2\/media?parent=31035"}],"wp:term":[{"taxonomy":"category","embeddable":true,"href":"https:\/\/www.czechcyclingfederation.com\/en\/wp-json\/wp\/v2\/categories?post=31035"},{"taxonomy":"post_tag","embeddable":true,"href":"https:\/\/www.czechcyclingfederation.com\/en\/wp-json\/wp\/v2\/tags?post=31035"}],"curies":[{"name":"wp","href":"https:\/\/api.w.org\/{rel}","templated":true}]}}