{"id":3102,"date":"2020-12-26T12:47:53","date_gmt":"2020-12-26T11:47:53","guid":{"rendered":"http:\/\/www.czechcyclingfederation.com\/?p=3102"},"modified":"2020-12-26T18:07:21","modified_gmt":"2020-12-26T17:07:21","slug":"cyklisticky-peloton-opustil-miroslav-cernohlavek","status":"publish","type":"post","link":"https:\/\/www.czechcyclingfederation.com\/en\/cyklisticky-peloton-opustil-miroslav-cernohlavek\/","title":{"rendered":"Cyklistick\u00fd peloton opustil Miroslav \u010cernohl\u00e1vek"},"content":{"rendered":"\n<p>Ve v\u011bku jedenadevades\u00e1ti let opustil cyklistick\u00fd peloton Miroslav \u010cernohl\u00e1vek. Byl jedn\u00edm ze zakl\u00e1daj\u00edc\u00edch \u010dlen\u016f Favoritu Brno v roce 1957 a na brn\u011bnskou dr\u00e1hu chodil prakticky do sv\u00fdch posledn\u00edch dn\u016f \u017eivota. Cel\u00fd sv\u016fj \u017eivot zasv\u011btil cyklistice, jeho rukama pro\u0161lo mnoho a mnoho jezdc\u016f.<\/p>\n\n\n\n<p>S jeho jm\u00e9nem je p\u0159edev\u0161\u00edm spojeno St\u0159edisko vrcholov\u00e9ho sportu ml\u00e1de\u017ee, jeho odchovanci byli nap\u0159\u00edklad Ji\u0159\u00ed \u0160koda, Ji\u0159\u00ed Pokorn\u00fd a jedn\u00edm z posledn\u00edch i sou\u010dasn\u00e1 \u010desk\u00e1 dr\u00e1hov\u00e1 hv\u011bzda Tom\u00e1\u0161 B\u00e1bek. &#8220;Je to pro m\u011b velk\u00e1 r\u00e1na, byl to m\u016fj prvn\u00ed tren\u00e9r a moc mi toho pro kari\u00e9ru dal,&#8221; \u0159ekl k jeho \u00famrt\u00ed Tom\u00e1\u0161 B\u00e1bek. Miroslav \u010cernohl\u00e1vek p\u016fsobil i u dr\u00e1hov\u00e9 reprezentace s Jaroslavem \u017d\u00e1kem a na z\u00e1vody chodil st\u00e1le, stejn\u011b jako pe\u010dliv\u011b sledoval tr\u00e9ninky mlad\u00fdch jezdc\u016f.<\/p>\n","protected":false},"excerpt":{"rendered":"<p>Ve v\u011bku jedenadevades\u00e1ti let opustil cyklistick\u00fd peloton Miroslav \u010cernohl\u00e1vek. Byl jedn\u00edm ze zakl\u00e1daj\u00edc\u00edch \u010dlen\u016f Favoritu Brno v roce 1957 a na brn\u011bnskou dr\u00e1hu chodil prakticky do sv\u00fdch posledn\u00edch dn\u016f \u017eivota. Cel\u00fd sv\u016fj \u017eivot zasv\u011btil cyklistice, jeho rukama pro\u0161lo mnoho a mnoho jezdc\u016f. S jeho jm\u00e9nem je p\u0159edev\u0161\u00edm spojeno St\u0159edisko vrcholov\u00e9ho sportu ml\u00e1de\u017ee, jeho odchovanci byli [&hellip;]<\/p>\n","protected":false},"author":8,"featured_media":3103,"comment_status":"closed","ping_status":"open","sticky":false,"template":"","format":"standard","meta":{"footnotes":""},"categories":[2,65],"tags":[],"class_list":["post-3102","post","type-post","status-publish","format-standard","has-post-thumbnail","hentry","category-novinky","category-subdisciplina"],"_links":{"self":[{"href":"https:\/\/www.czechcyclingfederation.com\/en\/wp-json\/wp\/v2\/posts\/3102","targetHints":{"allow":["GET"]}}],"collection":[{"href":"https:\/\/www.czechcyclingfederation.com\/en\/wp-json\/wp\/v2\/posts"}],"about":[{"href":"https:\/\/www.czechcyclingfederation.com\/en\/wp-json\/wp\/v2\/types\/post"}],"author":[{"embeddable":true,"href":"https:\/\/www.czechcyclingfederation.com\/en\/wp-json\/wp\/v2\/users\/8"}],"replies":[{"embeddable":true,"href":"https:\/\/www.czechcyclingfederation.com\/en\/wp-json\/wp\/v2\/comments?post=3102"}],"version-history":[{"count":2,"href":"https:\/\/www.czechcyclingfederation.com\/en\/wp-json\/wp\/v2\/posts\/3102\/revisions"}],"predecessor-version":[{"id":3105,"href":"https:\/\/www.czechcyclingfederation.com\/en\/wp-json\/wp\/v2\/posts\/3102\/revisions\/3105"}],"wp:featuredmedia":[{"embeddable":true,"href":"https:\/\/www.czechcyclingfederation.com\/en\/wp-json\/wp\/v2\/media\/3103"}],"wp:attachment":[{"href":"https:\/\/www.czechcyclingfederation.com\/en\/wp-json\/wp\/v2\/media?parent=3102"}],"wp:term":[{"taxonomy":"category","embeddable":true,"href":"https:\/\/www.czechcyclingfederation.com\/en\/wp-json\/wp\/v2\/categories?post=3102"},{"taxonomy":"post_tag","embeddable":true,"href":"https:\/\/www.czechcyclingfederation.com\/en\/wp-json\/wp\/v2\/tags?post=3102"}],"curies":[{"name":"wp","href":"https:\/\/api.w.org\/{rel}","templated":true}]}}