{"id":31009,"date":"2024-07-30T16:18:32","date_gmt":"2024-07-30T14:18:32","guid":{"rendered":"https:\/\/www.czechcyclingfederation.com\/?p=31009"},"modified":"2024-07-30T21:22:17","modified_gmt":"2024-07-30T19:22:17","slug":"regionem-orlicka-se-pojede-jiz-po-osmatricate","status":"publish","type":"post","link":"https:\/\/www.czechcyclingfederation.com\/en\/regionem-orlicka-se-pojede-jiz-po-osmatricate\/","title":{"rendered":"Regionem Orlicka se pojede ji\u017e po osmat\u0159ic\u00e1t\u00e9"},"content":{"rendered":"\n<p>Mezin\u00e1rodn\u00ed cyklistick\u00fd z\u00e1vod Regionem Orlicka pro kategorii junior\u016f nap\u00ed\u0161e letos ji\u017e sv\u00e9 osmat\u0159ic\u00e1t\u00e9 pokra\u010dov\u00e1n\u00ed. Sportovn\u00ed klub policie Duha Lan\u0161kroun jej uspo\u0159\u00e1d\u00e1 v term\u00ednu od 2. do 4. srpna. Hlavn\u00edm d\u011bji\u0161t\u011bm z\u00e1vodu bude m\u011bsto Lan\u0161kroun a silnice v Pardubick\u00e9m a Olomouck\u00e9m kraji.<\/p>\n\n\n\n<p>Jedn\u00e1 se o sportovn\u00ed akci s dlouholetou tradic\u00ed a v p\u0159ehledu dosavadn\u00edch v\u00edt\u011bz\u016f najdeme takov\u00e1 jm\u00e9na jako Pavel Padrnos, Peter Luttenberger, Leopold K\u00f6nig, Peter Sagan, Josef \u010cern\u00fd, Daniel Turek, Michal Schlegel, Lennard K\u00e4mna, Jakub Otruba, Pavel Bittner \u010di Maty\u00e1\u0161 Kopeck\u00fd. V\u0161ichni se pozd\u011bji prosadili v pelotonu dosp\u011bl\u00fdch a dos\u00e1hli \u00fasp\u011bch\u016f v nejpresti\u017en\u011bj\u0161\u00edch etapov\u00fdch z\u00e1vodech profesion\u00e1ln\u00ed cyklistiky.<\/p>\n\n\n\n<p>Na start 38. ro\u010dn\u00edku krom\u011b \u010desk\u00fdch klub\u016f po\u0159adatel pozval t\u00fdmy z N\u011bmecka, Polska, Rakouska, Slovenska, Belgie, Ma\u010farska a Nizozem\u00ed. P\u0159ipraveno je \u0161est sout\u011b\u017e\u00ed: jednotlivc\u016f (U\/19), sprintersk\u00e1 sout\u011b\u017e, o nejlep\u0161\u00edho vrcha\u0159e, o nejlep\u0161\u00edho z\u00e1vodn\u00edka juniora (U\/18), o nejlep\u0161\u00edho kadeta (U\/17) a sout\u011b\u017e dru\u017estev.<\/p>\n\n\n\n<p>Program z\u00e1vodu:<\/p>\n\n\n\n<p>P\u00e1tek 2. srpna:<\/p>\n\n\n\n<p>I. etapa: silni\u010dn\u00ed z\u00e1vod na 71 km<\/p>\n\n\n\n<p>Sobota 3. srpna:<\/p>\n\n\n\n<p>II. etapa: &#8220;Nepomuck\u00e1&#8221; &#8211; \u010dasovka jednotlivc\u016f<\/p>\n\n\n\n<p>III.etapa: &#8220;Kr\u00e1lick\u00e1&#8221; &#8211; silni\u010dn\u00ed z\u00e1vod na 75 km<\/p>\n\n\n\n<p>Ned\u011ble 4. srpna:<\/p>\n\n\n\n<p>IV. etapa: &#8220;Regionem Orlicka&#8221; &#8211; silni\u010dn\u00ed z\u00e1vod na 85 km.<\/p>\n","protected":false},"excerpt":{"rendered":"<p>Mezin\u00e1rodn\u00ed cyklistick\u00fd z\u00e1vod Regionem Orlicka pro kategorii junior\u016f nap\u00ed\u0161e letos ji\u017e sv\u00e9 osmat\u0159ic\u00e1t\u00e9 pokra\u010dov\u00e1n\u00ed. Sportovn\u00ed klub policie Duha Lan\u0161kroun jej uspo\u0159\u00e1d\u00e1 v term\u00ednu od 2. do 4. srpna. Hlavn\u00edm d\u011bji\u0161t\u011bm z\u00e1vodu bude m\u011bsto Lan\u0161kroun a silnice v Pardubick\u00e9m a Olomouck\u00e9m kraji. Jedn\u00e1 se o sportovn\u00ed akci s dlouholetou tradic\u00ed a v p\u0159ehledu dosavadn\u00edch v\u00edt\u011bz\u016f najdeme [&hellip;]<\/p>\n","protected":false},"author":8,"featured_media":31010,"comment_status":"closed","ping_status":"open","sticky":false,"template":"","format":"standard","meta":{"footnotes":""},"categories":[2,18],"tags":[11],"class_list":["post-31009","post","type-post","status-publish","format-standard","has-post-thumbnail","hentry","category-novinky","category-silnice","tag-silnice"],"_links":{"self":[{"href":"https:\/\/www.czechcyclingfederation.com\/en\/wp-json\/wp\/v2\/posts\/31009","targetHints":{"allow":["GET"]}}],"collection":[{"href":"https:\/\/www.czechcyclingfederation.com\/en\/wp-json\/wp\/v2\/posts"}],"about":[{"href":"https:\/\/www.czechcyclingfederation.com\/en\/wp-json\/wp\/v2\/types\/post"}],"author":[{"embeddable":true,"href":"https:\/\/www.czechcyclingfederation.com\/en\/wp-json\/wp\/v2\/users\/8"}],"replies":[{"embeddable":true,"href":"https:\/\/www.czechcyclingfederation.com\/en\/wp-json\/wp\/v2\/comments?post=31009"}],"version-history":[{"count":2,"href":"https:\/\/www.czechcyclingfederation.com\/en\/wp-json\/wp\/v2\/posts\/31009\/revisions"}],"predecessor-version":[{"id":31014,"href":"https:\/\/www.czechcyclingfederation.com\/en\/wp-json\/wp\/v2\/posts\/31009\/revisions\/31014"}],"wp:featuredmedia":[{"embeddable":true,"href":"https:\/\/www.czechcyclingfederation.com\/en\/wp-json\/wp\/v2\/media\/31010"}],"wp:attachment":[{"href":"https:\/\/www.czechcyclingfederation.com\/en\/wp-json\/wp\/v2\/media?parent=31009"}],"wp:term":[{"taxonomy":"category","embeddable":true,"href":"https:\/\/www.czechcyclingfederation.com\/en\/wp-json\/wp\/v2\/categories?post=31009"},{"taxonomy":"post_tag","embeddable":true,"href":"https:\/\/www.czechcyclingfederation.com\/en\/wp-json\/wp\/v2\/tags?post=31009"}],"curies":[{"name":"wp","href":"https:\/\/api.w.org\/{rel}","templated":true}]}}