{"id":310,"date":"2020-05-28T02:56:50","date_gmt":"2020-05-28T00:56:50","guid":{"rendered":"http:\/\/www.czechcyclingfederation.com\/?p=310"},"modified":"2020-07-16T13:41:10","modified_gmt":"2020-07-16T11:41:10","slug":"trenuj-s-repre-salovka-1-dil","status":"publish","type":"post","link":"https:\/\/www.czechcyclingfederation.com\/en\/trenuj-s-repre-salovka-1-dil\/","title":{"rendered":"Tr\u00e9nuj s repre S\u00c1LOVKA &#8211; 1. d\u00edl"},"content":{"rendered":"\n<p>Dne\u0161n\u00edm hostem projektu \u201eTr\u00e9nuj s repre S\u00c1LOVKA&#8221; jsou Ji\u0159\u00ed Hrdli\u010dka st., Ji\u0159\u00ed Hrdli\u010dka ml., Roman Stan\u011bk, Tom\u00e1\u0161 Hor\u00e1k a Ludv\u00edk P\u00edsek!<\/p>\n\n\n\n<p>\u010ce\u0161t\u00ed reprezentanti v kolov\u00e9 v\u00e1m v dal\u0161\u00edm d\u00edle &#8220;Tr\u00e9nuj s repre&#8221; p\u0159edstav\u00ed svoj\u00ed discipl\u00ednu!<\/p>\n\n\n\n<ul class=\"wp-block-list\"><li><strong>Ji\u0159\u00ed Hrdli\u010dka st.<\/strong><\/li><\/ul>\n\n\n\n<p>Dvojn\u00e1sobn\u00fd Mistr Sv\u011bta v kolov\u00e9 (2003 a 2008). Spolu s Pavlem Loskotem reprezentuje \u010cR na MS ka\u017ed\u00fd rok od roku 2015. V roce 2019 na MS v Basileji z\u00edskali pro \u010cR bronzov\u00e9 medaile. Je \u010dlenem odd\u00edlu S\u00e1lov\u00e9 Cyklistiky Svit\u00e1vka.<\/p>\n\n\n\n<ul class=\"wp-block-list\"><li><strong>Ji\u0159\u00ed Hrdli\u010dka ml.<\/strong><\/li><\/ul>\n\n\n\n<p>Reprezentant \u010cR v kategorii junior\u016f, U23 i Elite. Z ka\u017ed\u00e9 kategorie minim\u00e1ln\u011b 1 titul na dom\u00e1c\u00edm M\u010cR. Bronzov\u00e1 medaile ME Junior\u016f 2014, ME U23 2018. 4. m\u00edsto MS Elite 2017. Je \u010dlenem odd\u00edlu Ml\u00e9k\u00e1rna Ole\u0161nice Cykloklub Svit\u00e1vka.<\/p>\n\n\n\n<ul class=\"wp-block-list\"><li><strong>Roman Stan\u011bk<\/strong><\/li><\/ul>\n\n\n\n<p>Reprezentant \u010cR v kategorii junior\u016f a U23. Titul M\u010cR v kategorii U23 5x v \u0159ad\u011b. Bronzov\u00e1 medaile ME Junior\u016f 2014, ME U23 2018. Je \u010dlenem odd\u00edlu Ml\u00e9k\u00e1rna Ole\u0161nice Cykloklub Svit\u00e1vka.<\/p>\n\n\n\n<ul class=\"wp-block-list\"><li><strong>Ludv\u00edk P\u00edsek<\/strong><\/li><\/ul>\n\n\n\n<p>Reprezentant \u010cR v krasoj\u00edzd\u011b, nyn\u00ed hr\u00e1\u010d kolov\u00e9. Reprezentant na MS v krasoj\u00edzd\u011b. V kolov\u00e9 5. m\u00edsto na ME Elite v roce 2019. 2. m\u00edsto na M\u010cR 2018,2019. N\u00e1hradn\u00edk na MS Elite 2019. Je \u010dlenem odd\u00edlu TJ Sokol Zl\u00edn-Pr\u0161tn\u00e9.<\/p>\n\n\n\n<ul class=\"wp-block-list\"><li><strong>Tom\u00e1\u0161 Hor\u00e1k<\/strong><\/li><\/ul>\n\n\n\n<p>Reprezentant \u010cR v kategorii junior\u016f a U23. Titul M\u010cR v kategorii junior\u016f 2017, v kategorii U23 2019. ME U23 2019 &#8211; 6. m\u00edsto. Je \u010dlenem odd\u00edlu TJ Sokol Zl\u00edn-Pr\u0161tn\u00e9.<\/p>\n\n\n\n<figure><iframe loading=\"lazy\" src=\"https:\/\/www.facebook.com\/plugins\/video.php?href=https%3A%2F%2Fwww.facebook.com%2Fczechcyclingfederation%2Fvideos%2F658716661633062%2F&amp;show_text=0&amp;width=267\" width=\"267\" height=\"476\" allowfullscreen=\"true\"><\/iframe><\/figure>\n","protected":false},"excerpt":{"rendered":"<p>Dne\u0161n\u00edm hostem projektu \u201eTr\u00e9nuj s repre S\u00c1LOVKA&#8221; jsou Ji\u0159\u00ed Hrdli\u010dka st., Ji\u0159\u00ed Hrdli\u010dka ml., Roman Stan\u011bk, Tom\u00e1\u0161 Hor\u00e1k a Ludv\u00edk P\u00edsek! \u010ce\u0161t\u00ed reprezentanti v kolov\u00e9 v\u00e1m v dal\u0161\u00edm d\u00edle &#8220;Tr\u00e9nuj s repre&#8221; p\u0159edstav\u00ed svoj\u00ed discipl\u00ednu! Ji\u0159\u00ed Hrdli\u010dka st. Dvojn\u00e1sobn\u00fd Mistr Sv\u011bta v kolov\u00e9 (2003 a 2008). Spolu s Pavlem Loskotem reprezentuje \u010cR na MS ka\u017ed\u00fd [&hellip;]<\/p>\n","protected":false},"author":1,"featured_media":311,"comment_status":"closed","ping_status":"open","sticky":false,"template":"","format":"standard","meta":{"footnotes":""},"categories":[2,60],"tags":[61],"class_list":["post-310","post","type-post","status-publish","format-standard","has-post-thumbnail","hentry","category-novinky","category-salovka","tag-salovka"],"_links":{"self":[{"href":"https:\/\/www.czechcyclingfederation.com\/en\/wp-json\/wp\/v2\/posts\/310","targetHints":{"allow":["GET"]}}],"collection":[{"href":"https:\/\/www.czechcyclingfederation.com\/en\/wp-json\/wp\/v2\/posts"}],"about":[{"href":"https:\/\/www.czechcyclingfederation.com\/en\/wp-json\/wp\/v2\/types\/post"}],"author":[{"embeddable":true,"href":"https:\/\/www.czechcyclingfederation.com\/en\/wp-json\/wp\/v2\/users\/1"}],"replies":[{"embeddable":true,"href":"https:\/\/www.czechcyclingfederation.com\/en\/wp-json\/wp\/v2\/comments?post=310"}],"version-history":[{"count":1,"href":"https:\/\/www.czechcyclingfederation.com\/en\/wp-json\/wp\/v2\/posts\/310\/revisions"}],"predecessor-version":[{"id":314,"href":"https:\/\/www.czechcyclingfederation.com\/en\/wp-json\/wp\/v2\/posts\/310\/revisions\/314"}],"wp:featuredmedia":[{"embeddable":true,"href":"https:\/\/www.czechcyclingfederation.com\/en\/wp-json\/wp\/v2\/media\/311"}],"wp:attachment":[{"href":"https:\/\/www.czechcyclingfederation.com\/en\/wp-json\/wp\/v2\/media?parent=310"}],"wp:term":[{"taxonomy":"category","embeddable":true,"href":"https:\/\/www.czechcyclingfederation.com\/en\/wp-json\/wp\/v2\/categories?post=310"},{"taxonomy":"post_tag","embeddable":true,"href":"https:\/\/www.czechcyclingfederation.com\/en\/wp-json\/wp\/v2\/tags?post=310"}],"curies":[{"name":"wp","href":"https:\/\/api.w.org\/{rel}","templated":true}]}}