{"id":3098,"date":"2020-12-25T13:48:20","date_gmt":"2020-12-25T12:48:20","guid":{"rendered":"http:\/\/www.czechcyclingfederation.com\/?p=3098"},"modified":"2020-12-25T13:49:37","modified_gmt":"2020-12-25T12:49:37","slug":"cyklokrosovy-sp-pokracuje-v-belgickem-dendermonde","status":"publish","type":"post","link":"https:\/\/www.czechcyclingfederation.com\/en\/cyklokrosovy-sp-pokracuje-v-belgickem-dendermonde\/","title":{"rendered":"Cyklokrosov\u00fd SP pokra\u010duje v belgick\u00e9m Dendermonde"},"content":{"rendered":"\n<p>Se sedmi\u010dkou sv\u00fdch sv\u011b\u0159enc\u016f odcestuje z\u00edtra reprezenta\u010dn\u00ed kou\u010d Petr Dlask ke t\u0159et\u00edmu d\u00edlu seri\u00e1lu Sv\u011btov\u00e9ho poh\u00e1ru v&nbsp;cyklokrosu. Ten se uskute\u010dn\u00ed v belgick\u00e9m&nbsp;Dendermonde v&nbsp;ned\u011bli 27. prosince.<\/p>\n\n\n\n<p>\u201eOdj\u00ed\u017ed\u00edme v sobotu 26. prosince a pojede tentokr\u00e1t po zran\u011bn\u00ed i Pavla Havl\u00edkov\u00e1. Naopak s&nbsp;n\u00e1mi nejede nastydl\u00fd Daniel Mayer a chyb\u011bt bude i Karla \u0160t\u011bp\u00e1nov\u00e1,\u201c \u0159ekl Petr Dlask.<\/p>\n\n\n\n<p>V&nbsp;Dendermonde se podnik Sv\u011btov\u00e9ho poh\u00e1ru pojede poprv\u00e9. \u201eJe to pro n\u00e1s nov\u00fd a nezn\u00e1m\u00fd okruh. Je postaven mino zastav\u011bnou z\u00f3nu, je placat\u00fd a jsou na n\u011bm n\u011bjak\u00e1 dv\u011b p\u0159emost\u011bn\u00ed, jedny schody,\u201c p\u0159ibli\u017euje Dlask.<\/p>\n\n\n\n<p>V&nbsp;Belgii tak budou na startu Elizabeth Ungermanov\u00e1, Tereza \u0160vih\u00e1lkov\u00e1, Tereza Van\u00ed\u010dkov\u00e1, Pavla Havl\u00edkov\u00e1 a v&nbsp;z\u00e1vodu mu\u017e\u016f Michael Boro\u0161, Jakub \u0158\u00edman a \u0160imon Van\u00ed\u010dek.<\/p>\n\n\n\n<p>P\u0159ihl\u00e1\u0161eni jsou krosa\u0159i patn\u00e1cti zem\u00ed, 73 mu\u017e\u016f a 72 \u017een. \u017deny vyraz\u00ed na tra\u0165 ve 13:40, mu\u017ei odstartuj\u00ed v 15:05 a oba z\u00e1vody p\u0159en\u00e1\u0161\u00ed p\u0159\u00edm\u00fdm p\u0159enosem \u010cT Sport.<\/p>\n\n\n\n<p>FOTO facebook Dendermonde<\/p>\n\n\n\n<figure class=\"wp-block-image size-large\"><img loading=\"lazy\" decoding=\"async\" width=\"1024\" height=\"1024\" src=\"http:\/\/www.czechcyclingfederation.com\/wp-content\/uploads\/2020\/12\/132097425_1296445587383861_1870410937236415541_o-1024x1024.jpg\" alt=\"\" class=\"wp-image-3099\" srcset=\"https:\/\/www.czechcyclingfederation.com\/wp-content\/uploads\/2020\/12\/132097425_1296445587383861_1870410937236415541_o-1024x1024.jpg 1024w, https:\/\/www.czechcyclingfederation.com\/wp-content\/uploads\/2020\/12\/132097425_1296445587383861_1870410937236415541_o-200x200.jpg 200w, https:\/\/www.czechcyclingfederation.com\/wp-content\/uploads\/2020\/12\/132097425_1296445587383861_1870410937236415541_o-150x150.jpg 150w, https:\/\/www.czechcyclingfederation.com\/wp-content\/uploads\/2020\/12\/132097425_1296445587383861_1870410937236415541_o-768x768.jpg 768w, https:\/\/www.czechcyclingfederation.com\/wp-content\/uploads\/2020\/12\/132097425_1296445587383861_1870410937236415541_o-1320x1320.jpg 1320w, https:\/\/www.czechcyclingfederation.com\/wp-content\/uploads\/2020\/12\/132097425_1296445587383861_1870410937236415541_o.jpg 1500w\" sizes=\"auto, (max-width: 1024px) 100vw, 1024px\" \/><\/figure>\n","protected":false},"excerpt":{"rendered":"<p>Se sedmi\u010dkou sv\u00fdch sv\u011b\u0159enc\u016f odcestuje z\u00edtra reprezenta\u010dn\u00ed kou\u010d Petr Dlask ke t\u0159et\u00edmu d\u00edlu seri\u00e1lu Sv\u011btov\u00e9ho poh\u00e1ru v&nbsp;cyklokrosu. Ten se uskute\u010dn\u00ed v belgick\u00e9m&nbsp;Dendermonde v&nbsp;ned\u011bli 27. prosince. \u201eOdj\u00ed\u017ed\u00edme v sobotu 26. prosince a pojede tentokr\u00e1t po zran\u011bn\u00ed i Pavla Havl\u00edkov\u00e1. Naopak s&nbsp;n\u00e1mi nejede nastydl\u00fd Daniel Mayer a chyb\u011bt bude i Karla \u0160t\u011bp\u00e1nov\u00e1,\u201c \u0159ekl Petr Dlask. V&nbsp;Dendermonde se [&hellip;]<\/p>\n","protected":false},"author":8,"featured_media":3099,"comment_status":"closed","ping_status":"open","sticky":false,"template":"","format":"standard","meta":{"footnotes":""},"categories":[58,2],"tags":[59],"class_list":["post-3098","post","type-post","status-publish","format-standard","has-post-thumbnail","hentry","category-cyklokros","category-novinky","tag-cyklokros"],"_links":{"self":[{"href":"https:\/\/www.czechcyclingfederation.com\/en\/wp-json\/wp\/v2\/posts\/3098","targetHints":{"allow":["GET"]}}],"collection":[{"href":"https:\/\/www.czechcyclingfederation.com\/en\/wp-json\/wp\/v2\/posts"}],"about":[{"href":"https:\/\/www.czechcyclingfederation.com\/en\/wp-json\/wp\/v2\/types\/post"}],"author":[{"embeddable":true,"href":"https:\/\/www.czechcyclingfederation.com\/en\/wp-json\/wp\/v2\/users\/8"}],"replies":[{"embeddable":true,"href":"https:\/\/www.czechcyclingfederation.com\/en\/wp-json\/wp\/v2\/comments?post=3098"}],"version-history":[{"count":2,"href":"https:\/\/www.czechcyclingfederation.com\/en\/wp-json\/wp\/v2\/posts\/3098\/revisions"}],"predecessor-version":[{"id":3101,"href":"https:\/\/www.czechcyclingfederation.com\/en\/wp-json\/wp\/v2\/posts\/3098\/revisions\/3101"}],"wp:featuredmedia":[{"embeddable":true,"href":"https:\/\/www.czechcyclingfederation.com\/en\/wp-json\/wp\/v2\/media\/3099"}],"wp:attachment":[{"href":"https:\/\/www.czechcyclingfederation.com\/en\/wp-json\/wp\/v2\/media?parent=3098"}],"wp:term":[{"taxonomy":"category","embeddable":true,"href":"https:\/\/www.czechcyclingfederation.com\/en\/wp-json\/wp\/v2\/categories?post=3098"},{"taxonomy":"post_tag","embeddable":true,"href":"https:\/\/www.czechcyclingfederation.com\/en\/wp-json\/wp\/v2\/tags?post=3098"}],"curies":[{"name":"wp","href":"https:\/\/api.w.org\/{rel}","templated":true}]}}