{"id":30968,"date":"2024-07-28T20:18:18","date_gmt":"2024-07-28T18:18:18","guid":{"rendered":"https:\/\/www.czechcyclingfederation.com\/?p=30968"},"modified":"2024-07-29T07:25:13","modified_gmt":"2024-07-29T05:25:13","slug":"mladi-vytrvalci-bojovali-o-medaile-v-plzni","status":"publish","type":"post","link":"https:\/\/www.czechcyclingfederation.com\/en\/mladi-vytrvalci-bojovali-o-medaile-v-plzni\/","title":{"rendered":"Mlad\u00ed vytrvalci bojovali o medaile v\u00a0Plzni"},"content":{"rendered":"\n<p>Tom\u00e1\u0161 Vr\u00e1na z TUFO Pardus Prost\u011bjov vyhr\u00e1l st\u00edhac\u00ed z\u00e1vod a scratch na dom\u00e1c\u00edm \u0161ampion\u00e1tu ml\u00e1de\u017ee mezi juniory. V\u00a0Plzni mezi juniorkami Nela Ka\u0148kovsk\u00e1 (Dukla Brno) vyhr\u00e1la st\u00edhac\u00ed z\u00e1vod, ale je\u0161t\u011b \u00fasp\u011b\u0161n\u011bj\u0161\u00ed byla Be\u00e1ta Hermanov\u00e1 (Sportcomplex B\u0159eclav), druh\u00e1 ve st\u00edhac\u00edm z\u00e1vodu, druh\u00e1 ve scratchi a zlato z\u00edskala v\u00a0bodovac\u00edm z\u00e1vodu.<\/p>\n\n\n\n<p>Kadet Jakub Tesa\u0159\u00edk (Mapei Merida Ka\u0148kovsk\u00fd) nena\u0161el p\u0159emo\u017eitele ve st\u00edhac\u00edm z\u00e1vodu, v&nbsp;bodova\u010dce ani scratchi a se ziskem t\u0159\u00ed zlat\u00fdch medail\u00ed byl nej\u00fasp\u011b\u0161n\u011bj\u0161\u00edm z\u00e1vodn\u00edkem \u0161ampion\u00e1tu.<\/p>\n\n\n\n<p>V\u00fdsledky:<\/p>\n\n\n\n<p>St\u00edhac\u00ed z\u00e1vod:<\/p>\n\n\n\n<p>Junio\u0159i:<\/p>\n\n\n\n<p>Fin\u00e1le: Vr\u00e1na (TUFO Pardus Prost\u011bjov) 3:33,045 &#8211; Vavro (Dukla Praha) 3:42,257, 3. Bittman (Rexonix KOVO Praha) 3:38,456.<\/p>\n\n\n\n<p>Kadeti:<\/p>\n\n\n\n<p>Fin\u00e1le: Tesa\u0159\u00edk (Mapei Merida Ka\u0148kovsk\u00fd) 2:24,409 &#8211; Kub\u011bna (ASC Development) 2:26,096, 3. Be\u010dka (TJ Stadion Louny) 2:28,337.<\/p>\n\n\n\n<p>Star\u0161\u00ed \u017e\u00e1ci: 1. Man\u011bna (Dukla Praha) 2:36,609.<\/p>\n\n\n\n<p>Mlad\u0161\u00ed \u017e\u00e1ci: 1. Dedek (TUFO Pardus Prost\u011bjov) 3:00,760.<\/p>\n\n\n\n<p>Juniorky:<\/p>\n\n\n\n<p>Fin\u00e1le: Ka\u0148kovsk\u00e1 (Dukla Brno) 4:05,984 &#8211; Hermanov\u00e1 (Sportcomplex B\u0159eclav) 4:10,061, 3. Strakat\u00e1 (Rytger powered by Carl Ras) 4:06,634.<\/p>\n\n\n\n<p>Kadetky:<\/p>\n\n\n\n<p>Fin\u00e1le: Kr\u00e1tk\u00e1 (Otosport Team Jesen\u00edk) 2:48,270 &#8211; N. N\u011bmcov\u00e1 (Sportcomplex B\u0159eclav) 2:51,603, 3. V\u00e1vrov\u00e1 (MS Bike Academy Racing).Mlad\u0161\u00ed \u017e\u00e1ci: 1. Dedek<\/p>\n\n\n\n<p>\u017d\u00e1kyn\u011b: 1. Pechov\u00e1 (TUFO Pardus Prost\u011bjov) 2:58,064.<\/p>\n\n\n\n<p>Bodovac\u00ed z\u00e1vod:<\/p>\n\n\n\n<p>Junio\u0159i:<\/p>\n\n\n\n<p>1. A. Brad\u00e1\u010d (Dukla Praha) 45, 2. Bittman 34, 3. Pit\u00e1k (Mapei Merida Ka\u0148kovsk\u00fd) 33.<\/p>\n\n\n\n<p>Juniorky:<\/p>\n\n\n\n<p>1. Hermanov\u00e1 31, 2. Strakat\u00e1 28, 3. Jadrn\u00e1 (Sportcomplex B\u0159eclav) 16.<\/p>\n\n\n\n<p>Kadeti:<\/p>\n\n\n\n<p>1. Tesa\u0159\u00edk 18, 2. Kub\u011bna 17, 3. \u017duf\u00e1nek (TUFO Pardus Prost\u011bjov) 16.<\/p>\n\n\n\n<p>Kadetky:<\/p>\n\n\n\n<p>1. N. N\u011bmcov\u00e1 42, 2. Kr\u00e1tk\u00e1 (Otosport Team Jesen\u00edk) 34, 3. Jaro\u0161ov\u00e1 (Dukla Brno) 24.<\/p>\n\n\n\n<p>Mlad\u0161\u00ed \u017e\u00e1ci: 1. Dedek.<\/p>\n\n\n\n<p>Star\u0161\u00ed \u017e\u00e1ci: Knotek (Dukla Praha).<\/p>\n\n\n\n<p>\u017d\u00e1kyn\u011b: 1. Prnkov\u00e1 (Sportcomplex B\u0159eclav).<\/p>\n\n\n\n<p>Scratch:<\/p>\n\n\n\n<p>Junio\u0159i:<\/p>\n\n\n\n<p>1. Vr\u00e1na, 2. A. Brad\u00e1\u010d, 3. Bittman.<\/p>\n\n\n\n<p>Juniorky:<\/p>\n\n\n\n<p>1. M\u00ed\u010dkov\u00e1 (Sportcomplex B\u0159eclav), 2. Hermanov\u00e1, 3. Jadrn\u00e1.<\/p>\n\n\n\n<p>Kadeti:<\/p>\n\n\n\n<p>1. Tesa\u0159\u00edk, 2. Va\u0161ina (Favorit Brno), 3. Ciboch (Rexonix KOVO Praha)<\/p>\n\n\n\n<p>Kadetky:<\/p>\n\n\n\n<p>1. Jaro\u0161ov\u00e1, 2. Kr\u00e1tk\u00e1, 3. K\u0159upalov\u00e1 (TUFO Pardus Prost\u011bjov).<\/p>\n\n\n\n<p>Mlad\u0161\u00ed \u017e\u00e1ci: 1. Dedek.<\/p>\n\n\n\n<p>Star\u0161\u00ed \u017e\u00e1ci: Brad\u00e1\u010d.<\/p>\n\n\n\n<p>\u017d\u00e1kyn\u011b: 1. Fr\u00f6hlichov\u00e1 (Open Cycling Academy).<\/p>\n\n\n\n<p>St\u00edhac\u00ed z\u00e1vod dru\u017estev:<\/p>\n\n\n\n<p>\u017d\u00e1ci: 1. Knotek, Strakat\u00fd, Man\u011bna, M. Brad\u00e1\u010d (Dukla Praha) 3:54,895.<\/p>\n\n\n\n<p>\u017d\u00e1kyn\u011b a kadetky: 1. Klugov\u00e1, V\u00e1vrov\u00e1, N. N\u011bmcov\u00e1, Kr\u00e1tk\u00e1 MS Bike Academy Racing\/Sportcomplex B\u0159eclav\/Otosport Team Jesen\u00edk) 4:12,518.<\/p>\n\n\n\n<p>Kadeti: 1. \u017duf\u00e1nek, Kani\u0161\u010dev, Ne\u010dada, Kub\u011bna (TUFO Pardus Prost\u011bjov\/ACS Development) 3:40,227.<\/p>\n\n\n\n<p>Junio\u0159i: 1. Mat\u011bjek, A. Brad\u00e1\u010d, Vavro, Frajbi\u0161&nbsp; (Dukla Praha) 4:39,221, 2. Rauschert, Vr\u00e1na, Jaro\u0161, Jurica (TUFO Pardus Prost\u011bjov) 4:46,516, 3. Icha, Michalovi\u010d, Richter, Vlk (Dukla Praha\/TJ Favorit Brno) 4:54,961.<\/p>\n\n\n\n<figure class=\"wp-block-image size-large\"><img loading=\"lazy\" decoding=\"async\" width=\"768\" height=\"1024\" src=\"http:\/\/www.czechcyclingfederation.com\/wp-content\/uploads\/2024\/07\/Obrazek-WhatsApp-2024-07-27-v-18.19.41_fbce1ab6-768x1024.jpg\" alt=\"\" class=\"wp-image-30981\" srcset=\"https:\/\/www.czechcyclingfederation.com\/wp-content\/uploads\/2024\/07\/Obrazek-WhatsApp-2024-07-27-v-18.19.41_fbce1ab6-768x1024.jpg 768w, https:\/\/www.czechcyclingfederation.com\/wp-content\/uploads\/2024\/07\/Obrazek-WhatsApp-2024-07-27-v-18.19.41_fbce1ab6-150x200.jpg 150w, https:\/\/www.czechcyclingfederation.com\/wp-content\/uploads\/2024\/07\/Obrazek-WhatsApp-2024-07-27-v-18.19.41_fbce1ab6-1152x1536.jpg 1152w, https:\/\/www.czechcyclingfederation.com\/wp-content\/uploads\/2024\/07\/Obrazek-WhatsApp-2024-07-27-v-18.19.41_fbce1ab6-1320x1760.jpg 1320w, https:\/\/www.czechcyclingfederation.com\/wp-content\/uploads\/2024\/07\/Obrazek-WhatsApp-2024-07-27-v-18.19.41_fbce1ab6.jpg 1500w\" sizes=\"auto, (max-width: 768px) 100vw, 768px\" \/><\/figure>\n\n\n\n<figure class=\"wp-block-image size-large\"><img loading=\"lazy\" decoding=\"async\" width=\"768\" height=\"1024\" src=\"http:\/\/www.czechcyclingfederation.com\/wp-content\/uploads\/2024\/07\/Obrazek-WhatsApp-2024-07-27-v-18.19.41_7f48b749-768x1024.jpg\" alt=\"\" class=\"wp-image-30979\" srcset=\"https:\/\/www.czechcyclingfederation.com\/wp-content\/uploads\/2024\/07\/Obrazek-WhatsApp-2024-07-27-v-18.19.41_7f48b749-768x1024.jpg 768w, https:\/\/www.czechcyclingfederation.com\/wp-content\/uploads\/2024\/07\/Obrazek-WhatsApp-2024-07-27-v-18.19.41_7f48b749-150x200.jpg 150w, https:\/\/www.czechcyclingfederation.com\/wp-content\/uploads\/2024\/07\/Obrazek-WhatsApp-2024-07-27-v-18.19.41_7f48b749-1152x1536.jpg 1152w, https:\/\/www.czechcyclingfederation.com\/wp-content\/uploads\/2024\/07\/Obrazek-WhatsApp-2024-07-27-v-18.19.41_7f48b749-1320x1760.jpg 1320w, https:\/\/www.czechcyclingfederation.com\/wp-content\/uploads\/2024\/07\/Obrazek-WhatsApp-2024-07-27-v-18.19.41_7f48b749.jpg 1500w\" sizes=\"auto, (max-width: 768px) 100vw, 768px\" \/><\/figure>\n\n\n\n<figure class=\"wp-block-image size-large\"><img loading=\"lazy\" decoding=\"async\" width=\"768\" height=\"1024\" src=\"http:\/\/www.czechcyclingfederation.com\/wp-content\/uploads\/2024\/07\/Obrazek-WhatsApp-2024-07-27-v-18.19.41_01e8860d-768x1024.jpg\" alt=\"\" class=\"wp-image-30975\" srcset=\"https:\/\/www.czechcyclingfederation.com\/wp-content\/uploads\/2024\/07\/Obrazek-WhatsApp-2024-07-27-v-18.19.41_01e8860d-768x1024.jpg 768w, https:\/\/www.czechcyclingfederation.com\/wp-content\/uploads\/2024\/07\/Obrazek-WhatsApp-2024-07-27-v-18.19.41_01e8860d-150x200.jpg 150w, https:\/\/www.czechcyclingfederation.com\/wp-content\/uploads\/2024\/07\/Obrazek-WhatsApp-2024-07-27-v-18.19.41_01e8860d-1152x1536.jpg 1152w, https:\/\/www.czechcyclingfederation.com\/wp-content\/uploads\/2024\/07\/Obrazek-WhatsApp-2024-07-27-v-18.19.41_01e8860d-1320x1760.jpg 1320w, https:\/\/www.czechcyclingfederation.com\/wp-content\/uploads\/2024\/07\/Obrazek-WhatsApp-2024-07-27-v-18.19.41_01e8860d.jpg 1500w\" sizes=\"auto, (max-width: 768px) 100vw, 768px\" \/><\/figure>\n\n\n\n<figure class=\"wp-block-image size-large\"><img loading=\"lazy\" decoding=\"async\" width=\"768\" height=\"1024\" src=\"http:\/\/www.czechcyclingfederation.com\/wp-content\/uploads\/2024\/07\/Obrazek-WhatsApp-2024-07-27-v-12.12.24_64f3059b-768x1024.jpg\" alt=\"\" class=\"wp-image-30973\" srcset=\"https:\/\/www.czechcyclingfederation.com\/wp-content\/uploads\/2024\/07\/Obrazek-WhatsApp-2024-07-27-v-12.12.24_64f3059b-768x1024.jpg 768w, https:\/\/www.czechcyclingfederation.com\/wp-content\/uploads\/2024\/07\/Obrazek-WhatsApp-2024-07-27-v-12.12.24_64f3059b-150x200.jpg 150w, https:\/\/www.czechcyclingfederation.com\/wp-content\/uploads\/2024\/07\/Obrazek-WhatsApp-2024-07-27-v-12.12.24_64f3059b-1152x1536.jpg 1152w, https:\/\/www.czechcyclingfederation.com\/wp-content\/uploads\/2024\/07\/Obrazek-WhatsApp-2024-07-27-v-12.12.24_64f3059b-1320x1760.jpg 1320w, https:\/\/www.czechcyclingfederation.com\/wp-content\/uploads\/2024\/07\/Obrazek-WhatsApp-2024-07-27-v-12.12.24_64f3059b.jpg 1500w\" sizes=\"auto, (max-width: 768px) 100vw, 768px\" \/><\/figure>\n\n\n\n<figure class=\"wp-block-image size-large\"><img loading=\"lazy\" decoding=\"async\" width=\"1024\" height=\"748\" src=\"http:\/\/www.czechcyclingfederation.com\/wp-content\/uploads\/2024\/07\/Obrazek-WhatsApp-2024-07-27-v-09.59.55_89eda9ae-1024x748.jpg\" alt=\"\" class=\"wp-image-30969\" srcset=\"https:\/\/www.czechcyclingfederation.com\/wp-content\/uploads\/2024\/07\/Obrazek-WhatsApp-2024-07-27-v-09.59.55_89eda9ae-1024x748.jpg 1024w, https:\/\/www.czechcyclingfederation.com\/wp-content\/uploads\/2024\/07\/Obrazek-WhatsApp-2024-07-27-v-09.59.55_89eda9ae-274x200.jpg 274w, https:\/\/www.czechcyclingfederation.com\/wp-content\/uploads\/2024\/07\/Obrazek-WhatsApp-2024-07-27-v-09.59.55_89eda9ae-768x561.jpg 768w, https:\/\/www.czechcyclingfederation.com\/wp-content\/uploads\/2024\/07\/Obrazek-WhatsApp-2024-07-27-v-09.59.55_89eda9ae-1320x964.jpg 1320w, https:\/\/www.czechcyclingfederation.com\/wp-content\/uploads\/2024\/07\/Obrazek-WhatsApp-2024-07-27-v-09.59.55_89eda9ae.jpg 1500w\" sizes=\"auto, (max-width: 1024px) 100vw, 1024px\" \/><\/figure>\n","protected":false},"excerpt":{"rendered":"<p>Tom\u00e1\u0161 Vr\u00e1na z TUFO Pardus Prost\u011bjov vyhr\u00e1l st\u00edhac\u00ed z\u00e1vod a scratch na dom\u00e1c\u00edm \u0161ampion\u00e1tu ml\u00e1de\u017ee mezi juniory. V\u00a0Plzni mezi juniorkami Nela Ka\u0148kovsk\u00e1 (Dukla Brno) vyhr\u00e1la st\u00edhac\u00ed z\u00e1vod, ale je\u0161t\u011b \u00fasp\u011b\u0161n\u011bj\u0161\u00ed byla Be\u00e1ta Hermanov\u00e1 (Sportcomplex B\u0159eclav), druh\u00e1 ve st\u00edhac\u00edm z\u00e1vodu, druh\u00e1 ve scratchi a zlato z\u00edskala v\u00a0bodovac\u00edm z\u00e1vodu. Kadet Jakub Tesa\u0159\u00edk (Mapei Merida Ka\u0148kovsk\u00fd) nena\u0161el p\u0159emo\u017eitele [&hellip;]<\/p>\n","protected":false},"author":8,"featured_media":30977,"comment_status":"closed","ping_status":"open","sticky":false,"template":"","format":"standard","meta":{"footnotes":""},"categories":[54,2],"tags":[9],"class_list":["post-30968","post","type-post","status-publish","format-standard","has-post-thumbnail","hentry","category-draha","category-novinky","tag-draha"],"_links":{"self":[{"href":"https:\/\/www.czechcyclingfederation.com\/en\/wp-json\/wp\/v2\/posts\/30968","targetHints":{"allow":["GET"]}}],"collection":[{"href":"https:\/\/www.czechcyclingfederation.com\/en\/wp-json\/wp\/v2\/posts"}],"about":[{"href":"https:\/\/www.czechcyclingfederation.com\/en\/wp-json\/wp\/v2\/types\/post"}],"author":[{"embeddable":true,"href":"https:\/\/www.czechcyclingfederation.com\/en\/wp-json\/wp\/v2\/users\/8"}],"replies":[{"embeddable":true,"href":"https:\/\/www.czechcyclingfederation.com\/en\/wp-json\/wp\/v2\/comments?post=30968"}],"version-history":[{"count":2,"href":"https:\/\/www.czechcyclingfederation.com\/en\/wp-json\/wp\/v2\/posts\/30968\/revisions"}],"predecessor-version":[{"id":30984,"href":"https:\/\/www.czechcyclingfederation.com\/en\/wp-json\/wp\/v2\/posts\/30968\/revisions\/30984"}],"wp:featuredmedia":[{"embeddable":true,"href":"https:\/\/www.czechcyclingfederation.com\/en\/wp-json\/wp\/v2\/media\/30977"}],"wp:attachment":[{"href":"https:\/\/www.czechcyclingfederation.com\/en\/wp-json\/wp\/v2\/media?parent=30968"}],"wp:term":[{"taxonomy":"category","embeddable":true,"href":"https:\/\/www.czechcyclingfederation.com\/en\/wp-json\/wp\/v2\/categories?post=30968"},{"taxonomy":"post_tag","embeddable":true,"href":"https:\/\/www.czechcyclingfederation.com\/en\/wp-json\/wp\/v2\/tags?post=30968"}],"curies":[{"name":"wp","href":"https:\/\/api.w.org\/{rel}","templated":true}]}}