{"id":30942,"date":"2024-07-28T17:49:55","date_gmt":"2024-07-28T15:49:55","guid":{"rendered":"https:\/\/www.czechcyclingfederation.com\/?p=30942"},"modified":"2024-07-28T17:49:58","modified_gmt":"2024-07-28T15:49:58","slug":"zaver-czech-tour-pro-alaphilippa-hirschi-celkovym-vitezem","status":"publish","type":"post","link":"https:\/\/www.czechcyclingfederation.com\/en\/zaver-czech-tour-pro-alaphilippa-hirschi-celkovym-vitezem\/","title":{"rendered":"Z\u00e1v\u011br Czech Tour pro Alaphilippa, Hirschi celkov\u00fdm v\u00edt\u011bzem"},"content":{"rendered":"\n<p>Francouz <strong>Julian Alaphilippe<\/strong> z t\u00fdmu Soudal Quick-Step vyhr\u00e1l z\u00e1v\u011bre\u010dnou etapu Czech Tour, kdy\u017e ve spurtu vedouc\u00ed dvojice ve \u0160ternberku zdolal \u0160v\u00fdcara <strong>Marca Hirschiho<\/strong> (UAE Team Emirates). Ten se stal celkov\u00fdm v\u00edt\u011bzem z\u00e1vodu. Nejlep\u0161\u00edm z \u010desk\u00fdch cyklist\u016f v kone\u010dn\u00e9m po\u0159ad\u00ed byl dvac\u00e1t\u00fd <strong>Martin Voltr<\/strong> ze slovensk\u00e9 formace Pierre Baguette.<\/p>\n\n\n\n<p><em>\u201eTvo\u0159ili jsme tempo celou druhou polovinu etapy. Byl jsem u\u017e tro\u0161ku unaven\u00fd, ale sna\u017eil jsem se z\u016fstat klidn\u00fd. M\u011bli jsme jasn\u00fd pl\u00e1n, kter\u00fd se poda\u0159ilo zcela naplnit,\u201c <\/em>prohl\u00e1sil dvojn\u00e1sobn\u00fd mistr sv\u011bta Alaphilippe, pro n\u011bho\u017e Czech Tour 2024 p\u0159edstavovala test formy pro silni\u010dn\u00ed z\u00e1vod na olympi\u00e1d\u011b v&nbsp;Pa\u0159\u00ed\u017ei.<\/p>\n\n\n\n<figure class=\"wp-block-image size-large\"><img loading=\"lazy\" decoding=\"async\" width=\"1024\" height=\"682\" src=\"https:\/\/www.czechcyclingfederation.com\/wp-content\/uploads\/2024\/07\/alaphilippe-vitez-1024x682.jpg\" alt=\"\" class=\"wp-image-30946\" srcset=\"https:\/\/www.czechcyclingfederation.com\/wp-content\/uploads\/2024\/07\/alaphilippe-vitez-1024x682.jpg 1024w, https:\/\/www.czechcyclingfederation.com\/wp-content\/uploads\/2024\/07\/alaphilippe-vitez-300x200.jpg 300w, https:\/\/www.czechcyclingfederation.com\/wp-content\/uploads\/2024\/07\/alaphilippe-vitez-768x511.jpg 768w, https:\/\/www.czechcyclingfederation.com\/wp-content\/uploads\/2024\/07\/alaphilippe-vitez-1536x1022.jpg 1536w, https:\/\/www.czechcyclingfederation.com\/wp-content\/uploads\/2024\/07\/alaphilippe-vitez-2048x1363.jpg 2048w, https:\/\/www.czechcyclingfederation.com\/wp-content\/uploads\/2024\/07\/alaphilippe-vitez-1320x879.jpg 1320w\" sizes=\"auto, (max-width: 1024px) 100vw, 1024px\" \/><\/figure>\n\n\n\n<p><em>\u201eV\u011b\u0159\u00edm, \u017ee se nyn\u00ed dob\u0159e zotav\u00edm a pod\u00e1m co nejlep\u0161\u00ed v\u00fdkon. V p\u0159ede\u0161l\u00fdch dnech jsem byl tro\u0161ku nachlazen\u00fd, ale nyn\u00ed u\u017e jsem stoprocentn\u011b fit a c\u00edt\u00edm se v\u00e1\u017en\u011b skv\u011ble,\u201c<\/em> \u0159ekl dvaat\u0159icetilet\u00fd francouzsk\u00fd cyklista.<\/p>\n\n\n\n<p>Triumf si p\u0159ipravil po \u00fatoku p\u0159i z\u00e1v\u011bre\u010dn\u00e9m stoup\u00e1n\u00ed v posledn\u00edm okruhu ve \u0160ternberku, kde na jeho n\u00e1stup dok\u00e1zal zareagovat pouze Hirschi. Chvilku se zd\u00e1lo, \u017ee i \u0161v\u00fdcarsk\u00fd cyklista tempo francouzsk\u00e9ho soupe\u0159e nezvl\u00e1dne, ov\u0161em nakonec se dvojice na \u010dele spojila a do c\u00edlov\u00e9 rovinky naj\u00ed\u017ed\u011bla s m\u00edrn\u00fdm n\u00e1skokem. Z prvn\u00ed pozice vstupoval do spurtu Alaphilippe a prom\u011bnil to v&nbsp;etapov\u00e9 v\u00edt\u011bzstv\u00ed.<\/p>\n\n\n\n<p><em>\u201eNem\u011bl jsem do posledn\u00ed zat\u00e1\u010dky pot\u0159ebnou rychlost, nav\u00edc Julian byl skute\u010dn\u011b super siln\u00fd. Ale jsem i tak \u0161\u0165astn\u00fd, proto\u017ee celkov\u00e9 v\u00edt\u011bzstv\u00ed v Czech Tour je skv\u011bl\u00fd v\u00fdsledek,\u201c<\/em> radoval se Marc Hirschi.<\/p>\n\n\n\n<figure class=\"wp-block-image size-large\"><img loading=\"lazy\" decoding=\"async\" width=\"1024\" height=\"683\" src=\"https:\/\/www.czechcyclingfederation.com\/wp-content\/uploads\/2024\/07\/Hirschi-Czech-Tour-1024x683.jpg\" alt=\"\" class=\"wp-image-30948\" srcset=\"https:\/\/www.czechcyclingfederation.com\/wp-content\/uploads\/2024\/07\/Hirschi-Czech-Tour-1024x683.jpg 1024w, https:\/\/www.czechcyclingfederation.com\/wp-content\/uploads\/2024\/07\/Hirschi-Czech-Tour-300x200.jpg 300w, https:\/\/www.czechcyclingfederation.com\/wp-content\/uploads\/2024\/07\/Hirschi-Czech-Tour-768x512.jpg 768w, https:\/\/www.czechcyclingfederation.com\/wp-content\/uploads\/2024\/07\/Hirschi-Czech-Tour-1536x1024.jpg 1536w, https:\/\/www.czechcyclingfederation.com\/wp-content\/uploads\/2024\/07\/Hirschi-Czech-Tour-2048x1365.jpg 2048w, https:\/\/www.czechcyclingfederation.com\/wp-content\/uploads\/2024\/07\/Hirschi-Czech-Tour-1320x880.jpg 1320w\" sizes=\"auto, (max-width: 1024px) 100vw, 1024px\" \/><\/figure>\n\n\n\n<p>Z Czech Tour 2024, kter\u00e9 se z\u00fa\u010dastnilo osm formac\u00ed z WorldTour, si krom\u011b celkov\u00e9ho prvenstv\u00ed odvezl i trofej za v\u00edt\u011bzstv\u00ed v druh\u00e9 etap\u011b a je\u0161t\u011b p\u0159idal triumf v bodovac\u00ed sout\u011b\u017ei. Kr\u00e1lem vrcha\u0159sk\u00e9 sout\u011b\u017ee se stal <strong>Michal Schuran<\/strong> z formace ATT Investments. B\u00edl\u00fd dres pro nejlep\u0161\u00edho mlad\u00e9ho jezdce z\u00edskal N\u011bmec Marco Brenner z t\u00fdmu Tudor Pro Cycling.<\/p>\n\n\n\n<figure class=\"wp-block-image size-large\"><img loading=\"lazy\" decoding=\"async\" width=\"1024\" height=\"682\" src=\"https:\/\/www.czechcyclingfederation.com\/wp-content\/uploads\/2024\/07\/BrychtaJan_Czech_Tour_20240728_125839_D4C_7413-1024x682.jpg\" alt=\"\" class=\"wp-image-30952\" srcset=\"https:\/\/www.czechcyclingfederation.com\/wp-content\/uploads\/2024\/07\/BrychtaJan_Czech_Tour_20240728_125839_D4C_7413-1024x682.jpg 1024w, https:\/\/www.czechcyclingfederation.com\/wp-content\/uploads\/2024\/07\/BrychtaJan_Czech_Tour_20240728_125839_D4C_7413-300x200.jpg 300w, https:\/\/www.czechcyclingfederation.com\/wp-content\/uploads\/2024\/07\/BrychtaJan_Czech_Tour_20240728_125839_D4C_7413-768x511.jpg 768w, https:\/\/www.czechcyclingfederation.com\/wp-content\/uploads\/2024\/07\/BrychtaJan_Czech_Tour_20240728_125839_D4C_7413-1536x1022.jpg 1536w, https:\/\/www.czechcyclingfederation.com\/wp-content\/uploads\/2024\/07\/BrychtaJan_Czech_Tour_20240728_125839_D4C_7413-2048x1363.jpg 2048w, https:\/\/www.czechcyclingfederation.com\/wp-content\/uploads\/2024\/07\/BrychtaJan_Czech_Tour_20240728_125839_D4C_7413-1320x879.jpg 1320w\" sizes=\"auto, (max-width: 1024px) 100vw, 1024px\" \/><\/figure>\n\n\n\n<p><strong>V\u00fdsledky 4. etapy<\/strong> (\u0160umperk-\u0160ternberk, 129,2 km): 1. Alaphilippe (Fr.\/Soudal-Quick Step) 3:01:30, 2. Hirschi (\u0160v\u00fdc.\/UAE Emirates), 3. Higuita (Kol.\/Red Bull-Bora-hansgrohe), 4. Donovan (Brit.\/Q36.5 Pro Cycling), 5. Vermaerke (USA\/dsm-firmenich PostNL), 6. Ulissi (It.\/UAE Emirates) v\u0161ichni stejn\u00fd \u010das, &#8230; <strong>16. Bittner<\/strong> (\u010cR\/dsm-firmenich PostNL) +36, <strong>38. Voltr<\/strong> (\u010cR\/Pierre Baguette) +1:53, <strong>40. J. \u0164oupal\u00edk<\/strong> (\u010cR\/Elkov-Kasper) +2:03<\/p>\n\n\n\n<p><strong>Kone\u010dn\u00e9 po\u0159ad\u00ed:<\/strong> 1. Hirschi 14:13:22, 2. Ulissi +28, 3. Higuita +33, 4. Vermaerke +44, 5. Brenner (N\u011bm.\/Tudor) +49, 6. August (USA\/Ineos Grenadiers) +1:00, &#8230;<strong>20. Voltr<\/strong> +4:40, <strong>27. Boro\u0161<\/strong> +7:07, <strong>42. Vyso\u010dan<\/strong> (\u010cR\/Pierre Baguette) +14:54, <strong>43. T. Kopeck\u00fd<\/strong> (\u010cR\/TDT-Unibet) +16:46.<\/p>\n\n\n\n<p>Foto: Czech Tour Jan Brychta a Mark\u00e9ta Navr\u00e1tilov\u00e1<\/p>\n","protected":false},"excerpt":{"rendered":"<p>Francouz Julian Alaphilippe z t\u00fdmu Soudal Quick-Step vyhr\u00e1l z\u00e1v\u011bre\u010dnou etapu Czech Tour, kdy\u017e ve spurtu vedouc\u00ed dvojice ve \u0160ternberku zdolal \u0160v\u00fdcara Marca Hirschiho (UAE Team Emirates). Ten se stal celkov\u00fdm v\u00edt\u011bzem z\u00e1vodu. Nejlep\u0161\u00edm z \u010desk\u00fdch cyklist\u016f v kone\u010dn\u00e9m po\u0159ad\u00ed byl dvac\u00e1t\u00fd Martin Voltr ze slovensk\u00e9 formace Pierre Baguette. \u201eTvo\u0159ili jsme tempo celou druhou polovinu etapy. [&hellip;]<\/p>\n","protected":false},"author":15,"featured_media":30944,"comment_status":"closed","ping_status":"open","sticky":false,"template":"","format":"standard","meta":{"footnotes":""},"categories":[2],"tags":[11],"class_list":["post-30942","post","type-post","status-publish","format-standard","has-post-thumbnail","hentry","category-novinky","tag-silnice"],"_links":{"self":[{"href":"https:\/\/www.czechcyclingfederation.com\/en\/wp-json\/wp\/v2\/posts\/30942","targetHints":{"allow":["GET"]}}],"collection":[{"href":"https:\/\/www.czechcyclingfederation.com\/en\/wp-json\/wp\/v2\/posts"}],"about":[{"href":"https:\/\/www.czechcyclingfederation.com\/en\/wp-json\/wp\/v2\/types\/post"}],"author":[{"embeddable":true,"href":"https:\/\/www.czechcyclingfederation.com\/en\/wp-json\/wp\/v2\/users\/15"}],"replies":[{"embeddable":true,"href":"https:\/\/www.czechcyclingfederation.com\/en\/wp-json\/wp\/v2\/comments?post=30942"}],"version-history":[{"count":4,"href":"https:\/\/www.czechcyclingfederation.com\/en\/wp-json\/wp\/v2\/posts\/30942\/revisions"}],"predecessor-version":[{"id":30958,"href":"https:\/\/www.czechcyclingfederation.com\/en\/wp-json\/wp\/v2\/posts\/30942\/revisions\/30958"}],"wp:featuredmedia":[{"embeddable":true,"href":"https:\/\/www.czechcyclingfederation.com\/en\/wp-json\/wp\/v2\/media\/30944"}],"wp:attachment":[{"href":"https:\/\/www.czechcyclingfederation.com\/en\/wp-json\/wp\/v2\/media?parent=30942"}],"wp:term":[{"taxonomy":"category","embeddable":true,"href":"https:\/\/www.czechcyclingfederation.com\/en\/wp-json\/wp\/v2\/categories?post=30942"},{"taxonomy":"post_tag","embeddable":true,"href":"https:\/\/www.czechcyclingfederation.com\/en\/wp-json\/wp\/v2\/tags?post=30942"}],"curies":[{"name":"wp","href":"https:\/\/api.w.org\/{rel}","templated":true}]}}