{"id":3094,"date":"2020-12-23T07:34:47","date_gmt":"2020-12-23T06:34:47","guid":{"rendered":"http:\/\/www.czechcyclingfederation.com\/?p=3094"},"modified":"2020-12-23T07:34:47","modified_gmt":"2020-12-23T06:34:47","slug":"verim-v-budoucnost-oca-pridejte-se-k-nam-rika-lukas-petr","status":"publish","type":"post","link":"https:\/\/www.czechcyclingfederation.com\/en\/verim-v-budoucnost-oca-pridejte-se-k-nam-rika-lukas-petr\/","title":{"rendered":"&#8220;V\u011b\u0159\u00edm v budoucnost OCA, p\u0159idejte se k n\u00e1m,\u201c \u0159\u00edk\u00e1 Luk\u00e1\u0161 Petr"},"content":{"rendered":"\n<p>Dne\u0161n\u00ed nelehk\u00e1 doba znamen\u00e1 pro mnoh\u00e9 z n\u00e1s velikou nejistotu, nikdo nev\u00edme, co n\u00e1s \u010dek\u00e1 v n\u00e1sleduj\u00edc\u00edch m\u011bs\u00edc\u00edch. Jedno je v\u0161ak jist\u00e9, a to, \u017ee s omezen\u00edm ve\u0161ker\u00fdch vnit\u0159n\u00edch prostor se populace p\u0159esouv\u00e1 v\u00edce do p\u0159\u00edrody a rozm\u00e1haj\u00ed se rekrea\u010dn\u00ed sporty v \u010dele s cyklistikou a b\u011bh\u00e1n\u00edm. Open Cycling Academy je u\u017e podle n\u00e1zvu prim\u00e1rn\u011b pro v\u0161echny, kter\u00fdm d\u011bl\u00e1 sport radost, cht\u011bj\u00ed si ho u\u017e\u00edt, pop\u0159\u00edpad\u011b posunout svou v\u00fdkonnost o stupe\u0148 v\u00fd\u0161.<\/p>\n\n\n\n<p>Z\u00e1kladem ka\u017ed\u00e9 budoucnosti jsou d\u011bti. &#8220;Chceme se zam\u011b\u0159it na v\u011bkovou skupinu, kter\u00e1 proch\u00e1z\u00ed tzv. \u00b4zlat\u00fdm v\u011bkem motoriky\u00b4. V tomto obdob\u00ed jsou d\u011bti velmi vn\u00edmav\u00e9 pro nau\u010den\u00ed se nov\u00fdch motorick\u00fdch dovednost\u00ed, \u010deho\u017e chceme maxim\u00e1ln\u011b vyu\u017e\u00edt a d\u00e1t d\u011btem do \u017eivota pohybov\u00fd z\u00e1klad, kter\u00fd v budoucnu mohou vyu\u017e\u00edt v jak\u00e9mkoliv sportu. V r\u00e1mci pravideln\u00fdch tr\u00e9nink\u016f i kurz\u016f MTB \u0161koly budeme d\u011bti u\u010dit citu, ovl\u00e1d\u00e1n\u00ed a spr\u00e1vn\u00e9 technice j\u00edzdy na kole. Chceme vychov\u00e1vat zdravou generaci, k \u010demu\u017e n\u00e1m pom\u016f\u017ee i atletick\u00e1 pr\u016fprava a koordina\u010dn\u00ed cvi\u010den\u00ed,&#8221; \u0159\u00edk\u00e1&nbsp; sportovn\u00ed \u0159editel OCA Luk\u00e1\u0161 Petr.<\/p>\n\n\n\n<p>&#8220;I dosp\u011bl\u00ed pot\u0159ebuj\u00ed odbornou p\u00e9\u010di a z\u00e1zem\u00ed, o kter\u00e9 se d\u00e1 op\u0159\u00edt. A\u0165 m\u00e1te ve sportu jak\u00e9koliv c\u00edle, v\u011bt\u0161inou pot\u0159ebujete s n\u011bk\u00fdm zkonzultovat svoji p\u0159\u00edpravu, zdravotn\u00ed stav, funk\u010dn\u00ed vy\u0161et\u0159en\u00ed, zaj\u00edt si na mas\u00e1\u017e, pravideln\u011b tr\u00e9novat ve skupin\u011b, absolvovat cyklistick\u00e1 soust\u0159ed\u011bn\u00ed nebo se jen obl\u00e9knout do stejn\u00e9ho dresu a vyjet s kamar\u00e1dy na kaf\u00ed\u010dko. Toho jsme si v\u011bdomi, proto nab\u00edz\u00edme t\u0159i typy \u010dlenstv\u00ed a to Basic, Komfort a Premium, abychom pokryli po\u017eadavky v\u00e1s v\u0161ech. Ob\u010dasn\u00e9 besedy s \u010desk\u00fdmi reprezentanty budou t\u0159e\u0161ni\u010dkou na \u010dlenstv\u00ed v OCA,&#8221; pokra\u010duje Luk\u00e1\u0161 Petr.<\/p>\n\n\n\n<p>Velk\u00fdm l\u00e1kadlem OCA je t\u00fdmov\u00e9 vybaven\u00ed. &#8220;Pe\u010dliv\u011b jsme vyb\u00edrali v\u017edy \u0161pi\u010dky ve sv\u00e9m oboru. Chci, aby na\u0161i \u010dlenov\u00e9 hrd\u011b obl\u00e9kali barvy OCA, design cyklistick\u00e9ho i civiln\u00edho oble\u010den\u00ed je velmi poveden\u00fd. Od ledna fungujeme na sto procent, nyn\u00ed je ten prav\u00fd \u010das na p\u0159ihl\u00e1\u0161ku nebo V\u00e1no\u010dn\u00ed d\u00e1rek v podob\u011b voucheru na \u010dlenstv\u00ed v OCA,&#8221; dodal Luk\u00e1\u0161 Petr.<\/p>\n\n\n\n<p>FOTO Jan Brychta<\/p>\n\n\n\n<figure class=\"wp-block-image size-large\"><img loading=\"lazy\" decoding=\"async\" width=\"775\" height=\"1024\" src=\"https:\/\/www.czechcyclingfederation.com\/wp-content\/uploads\/2020\/12\/OCA-let\u00e1k-775x1024.jpg\" alt=\"\" class=\"wp-image-3096\" srcset=\"https:\/\/www.czechcyclingfederation.com\/wp-content\/uploads\/2020\/12\/OCA-let\u00e1k-775x1024.jpg 775w, https:\/\/www.czechcyclingfederation.com\/wp-content\/uploads\/2020\/12\/OCA-let\u00e1k-151x200.jpg 151w, https:\/\/www.czechcyclingfederation.com\/wp-content\/uploads\/2020\/12\/OCA-let\u00e1k-768x1015.jpg 768w, https:\/\/www.czechcyclingfederation.com\/wp-content\/uploads\/2020\/12\/OCA-let\u00e1k-1162x1536.jpg 1162w, https:\/\/www.czechcyclingfederation.com\/wp-content\/uploads\/2020\/12\/OCA-let\u00e1k-1320x1744.jpg 1320w, https:\/\/www.czechcyclingfederation.com\/wp-content\/uploads\/2020\/12\/OCA-let\u00e1k.jpg 1469w\" sizes=\"auto, (max-width: 775px) 100vw, 775px\" \/><\/figure>\n","protected":false},"excerpt":{"rendered":"<p>Dne\u0161n\u00ed nelehk\u00e1 doba znamen\u00e1 pro mnoh\u00e9 z n\u00e1s velikou nejistotu, nikdo nev\u00edme, co n\u00e1s \u010dek\u00e1 v n\u00e1sleduj\u00edc\u00edch m\u011bs\u00edc\u00edch. Jedno je v\u0161ak jist\u00e9, a to, \u017ee s omezen\u00edm ve\u0161ker\u00fdch vnit\u0159n\u00edch prostor se populace p\u0159esouv\u00e1 v\u00edce do p\u0159\u00edrody a rozm\u00e1haj\u00ed se rekrea\u010dn\u00ed sporty v \u010dele s cyklistikou a b\u011bh\u00e1n\u00edm. Open Cycling Academy je u\u017e podle n\u00e1zvu prim\u00e1rn\u011b [&hellip;]<\/p>\n","protected":false},"author":8,"featured_media":3095,"comment_status":"closed","ping_status":"open","sticky":false,"template":"","format":"standard","meta":{"footnotes":""},"categories":[2,65],"tags":[],"class_list":["post-3094","post","type-post","status-publish","format-standard","has-post-thumbnail","hentry","category-novinky","category-subdisciplina"],"_links":{"self":[{"href":"https:\/\/www.czechcyclingfederation.com\/en\/wp-json\/wp\/v2\/posts\/3094","targetHints":{"allow":["GET"]}}],"collection":[{"href":"https:\/\/www.czechcyclingfederation.com\/en\/wp-json\/wp\/v2\/posts"}],"about":[{"href":"https:\/\/www.czechcyclingfederation.com\/en\/wp-json\/wp\/v2\/types\/post"}],"author":[{"embeddable":true,"href":"https:\/\/www.czechcyclingfederation.com\/en\/wp-json\/wp\/v2\/users\/8"}],"replies":[{"embeddable":true,"href":"https:\/\/www.czechcyclingfederation.com\/en\/wp-json\/wp\/v2\/comments?post=3094"}],"version-history":[{"count":1,"href":"https:\/\/www.czechcyclingfederation.com\/en\/wp-json\/wp\/v2\/posts\/3094\/revisions"}],"predecessor-version":[{"id":3097,"href":"https:\/\/www.czechcyclingfederation.com\/en\/wp-json\/wp\/v2\/posts\/3094\/revisions\/3097"}],"wp:featuredmedia":[{"embeddable":true,"href":"https:\/\/www.czechcyclingfederation.com\/en\/wp-json\/wp\/v2\/media\/3095"}],"wp:attachment":[{"href":"https:\/\/www.czechcyclingfederation.com\/en\/wp-json\/wp\/v2\/media?parent=3094"}],"wp:term":[{"taxonomy":"category","embeddable":true,"href":"https:\/\/www.czechcyclingfederation.com\/en\/wp-json\/wp\/v2\/categories?post=3094"},{"taxonomy":"post_tag","embeddable":true,"href":"https:\/\/www.czechcyclingfederation.com\/en\/wp-json\/wp\/v2\/tags?post=3094"}],"curies":[{"name":"wp","href":"https:\/\/api.w.org\/{rel}","templated":true}]}}