{"id":3091,"date":"2020-12-22T22:29:37","date_gmt":"2020-12-22T21:29:37","guid":{"rendered":"http:\/\/www.czechcyclingfederation.com\/?p=3091"},"modified":"2020-12-22T22:29:37","modified_gmt":"2020-12-22T21:29:37","slug":"pf-2021-podekovani-a-prani-prezidenta-csc-petra-marka","status":"publish","type":"post","link":"https:\/\/www.czechcyclingfederation.com\/en\/pf-2021-podekovani-a-prani-prezidenta-csc-petra-marka\/","title":{"rendered":"PF 2021, pod\u011bkov\u00e1n\u00ed a p\u0159\u00e1n\u00ed prezidenta \u010cSC Petra Marka"},"content":{"rendered":"\n<p>V\u00e1\u017een\u00ed p\u0159\u00e1tel\u00e9,<\/p>\n\n\n\n<p>Dovolte, abych V\u00e1m v\u0161em, sportovc\u016fm, tren\u00e9r\u016fm, \u010dlen\u016fm realiza\u010dn\u00edch t\u00fdm\u016f, po\u0159adatel\u016fm cyklistick\u00fdch z\u00e1vod\u016f a dal\u0161\u00edm \u010dlen\u016fm a \u010dinovn\u00edk\u016fm \u010cesk\u00e9ho svazu cyklistiky, &nbsp;pod\u011bkoval za ob\u011btavou pr\u00e1ci, tr\u00e9ninkovou p\u00edli, sportovn\u00ed v\u00fdsledky a organiza\u010dn\u00ed a pracovn\u00ed \u00fasil\u00ed, kter\u00e9 jste museli v leto\u0161n\u00edm nelehk\u00e9m roce vynalo\u017eit, abyste p\u0159ekonali spoustu p\u0159ek\u00e1\u017eek a dos\u00e1hli \u00fasp\u011bchu. Velmi si Va\u0161\u00ed pr\u00e1ce v\u00e1\u017e\u00edm a d\u011bkuji V\u00e1m za n\u00ed.<\/p>\n\n\n\n<p>P\u0159eji V\u00e1m v\u0161em hezk\u00e9 pro\u017eit\u00ed V\u00e1no\u010dn\u00edch sv\u00e1tk\u016f a do nov\u00e9ho roku 2021 pevn\u00e9 zdrav\u00ed a mnoho sportovn\u00edch a pracovn\u00edch \u00fasp\u011bch\u016f.<\/p>\n\n\n\n<p>\u00a0 \u00a0 \u00a0 \u00a0 \u00a0 \u00a0 \u00a0 \u00a0 \u00a0 \u00a0 \u00a0 \u00a0 \u00a0 \u00a0 \u00a0 \u00a0 \u00a0 \u00a0 Petr Marek , prezident \u010cSC<\/p>\n\n\n\n<figure class=\"wp-block-image size-large\"><img loading=\"lazy\" decoding=\"async\" width=\"1024\" height=\"576\" src=\"http:\/\/www.czechcyclingfederation.com\/wp-content\/uploads\/2020\/12\/\u010cesk\u00fd-svaz-cyklistiky_PF-2021_m-1024x576.jpg\" alt=\"\" class=\"wp-image-3092\" srcset=\"https:\/\/www.czechcyclingfederation.com\/wp-content\/uploads\/2020\/12\/\u010cesk\u00fd-svaz-cyklistiky_PF-2021_m-1024x576.jpg 1024w, https:\/\/www.czechcyclingfederation.com\/wp-content\/uploads\/2020\/12\/\u010cesk\u00fd-svaz-cyklistiky_PF-2021_m-300x169.jpg 300w, https:\/\/www.czechcyclingfederation.com\/wp-content\/uploads\/2020\/12\/\u010cesk\u00fd-svaz-cyklistiky_PF-2021_m-768x432.jpg 768w, https:\/\/www.czechcyclingfederation.com\/wp-content\/uploads\/2020\/12\/\u010cesk\u00fd-svaz-cyklistiky_PF-2021_m-1536x864.jpg 1536w, https:\/\/www.czechcyclingfederation.com\/wp-content\/uploads\/2020\/12\/\u010cesk\u00fd-svaz-cyklistiky_PF-2021_m-2048x1152.jpg 2048w, https:\/\/www.czechcyclingfederation.com\/wp-content\/uploads\/2020\/12\/\u010cesk\u00fd-svaz-cyklistiky_PF-2021_m-1320x742.jpg 1320w\" sizes=\"auto, (max-width: 1024px) 100vw, 1024px\" \/><\/figure>\n","protected":false},"excerpt":{"rendered":"<p>V\u00e1\u017een\u00ed p\u0159\u00e1tel\u00e9, Dovolte, abych V\u00e1m v\u0161em, sportovc\u016fm, tren\u00e9r\u016fm, \u010dlen\u016fm realiza\u010dn\u00edch t\u00fdm\u016f, po\u0159adatel\u016fm cyklistick\u00fdch z\u00e1vod\u016f a dal\u0161\u00edm \u010dlen\u016fm a \u010dinovn\u00edk\u016fm \u010cesk\u00e9ho svazu cyklistiky, &nbsp;pod\u011bkoval za ob\u011btavou pr\u00e1ci, tr\u00e9ninkovou p\u00edli, sportovn\u00ed v\u00fdsledky a organiza\u010dn\u00ed a pracovn\u00ed \u00fasil\u00ed, kter\u00e9 jste museli v leto\u0161n\u00edm nelehk\u00e9m roce vynalo\u017eit, abyste p\u0159ekonali spoustu p\u0159ek\u00e1\u017eek a dos\u00e1hli \u00fasp\u011bchu. Velmi si Va\u0161\u00ed pr\u00e1ce v\u00e1\u017e\u00edm [&hellip;]<\/p>\n","protected":false},"author":3,"featured_media":3092,"comment_status":"closed","ping_status":"open","sticky":false,"template":"","format":"standard","meta":{"footnotes":""},"categories":[28,2],"tags":[119],"class_list":["post-3091","post","type-post","status-publish","format-standard","has-post-thumbnail","hentry","category-cesky-svaz-cyklistiky","category-novinky","tag-csc"],"_links":{"self":[{"href":"https:\/\/www.czechcyclingfederation.com\/en\/wp-json\/wp\/v2\/posts\/3091","targetHints":{"allow":["GET"]}}],"collection":[{"href":"https:\/\/www.czechcyclingfederation.com\/en\/wp-json\/wp\/v2\/posts"}],"about":[{"href":"https:\/\/www.czechcyclingfederation.com\/en\/wp-json\/wp\/v2\/types\/post"}],"author":[{"embeddable":true,"href":"https:\/\/www.czechcyclingfederation.com\/en\/wp-json\/wp\/v2\/users\/3"}],"replies":[{"embeddable":true,"href":"https:\/\/www.czechcyclingfederation.com\/en\/wp-json\/wp\/v2\/comments?post=3091"}],"version-history":[{"count":1,"href":"https:\/\/www.czechcyclingfederation.com\/en\/wp-json\/wp\/v2\/posts\/3091\/revisions"}],"predecessor-version":[{"id":3093,"href":"https:\/\/www.czechcyclingfederation.com\/en\/wp-json\/wp\/v2\/posts\/3091\/revisions\/3093"}],"wp:featuredmedia":[{"embeddable":true,"href":"https:\/\/www.czechcyclingfederation.com\/en\/wp-json\/wp\/v2\/media\/3092"}],"wp:attachment":[{"href":"https:\/\/www.czechcyclingfederation.com\/en\/wp-json\/wp\/v2\/media?parent=3091"}],"wp:term":[{"taxonomy":"category","embeddable":true,"href":"https:\/\/www.czechcyclingfederation.com\/en\/wp-json\/wp\/v2\/categories?post=3091"},{"taxonomy":"post_tag","embeddable":true,"href":"https:\/\/www.czechcyclingfederation.com\/en\/wp-json\/wp\/v2\/tags?post=3091"}],"curies":[{"name":"wp","href":"https:\/\/api.w.org\/{rel}","templated":true}]}}