{"id":30908,"date":"2024-07-27T17:50:20","date_gmt":"2024-07-27T15:50:20","guid":{"rendered":"https:\/\/www.czechcyclingfederation.com\/?p=30908"},"modified":"2024-07-27T17:51:31","modified_gmt":"2024-07-27T15:51:31","slug":"brit-gloag-prvni-na-dlouhych-stranich-zluty-dres-drzi-hirschi","status":"publish","type":"post","link":"https:\/\/www.czechcyclingfederation.com\/en\/brit-gloag-prvni-na-dlouhych-stranich-zluty-dres-drzi-hirschi\/","title":{"rendered":"Brit Gloag prvn\u00ed na Dlouh\u00fdch str\u00e1n\u00edch, \u017elut\u00fd dres dr\u017e\u00ed Hirschi"},"content":{"rendered":"\n<p>Senza\u010dn\u00ed v\u00edt\u011bzstv\u00ed oslavil <strong>Thomas Gloag,<\/strong> britsk\u00fd cyklista ve slu\u017eb\u00e1ch t\u00fdmu Visma Lease a Bike, ve t\u0159et\u00edm d\u011bjstv\u00ed Czech Tour 2024! Nejlep\u0161\u00edm dom\u00e1c\u00edm jezdcem byl stejn\u011b jako v p\u00e1tek na 19. m\u00edst\u011b <strong>Martin Voltr<\/strong>.<\/p>\n\n\n\n<p>Dvaadvacetilet\u00fd Gloag rok nez\u00e1vodil pot\u00e9, co jej srazilo auto. Hrozilo, \u017ee bude muset ukon\u010dit kari\u00e9ru. Nejv\u011bt\u0161\u00ed tuzemsk\u00fd etapov\u00fd z\u00e1vod pro n\u011bj p\u0159edstavuje comeback do vrcholov\u00e9 cyklistiky. V sobotu oslavil p\u0159i kr\u00e1lovsk\u00e9 etap\u011b s ikonick\u00fdm v\u00fdjezdem na Dlouh\u00e9 str\u00e1n\u011b prvn\u00ed triumf profesion\u00e1ln\u00ed kari\u00e9ry.<\/p>\n\n\n\n<p><em>\u201eJsem moc \u0161\u0165astn\u00fd. Je to k neuv\u011b\u0159en\u00ed. Mus\u00edm ohromn\u011b pod\u011bkovat rodin\u011b, p\u0159\u00edtelkyni a v\u0161em kamar\u00e1d\u016fm, kte\u0159\u00ed p\u0159i mn\u011b st\u00e1li b\u011bhem minul\u00fdch dvan\u00e1cti m\u011bs\u00edc\u016f, kdy jsem bojoval o n\u00e1vrat,\u201c <\/em>\u0159ekl Gloag.<\/p>\n\n\n\n<figure class=\"wp-block-image size-large\"><img loading=\"lazy\" decoding=\"async\" width=\"1024\" height=\"683\" src=\"https:\/\/www.czechcyclingfederation.com\/wp-content\/uploads\/2024\/07\/gloag-2-1024x683.jpg\" alt=\"\" class=\"wp-image-30911\" srcset=\"https:\/\/www.czechcyclingfederation.com\/wp-content\/uploads\/2024\/07\/gloag-2-1024x683.jpg 1024w, https:\/\/www.czechcyclingfederation.com\/wp-content\/uploads\/2024\/07\/gloag-2-300x200.jpg 300w, https:\/\/www.czechcyclingfederation.com\/wp-content\/uploads\/2024\/07\/gloag-2-768x512.jpg 768w, https:\/\/www.czechcyclingfederation.com\/wp-content\/uploads\/2024\/07\/gloag-2-1536x1025.jpg 1536w, https:\/\/www.czechcyclingfederation.com\/wp-content\/uploads\/2024\/07\/gloag-2-2048x1366.jpg 2048w, https:\/\/www.czechcyclingfederation.com\/wp-content\/uploads\/2024\/07\/gloag-2-1320x880.jpg 1320w\" sizes=\"auto, (max-width: 1024px) 100vw, 1024px\" \/><\/figure>\n\n\n\n<p>V \u010dele pr\u016fb\u011b\u017en\u00e9ho po\u0159ad\u00ed z\u016fstal i pro kr\u00e1lovsk\u00e9 etap\u011b \u0160v\u00fdcar Marc Hirschi, kter\u00fd \u00fatokem na posledn\u00edm kilometru z\u00edskal k dobru dal\u0161\u00edch p\u00e1r sekund na nejv\u011bt\u0161\u00ed soupe\u0159e. Do z\u00e1v\u011bre\u010dn\u00e9ho \u010dtvrt\u00e9ho d\u011bjstv\u00ed vstoup\u00ed s n\u00e1skokem dvaadvaceti sekund na t\u00fdmov\u00e9ho kolegu Ulissiho.<\/p>\n\n\n\n<p>B\u011bhem kr\u00e1lovsk\u00e9 etapy nedal peloton uprchl\u00edk\u016fm mnoho prostoru. Bylo jasn\u00e9, \u017ee rozhoduj\u00edc\u00edm faktorem bude brut\u00e1ln\u00ed v\u00fdstup na Dlouh\u00e9 str\u00e1n\u011b. Deset kilometr\u016f p\u0159ed c\u00edlem vyrazil neohro\u017een\u011b Gloag a udr\u017eel m\u00edrn\u00fd n\u00e1skok p\u0159ed skupinou favorit\u016f.<\/p>\n\n\n\n<figure class=\"wp-block-image size-large\"><img loading=\"lazy\" decoding=\"async\" width=\"1024\" height=\"683\" src=\"https:\/\/www.czechcyclingfederation.com\/wp-content\/uploads\/2024\/07\/czech-tour-3.-etapa-1024x683.jpg\" alt=\"\" class=\"wp-image-30913\" srcset=\"https:\/\/www.czechcyclingfederation.com\/wp-content\/uploads\/2024\/07\/czech-tour-3.-etapa-1024x683.jpg 1024w, https:\/\/www.czechcyclingfederation.com\/wp-content\/uploads\/2024\/07\/czech-tour-3.-etapa-300x200.jpg 300w, https:\/\/www.czechcyclingfederation.com\/wp-content\/uploads\/2024\/07\/czech-tour-3.-etapa-768x512.jpg 768w, https:\/\/www.czechcyclingfederation.com\/wp-content\/uploads\/2024\/07\/czech-tour-3.-etapa-1536x1024.jpg 1536w, https:\/\/www.czechcyclingfederation.com\/wp-content\/uploads\/2024\/07\/czech-tour-3.-etapa-2048x1366.jpg 2048w, https:\/\/www.czechcyclingfederation.com\/wp-content\/uploads\/2024\/07\/czech-tour-3.-etapa-1320x880.jpg 1320w\" sizes=\"auto, (max-width: 1024px) 100vw, 1024px\" \/><\/figure>\n\n\n\n<p>Gloag z\u00e1vodil naposledy 29. \u010dervence minul\u00e9ho roku p\u0159i klasice San Sebastian. Pak jej srazilo p\u0159i tr\u00e9ninku auto. O\u010dek\u00e1val se jeho n\u00e1vrat u\u017e v pr\u016fb\u011bhu leto\u0161n\u00edho \u010dervna, kdy m\u011bl v pl\u00e1nu etap\u00e1k Kolem \u0160v\u00fdcarska. Ov\u0161em rekonvalescence si vy\u017e\u00e1dala del\u0161\u00ed dobu, a tak se mimo\u0159\u00e1dn\u00fd talent britsk\u00e9 cyklistiky vr\u00e1til do pelotonu p\u0159i Czech Tour 2024. Dnes n\u00e1vrat oslavil t\u00edm nejlep\u0161\u00edm zp\u016fsobem.<\/p>\n\n\n\n<p><strong>V\u00fdsledky 3. etapy<\/strong> (Moravsk\u00e1 T\u0159ebov\u00e1-Dlouh\u00e9 str\u00e1n\u011b, 134,5 km): 1. Gloag (Brit.\/Visma-Lease a Bike) 3:23:59, 2. Hirschi (\u0160v\u00fdc.\/UAE Emirates) +8, 3. Ulissi (It.\/UAE Emirates), 4. Vermaerke (USA\/dsm-firmenich PostNL), 5. Higuita (Kol.\/Red Bull-Bora-hansgrohe), 6. Brenner (N\u011bm.\/Tudor) v\u0161ichni +13, &#8230; <strong>19. Voltr<\/strong> (\u010cR\/Pierre Baguette) +1:36, <strong>28. Boro\u0161<\/strong> (\u010cR\/Elkov-Kasper) +2:53.<\/p>\n\n\n\n<p><strong>Pr\u016fb\u011b\u017en\u00e9 po\u0159ad\u00ed<\/strong>: 1. Hirschi 11:11:58, 2. Ulissi +22, 3. Higuita +31, 4. Vermaerke, 5. Brenner oba -38+, 6. Storer (Austr.\/Tudor) +50, &#8230; <strong>20. Voltr <\/strong>+2:41, <strong>26. Boro\u0161<\/strong> +4:47, <strong>32. A. \u0164oupal\u00edk<\/strong> (\u010cR\/TDT-Unibet) +6:54.<\/p>\n\n\n\n<p>Foto Czech Tour Jan Brychta a Mark\u00e9ta Navr\u00e1tilov\u00e1<\/p>\n","protected":false},"excerpt":{"rendered":"<p>Senza\u010dn\u00ed v\u00edt\u011bzstv\u00ed oslavil Thomas Gloag, britsk\u00fd cyklista ve slu\u017eb\u00e1ch t\u00fdmu Visma Lease a Bike, ve t\u0159et\u00edm d\u011bjstv\u00ed Czech Tour 2024! Nejlep\u0161\u00edm dom\u00e1c\u00edm jezdcem byl stejn\u011b jako v p\u00e1tek na 19. m\u00edst\u011b Martin Voltr. Dvaadvacetilet\u00fd Gloag rok nez\u00e1vodil pot\u00e9, co jej srazilo auto. Hrozilo, \u017ee bude muset ukon\u010dit kari\u00e9ru. Nejv\u011bt\u0161\u00ed tuzemsk\u00fd etapov\u00fd z\u00e1vod pro n\u011bj p\u0159edstavuje [&hellip;]<\/p>\n","protected":false},"author":15,"featured_media":30909,"comment_status":"closed","ping_status":"open","sticky":false,"template":"","format":"standard","meta":{"footnotes":""},"categories":[2],"tags":[11],"class_list":["post-30908","post","type-post","status-publish","format-standard","has-post-thumbnail","hentry","category-novinky","tag-silnice"],"_links":{"self":[{"href":"https:\/\/www.czechcyclingfederation.com\/en\/wp-json\/wp\/v2\/posts\/30908","targetHints":{"allow":["GET"]}}],"collection":[{"href":"https:\/\/www.czechcyclingfederation.com\/en\/wp-json\/wp\/v2\/posts"}],"about":[{"href":"https:\/\/www.czechcyclingfederation.com\/en\/wp-json\/wp\/v2\/types\/post"}],"author":[{"embeddable":true,"href":"https:\/\/www.czechcyclingfederation.com\/en\/wp-json\/wp\/v2\/users\/15"}],"replies":[{"embeddable":true,"href":"https:\/\/www.czechcyclingfederation.com\/en\/wp-json\/wp\/v2\/comments?post=30908"}],"version-history":[{"count":2,"href":"https:\/\/www.czechcyclingfederation.com\/en\/wp-json\/wp\/v2\/posts\/30908\/revisions"}],"predecessor-version":[{"id":30916,"href":"https:\/\/www.czechcyclingfederation.com\/en\/wp-json\/wp\/v2\/posts\/30908\/revisions\/30916"}],"wp:featuredmedia":[{"embeddable":true,"href":"https:\/\/www.czechcyclingfederation.com\/en\/wp-json\/wp\/v2\/media\/30909"}],"wp:attachment":[{"href":"https:\/\/www.czechcyclingfederation.com\/en\/wp-json\/wp\/v2\/media?parent=30908"}],"wp:term":[{"taxonomy":"category","embeddable":true,"href":"https:\/\/www.czechcyclingfederation.com\/en\/wp-json\/wp\/v2\/categories?post=30908"},{"taxonomy":"post_tag","embeddable":true,"href":"https:\/\/www.czechcyclingfederation.com\/en\/wp-json\/wp\/v2\/tags?post=30908"}],"curies":[{"name":"wp","href":"https:\/\/api.w.org\/{rel}","templated":true}]}}