{"id":30876,"date":"2024-07-25T18:37:53","date_gmt":"2024-07-25T16:37:53","guid":{"rendered":"https:\/\/www.czechcyclingfederation.com\/?p=30876"},"modified":"2024-07-25T21:54:07","modified_gmt":"2024-07-25T19:54:07","slug":"bittner-spurtoval-v-uvodni-etape-czech-tour-druhy","status":"publish","type":"post","link":"https:\/\/www.czechcyclingfederation.com\/en\/bittner-spurtoval-v-uvodni-etape-czech-tour-druhy\/","title":{"rendered":"Bittner spurtoval v\u00a0\u00favodn\u00ed etap\u011b Czech Tour druh\u00fd"},"content":{"rendered":"\n<p><strong>Pavel Bittner<\/strong> (Team dsm-firmenich PostNL) obsadil druh\u00e9 m\u00edsto v\u00a0\u00favodn\u00ed etap\u011b leto\u0161n\u00edho ro\u010dn\u00edku Czech Tour, kter\u00e1 vedla z\u00a0Prost\u011bjova do Ostravy. V\u00a0z\u00e1v\u011bre\u010dn\u00e9m spurtu hlavn\u00edho pole po kostk\u00e1ch byl nad jeho s\u00edly pouze Ameri\u010dan <strong>Luke Lamperti <\/strong>z\u00a0t\u00fdmu Soudal Quick-Step, kter\u00fd obl\u00e9kl \u017elut\u00fd dres.<\/p>\n\n\n\n<p>V c\u00edlov\u00e9m spurtu jako prvn\u00ed rozkmital nohy Bittner, jemu\u017e se do posledn\u00ed levoto\u010div\u00e9 zat\u00e1\u010dky 400 metr\u016f od p\u00e1sky poda\u0159ilo vjet na ide\u00e1ln\u00ed pozici. S\u00e1zka na dlouh\u00fd n\u00e1stup v\u0161ak vzala za sv\u00e9 jen p\u00e1r metr\u016f p\u0159ed p\u00e1skou, kde m\u011bl o trochu v\u00edce sil Ameri\u010dan.<\/p>\n\n\n\n<p><em>\u201eCht\u011bl jsem sice vyhr\u00e1t, chyb\u011blo m\u00e1lo, ale druh\u00e9 m\u00edsto p\u0159ed dom\u00e1c\u00edm publikem se po\u010d\u00edt\u00e1. Fanou\u0161ci jsou od prvn\u00edho dne skv\u011bl\u00ed, atmosf\u00e9ra je vynikaj\u00edc\u00ed. C\u00edt\u00edm formu a mysl\u00edm, \u017ee jsou je\u0161t\u011b dal\u0161\u00ed etapy, kde je \u0161ance na v\u00edt\u011bzstv\u00ed,\u201c <\/em>\u0159ekl Bittner. Nen\u00ed sice specialista na prudk\u00e1 stoup\u00e1n\u00ed, ale jeho t\u00fdm chce na Czech Tour vyhr\u00e1t etapu. <em>\u201eM\u00e1me vrcha\u0159e,\u201c<\/em> ujistil 21let\u00fd rod\u00e1k z Olomouce.\u00a0<\/p>\n\n\n\n<figure class=\"wp-block-image size-large\"><img loading=\"lazy\" decoding=\"async\" width=\"1024\" height=\"683\" src=\"https:\/\/www.czechcyclingfederation.com\/wp-content\/uploads\/2024\/07\/CZECH-TOUR-16333-1024x683.jpg\" alt=\"\" class=\"wp-image-30881\" srcset=\"https:\/\/www.czechcyclingfederation.com\/wp-content\/uploads\/2024\/07\/CZECH-TOUR-16333-1024x683.jpg 1024w, https:\/\/www.czechcyclingfederation.com\/wp-content\/uploads\/2024\/07\/CZECH-TOUR-16333-300x200.jpg 300w, https:\/\/www.czechcyclingfederation.com\/wp-content\/uploads\/2024\/07\/CZECH-TOUR-16333-768x512.jpg 768w, https:\/\/www.czechcyclingfederation.com\/wp-content\/uploads\/2024\/07\/CZECH-TOUR-16333-1536x1024.jpg 1536w, https:\/\/www.czechcyclingfederation.com\/wp-content\/uploads\/2024\/07\/CZECH-TOUR-16333-2048x1366.jpg 2048w, https:\/\/www.czechcyclingfederation.com\/wp-content\/uploads\/2024\/07\/CZECH-TOUR-16333-1320x880.jpg 1320w\" sizes=\"auto, (max-width: 1024px) 100vw, 1024px\" \/><\/figure>\n\n\n\n<p>Zahajovac\u00ed etapa 16. ro\u010dn\u00edku Czech Tour m\u011b\u0159ila 151,3 km, peloton zavedla na jedinou vrcha\u0159skou pr\u00e9mii 2. kategorie na Kozlov\u011b a v z\u00e1v\u011bru odpoledne se m\u011bl naplnil p\u0159edepsan\u00fd sc\u00e9n\u00e1\u0159 v podob\u011b hromadn\u00e9ho dojezdu na Masarykov\u011b n\u00e1m\u011bst\u00ed v Ostrav\u011b, kam se z\u00e1vod vr\u00e1til po p\u011bti letech.<\/p>\n\n\n\n<p class=\"has-medium-font-size\"><strong>Kaloj\u00edros a \u0158eha v dlouh\u00e9m \u00faniku<\/strong><\/p>\n\n\n\n<p>Jakmile Leopold K\u00f6nig, \u0159editel n\u00e1rodn\u00ed tour, odm\u00e1val po 13. hodin\u011b ostr\u00fd start, <strong>Tom\u00e1\u0161 Kaloj\u00edros <\/strong>(Pierre Baguette Cycling) a <strong>Filip \u0158eha<\/strong> (ATT Investments) nedok\u00e1zali zkrotit sv\u00e9 ambice a bez respektu k osmi\u010dce worldtourov\u00fdch formac\u00ed, kter\u00e9 po\u0159adatel\u00e9 letos dostali na start, se pustili do samostatn\u00e9ho \u00faniku, v n\u011bm\u017e nakonec dostali n\u011bkolikahodinov\u00fd prostor.<\/p>\n\n\n\n<figure class=\"wp-block-image size-large\"><img loading=\"lazy\" decoding=\"async\" width=\"1024\" height=\"682\" src=\"https:\/\/www.czechcyclingfederation.com\/wp-content\/uploads\/2024\/07\/unik-kalojiros-reha-1024x682.jpg\" alt=\"\" class=\"wp-image-30883\" srcset=\"https:\/\/www.czechcyclingfederation.com\/wp-content\/uploads\/2024\/07\/unik-kalojiros-reha-1024x682.jpg 1024w, https:\/\/www.czechcyclingfederation.com\/wp-content\/uploads\/2024\/07\/unik-kalojiros-reha-300x200.jpg 300w, https:\/\/www.czechcyclingfederation.com\/wp-content\/uploads\/2024\/07\/unik-kalojiros-reha-768x511.jpg 768w, https:\/\/www.czechcyclingfederation.com\/wp-content\/uploads\/2024\/07\/unik-kalojiros-reha-1536x1022.jpg 1536w, https:\/\/www.czechcyclingfederation.com\/wp-content\/uploads\/2024\/07\/unik-kalojiros-reha-2048x1363.jpg 2048w, https:\/\/www.czechcyclingfederation.com\/wp-content\/uploads\/2024\/07\/unik-kalojiros-reha-1320x879.jpg 1320w\" sizes=\"auto, (max-width: 1024px) 100vw, 1024px\" \/><\/figure>\n\n\n\n<p>V\u00fdhoda \u010desk\u00e9 dvojice dos\u00e1hla maxim\u00e1ln\u011b 5minutov\u00e9 hranice. Kaloj\u00edros s \u0158ehou si zaz\u00e1vodili o body nejd\u0159\u00edv na vrcha\u0159sk\u00e9 pr\u00e9mii a pak i na t\u00e9 rychlostn\u00ed. Ob\u011b vybojoval star\u0161\u00ed z dua Kaloj\u00edros a do druh\u00e9ho d\u011bjstv\u00ed obl\u00e9kne dres s punt\u00edky, proto\u017ee ten sprintersk\u00fd mu d\u00edk vy\u0161\u0161\u00edmu bodov\u00e9mu p\u0159\u00edd\u011blu z c\u00edle vyfoukl Lamperti. Proto\u017ee je ale Ameri\u010dan pr\u016fb\u011b\u017en\u00fdm l\u00eddrem cel\u00e9ho z\u00e1vodu, zelen\u00fd trikot m\u00edsto n\u011bj poveze Bittner.<\/p>\n\n\n\n<p>Pr\u00e1v\u011b vrcha\u0159sk\u00e1 pr\u00e9mie na Kozlov\u011b probudila peloton a ten za\u010dal ne\u00faprosn\u011b stahovat odstup vedouc\u00edho tandemu. Po stovce kilometr\u016f etapy klesla v\u00fdhoda na dv\u011b minuty a 24 km od konce u\u017e to byla rovn\u00e1 minuta.<\/p>\n\n\n\n<figure class=\"wp-block-image size-large\"><img loading=\"lazy\" decoding=\"async\" width=\"1024\" height=\"683\" src=\"https:\/\/www.czechcyclingfederation.com\/wp-content\/uploads\/2024\/07\/CZECH-TOUR-16327-1024x683.jpg\" alt=\"\" class=\"wp-image-30885\" srcset=\"https:\/\/www.czechcyclingfederation.com\/wp-content\/uploads\/2024\/07\/CZECH-TOUR-16327-1024x683.jpg 1024w, https:\/\/www.czechcyclingfederation.com\/wp-content\/uploads\/2024\/07\/CZECH-TOUR-16327-300x200.jpg 300w, https:\/\/www.czechcyclingfederation.com\/wp-content\/uploads\/2024\/07\/CZECH-TOUR-16327-768x512.jpg 768w, https:\/\/www.czechcyclingfederation.com\/wp-content\/uploads\/2024\/07\/CZECH-TOUR-16327-1536x1024.jpg 1536w, https:\/\/www.czechcyclingfederation.com\/wp-content\/uploads\/2024\/07\/CZECH-TOUR-16327-2048x1366.jpg 2048w, https:\/\/www.czechcyclingfederation.com\/wp-content\/uploads\/2024\/07\/CZECH-TOUR-16327-1320x880.jpg 1320w\" sizes=\"auto, (max-width: 1024px) 100vw, 1024px\" \/><\/figure>\n\n\n\n<p>Kdy\u017e u\u017e za\u010dal peloton dv\u011bma odv\u00e1\u017elivc\u016fm 10 km od fini\u0161e d\u00fdchat na z\u00e1da, vzal to Kaloj\u00edros na sebe, dvakr\u00e1t \u0158ehovi nastoupil a jeho druh\u00e1 akcelerace celodenn\u00ed jednotu rozbila. I tato last minute snaha jednotlivce v\u0161ak byla p\u0159ed hladov\u00fdm pelotonem pln\u00fdm sprinter\u016f marn\u00e1. Sedm kilometr\u016f p\u0159ed c\u00edlem hlavn\u00ed pole pohltilo \u0158ehu a 2 km nato taky star\u0161\u00edho z dvojice.<\/p>\n\n\n\n<p>Pak u\u017e ke slovu p\u0159i\u0161ly spurtersk\u00e9 vl\u00e1\u010dky. A v kone\u010dn\u00e9m souboji Bittner odv\u00e1\u017en\u011b nastoupil, ale posledn\u00ed slovo m\u011bl Lamperti, kter\u00fd z\u00e1vod\u00ed teprve prvn\u00ed rok mezi profesion\u00e1ly. <em>\u201ePro m\u011b je v\u017edycky t\u011b\u017ek\u00e9 usp\u011bt v rovinat\u00e9 etap\u011b,\u201c<\/em> \u0159\u00edkal 21let\u00fd Ameri\u010dan. <em>\u201eZvl\u00e1\u0161\u0165 kdy\u017e tu m\u00e1te t\u00fdmy pln\u00e9 sprinter\u016f. Ale stejn\u011b nikdy nev\u00edte. D\u00edky t\u00fdmu, jsem \u0161\u0165astn\u00fd.\u201c<\/em><\/p>\n\n\n\n<figure class=\"wp-block-image size-large\"><img loading=\"lazy\" decoding=\"async\" width=\"1024\" height=\"683\" src=\"https:\/\/www.czechcyclingfederation.com\/wp-content\/uploads\/2024\/07\/CZECH-TOUR-16432-1024x683.jpg\" alt=\"\" class=\"wp-image-30887\" srcset=\"https:\/\/www.czechcyclingfederation.com\/wp-content\/uploads\/2024\/07\/CZECH-TOUR-16432-1024x683.jpg 1024w, https:\/\/www.czechcyclingfederation.com\/wp-content\/uploads\/2024\/07\/CZECH-TOUR-16432-300x200.jpg 300w, https:\/\/www.czechcyclingfederation.com\/wp-content\/uploads\/2024\/07\/CZECH-TOUR-16432-768x512.jpg 768w, https:\/\/www.czechcyclingfederation.com\/wp-content\/uploads\/2024\/07\/CZECH-TOUR-16432-1536x1024.jpg 1536w, https:\/\/www.czechcyclingfederation.com\/wp-content\/uploads\/2024\/07\/CZECH-TOUR-16432-2048x1366.jpg 2048w, https:\/\/www.czechcyclingfederation.com\/wp-content\/uploads\/2024\/07\/CZECH-TOUR-16432-1320x880.jpg 1320w\" sizes=\"auto, (max-width: 1024px) 100vw, 1024px\" \/><\/figure>\n\n\n\n<p><strong>V\u00fdsledky 1. etapy<\/strong> (151,2 km): 1. Lamperti (USA\/Soudal-Quick Step) 3:30:25, <strong>2. Bittner <\/strong>(\u010cR\/Team dsm-firmenich PostNL), 3. Einhorn (Izr.\/Israel Premier Tech Academy), 4. Zijlaard (Niz.\/Tudor), 5. Molano (Kol.\/UAE Team Emirates) v\u0161. stejn\u00fd \u010das, &#8230; <strong>14. Neuman<\/strong> (\u010cR\/ATT Investments) stejn\u00fd \u010das.<\/p>\n\n\n\n<p>Foto: Czech Tour<\/p>\n","protected":false},"excerpt":{"rendered":"<p>Pavel Bittner (Team dsm-firmenich PostNL) obsadil druh\u00e9 m\u00edsto v\u00a0\u00favodn\u00ed etap\u011b leto\u0161n\u00edho ro\u010dn\u00edku Czech Tour, kter\u00e1 vedla z\u00a0Prost\u011bjova do Ostravy. V\u00a0z\u00e1v\u011bre\u010dn\u00e9m spurtu hlavn\u00edho pole po kostk\u00e1ch byl nad jeho s\u00edly pouze Ameri\u010dan Luke Lamperti z\u00a0t\u00fdmu Soudal Quick-Step, kter\u00fd obl\u00e9kl \u017elut\u00fd dres. V c\u00edlov\u00e9m spurtu jako prvn\u00ed rozkmital nohy Bittner, jemu\u017e se do posledn\u00ed levoto\u010div\u00e9 zat\u00e1\u010dky 400 [&hellip;]<\/p>\n","protected":false},"author":15,"featured_media":30877,"comment_status":"closed","ping_status":"open","sticky":false,"template":"","format":"standard","meta":{"footnotes":""},"categories":[2,46],"tags":[11],"class_list":["post-30876","post","type-post","status-publish","format-standard","has-post-thumbnail","hentry","category-novinky","category-novinky-sportovni-centra","tag-silnice"],"_links":{"self":[{"href":"https:\/\/www.czechcyclingfederation.com\/en\/wp-json\/wp\/v2\/posts\/30876","targetHints":{"allow":["GET"]}}],"collection":[{"href":"https:\/\/www.czechcyclingfederation.com\/en\/wp-json\/wp\/v2\/posts"}],"about":[{"href":"https:\/\/www.czechcyclingfederation.com\/en\/wp-json\/wp\/v2\/types\/post"}],"author":[{"embeddable":true,"href":"https:\/\/www.czechcyclingfederation.com\/en\/wp-json\/wp\/v2\/users\/15"}],"replies":[{"embeddable":true,"href":"https:\/\/www.czechcyclingfederation.com\/en\/wp-json\/wp\/v2\/comments?post=30876"}],"version-history":[{"count":2,"href":"https:\/\/www.czechcyclingfederation.com\/en\/wp-json\/wp\/v2\/posts\/30876\/revisions"}],"predecessor-version":[{"id":30889,"href":"https:\/\/www.czechcyclingfederation.com\/en\/wp-json\/wp\/v2\/posts\/30876\/revisions\/30889"}],"wp:featuredmedia":[{"embeddable":true,"href":"https:\/\/www.czechcyclingfederation.com\/en\/wp-json\/wp\/v2\/media\/30877"}],"wp:attachment":[{"href":"https:\/\/www.czechcyclingfederation.com\/en\/wp-json\/wp\/v2\/media?parent=30876"}],"wp:term":[{"taxonomy":"category","embeddable":true,"href":"https:\/\/www.czechcyclingfederation.com\/en\/wp-json\/wp\/v2\/categories?post=30876"},{"taxonomy":"post_tag","embeddable":true,"href":"https:\/\/www.czechcyclingfederation.com\/en\/wp-json\/wp\/v2\/tags?post=30876"}],"curies":[{"name":"wp","href":"https:\/\/api.w.org\/{rel}","templated":true}]}}