{"id":30837,"date":"2024-07-24T06:40:59","date_gmt":"2024-07-24T04:40:59","guid":{"rendered":"https:\/\/www.czechcyclingfederation.com\/?p=30837"},"modified":"2024-07-24T06:41:02","modified_gmt":"2024-07-24T04:41:02","slug":"mathias-vacek-bylo-by-super-se-v-casovce-dostat-do-top-10","status":"publish","type":"post","link":"https:\/\/www.czechcyclingfederation.com\/en\/mathias-vacek-bylo-by-super-se-v-casovce-dostat-do-top-10\/","title":{"rendered":"Mathias Vacek: Bylo by super se v\u00a0\u010dasovce dostat do top 10"},"content":{"rendered":"\n<p>\u00da\u0159aduj\u00edc\u00ed \u010desk\u00fd \u0161ampion v \u010dasovce a \u0161ampion hromadn\u00e9ho z\u00e1vodu v silni\u010dn\u00ed cyklistice z roku 2023 <strong>Mathias Vacek <\/strong>je p\u0159ed olympijsk\u00fdm vystoupen\u00edm v Pa\u0159\u00ed\u017ei pln\u00fd optimismu a velk\u00e9ho o\u010dek\u00e1v\u00e1n\u00ed. Dvaadvacetilet\u00fd reprezentant se p\u0159edstav\u00ed v boj\u00edch pod p\u011bti kruhy dvakr\u00e1t. B\u011bhem prvn\u00edho olympijsk\u00e9ho v\u00edkendu v \u010dasovce, o t\u00fdden pozd\u011bji pak p\u0159i z\u00e1vod\u011b s hromadn\u00fdm startem.<\/p>\n\n\n\n<figure class=\"wp-block-image size-large\"><img loading=\"lazy\" decoding=\"async\" width=\"1024\" height=\"896\" src=\"https:\/\/www.czechcyclingfederation.com\/wp-content\/uploads\/2024\/07\/vacek-2-1-1024x896.jpg\" alt=\"\" class=\"wp-image-30844\" srcset=\"https:\/\/www.czechcyclingfederation.com\/wp-content\/uploads\/2024\/07\/vacek-2-1-1024x896.jpg 1024w, https:\/\/www.czechcyclingfederation.com\/wp-content\/uploads\/2024\/07\/vacek-2-1-229x200.jpg 229w, https:\/\/www.czechcyclingfederation.com\/wp-content\/uploads\/2024\/07\/vacek-2-1-768x672.jpg 768w, https:\/\/www.czechcyclingfederation.com\/wp-content\/uploads\/2024\/07\/vacek-2-1-1536x1344.jpg 1536w, https:\/\/www.czechcyclingfederation.com\/wp-content\/uploads\/2024\/07\/vacek-2-1-2048x1791.jpg 2048w, https:\/\/www.czechcyclingfederation.com\/wp-content\/uploads\/2024\/07\/vacek-2-1-1320x1155.jpg 1320w\" sizes=\"auto, (max-width: 1024px) 100vw, 1024px\" \/><\/figure>\n\n\n\n<p>Olympijsk\u00e1 \u010dasovka m\u011b\u0159\u00ed 32 kilometr\u016f a cyklist\u00e9 mus\u00ed poko\u0159it 150 v\u00fd\u0161kov\u00fdch metr\u016f. Vacek nepat\u0159\u00ed mezi nejv\u011bt\u0161\u00ed favority, ale ur\u010dit\u011b m\u016f\u017ee p\u0159ekvapit. <em>\u201eN\u011bkdo p\u0159ijede \u010derstv\u00fd a nebude rozjet\u00fd. Dal\u0161\u00ed kluci budou m\u00edt v noh\u00e1ch Tour de France a z\u00e1vod jim nemus\u00ed sednout kv\u016fli \u00fanav\u011b. Pokud bych se dostal mezi nejlep\u0161\u00edch deset, bylo by to super. J\u00e1 douf\u00e1m, \u017ee si v\u0161echno sedne a budu m\u00edt dobr\u00e9 nohy,\u201c<\/em> prohl\u00e1sil rod\u00e1k z Berouna, jemu\u017e p\u0159i boji s chronometrem sed\u00ed sp\u00ed\u0161e krat\u0161\u00ed distance.<\/p>\n\n\n\n<p><em>\u201ePro m\u011b jsou perfektn\u00ed \u010dasovky do patn\u00e1cti kilometr\u016f, proto\u017ee krat\u0161\u00ed intenzity um\u00edm jezdit dob\u0159e. Ale posledn\u00ed dobou hodn\u011b tr\u00e9nuji i del\u0161\u00ed intervaly na \u010dasovk\u00e1\u0159sk\u00e9m speci\u00e1lu. Kl\u00ed\u010dov\u00e9 bude spr\u00e1vn\u011b rozlo\u017eit s\u00edly. P\u0159ed \u010dty\u0159mi lety jsem ve Francii vyhr\u00e1l v \u010dasovce mistrovstv\u00ed Evropy junior\u016f. Tehdy m\u011b\u0159il z\u00e1vod p\u011btadvacet kilometr\u016f a p\u0159ev\u00fd\u0161en\u00ed bylo p\u0159es t\u0159i sta metr\u016f. Douf\u00e1m, \u017ee mi Francie bude znovu naklon\u011bna. Na republikov\u00e9m mistrovstv\u00ed byla \u010dasovka je\u0161t\u011b del\u0161\u00ed ne\u017e olympijsk\u00e1, tud\u00ed\u017e p\u0159ibli\u017enou p\u0159edstavu o z\u00e1vod\u011b si ud\u011blat um\u00edm,\u201c<\/em> vykl\u00e1dal Mathias Vacek.<\/p>\n\n\n\n<p>\u010casovku absolvuje u\u017e v sobotu, hromadn\u00fd z\u00e1vod je v olympijsk\u00e9m programu 3. srpna. Peloton vyraz\u00ed ze \u010dtvrti Trocad\u00e9ro v bl\u00edzkosti Eiffelovy v\u011b\u017ee. Jezdci budou \u010delit kopcovit\u00e9mu ter\u00e9nu. Mus\u00ed poko\u0159it celkem 13 z\u00e1sadn\u00edch stoup\u00e1n\u00ed, v\u011bt\u0161inou o d\u00e9lce jeden a\u017e dva kilometry, p\u0159i\u010dem\u017e pr\u016fm\u011brn\u00fd sklon je v\u011bt\u0161inou p\u011bt a\u017e \u0161est procent. N\u011bkolik kopc\u016f je dl\u00e1\u017ed\u011bn\u00fdch, tud\u00ed\u017e olympijsk\u00fd silni\u010dn\u00ed z\u00e1vod p\u0159ipom\u00edn\u00e1 vl\u00e1msk\u00e9 klasiky.<\/p>\n\n\n\n<figure class=\"wp-block-image size-large\"><img loading=\"lazy\" decoding=\"async\" width=\"1024\" height=\"682\" src=\"https:\/\/www.czechcyclingfederation.com\/wp-content\/uploads\/2024\/07\/mathias-trat-1-1024x682.jpg\" alt=\"\" class=\"wp-image-30846\" srcset=\"https:\/\/www.czechcyclingfederation.com\/wp-content\/uploads\/2024\/07\/mathias-trat-1-1024x682.jpg 1024w, https:\/\/www.czechcyclingfederation.com\/wp-content\/uploads\/2024\/07\/mathias-trat-1-300x200.jpg 300w, https:\/\/www.czechcyclingfederation.com\/wp-content\/uploads\/2024\/07\/mathias-trat-1-768x511.jpg 768w, https:\/\/www.czechcyclingfederation.com\/wp-content\/uploads\/2024\/07\/mathias-trat-1-1536x1022.jpg 1536w, https:\/\/www.czechcyclingfederation.com\/wp-content\/uploads\/2024\/07\/mathias-trat-1-2048x1363.jpg 2048w, https:\/\/www.czechcyclingfederation.com\/wp-content\/uploads\/2024\/07\/mathias-trat-1-1320x879.jpg 1320w\" sizes=\"auto, (max-width: 1024px) 100vw, 1024px\" \/><\/figure>\n\n\n\n<p><em>\u201eJe to vylo\u017een\u011b klasik\u00e1\u0159sk\u00fd profil. Okruh jsem si prohl\u00ed\u017eel a bude to na v\u00fdbu\u0161nost. Sc\u00e9n\u00e1\u0159\u016f je ur\u010dit\u011b mnoho. V n\u011bkter\u00fdch t\u00fdmech ur\u010dit\u011b bude panovat vnit\u0159n\u00ed pnut\u00ed, proto m\u016f\u017ee b\u00fdt v\u00fdvoj jak\u00fdkoliv. P\u016fjde o hodn\u011b zaj\u00edmav\u00fd z\u00e1vod. Jede se bez vys\u00edla\u010dek, z\u00e1vodn\u00edk\u016f je t\u00e9m\u011b\u0159 polovina proti standardn\u00edmu pelotonu. Ale zase p\u016fjde jenom o sam\u00e9 skv\u011bl\u00e9 cyklisty. D\u016fle\u017eit\u00fd bude ka\u017ed\u00fd detail jako je \u0161et\u0159en\u00ed energie, stravov\u00e1n\u00ed,\u201c<\/em> p\u0159em\u00edtal \u010desk\u00fd reprezentant pat\u0159\u00edc\u00ed do sestavy t\u00fdmu Lidl-Trek.<\/p>\n\n\n\n<p>Zat\u00edmco velmoci jako Belgie, Francie, D\u00e1nsko \u010di Slovinsko mohou nasadit \u010dty\u0159i cyklisty, \u010cesko bude m\u00edt v pelotonu jedin\u00e9ho z\u00e1stupce.\u00a0<em>\u201eSamoz\u0159ejm\u011b by bylo komfortn\u011bj\u0161\u00ed, kdyby n\u00e1s startoval v\u011bt\u0161\u00ed po\u010det. Ale je to dan\u00e9. Nabal\u00edm si do kapes hodn\u011b j\u00eddla p\u0159ed startem. Snad nebude velk\u00e9 vedro, proto\u017ee s ochlazov\u00e1n\u00edm by to bylo slo\u017eit\u00e9. Kl\u00ed\u010dov\u00e9 bude ka\u017edop\u00e1dn\u011b dopl\u0148ov\u00e1n\u00ed energie, proto\u017ee se pojede p\u0159ibli\u017en\u011b sedm hodin,\u201c <\/em>p\u0159edv\u00eddal Vacek p\u0159i pohledu na trasu dlouhou 273 kilometr\u016f s p\u0159ev\u00fd\u0161en\u00edm 2800 metr\u016f.<\/p>\n\n\n\n<p class=\"has-medium-font-size\"><strong>Po \u010dasovce let\u00ed dom\u016f<\/strong><\/p>\n\n\n\n<p>T\u00fdden mezi z\u00e1vody nebude tr\u00e1vit v olympijsk\u00e9m prost\u0159ed\u00ed, ale u\u017e \u010dty\u0159iadvacet hodin po \u010dasovce zam\u00ed\u0159\u00ed dom\u016f. N\u00e1sledn\u011b prvn\u00ed srpnov\u00fd den nabere zase sm\u011br Francie.\u00a0<\/p>\n\n\n\n<figure class=\"wp-block-image size-large\"><img loading=\"lazy\" decoding=\"async\" width=\"1024\" height=\"682\" src=\"https:\/\/www.czechcyclingfederation.com\/wp-content\/uploads\/2024\/07\/vacek-4-1024x682.jpg\" alt=\"\" class=\"wp-image-30848\" srcset=\"https:\/\/www.czechcyclingfederation.com\/wp-content\/uploads\/2024\/07\/vacek-4-1024x682.jpg 1024w, https:\/\/www.czechcyclingfederation.com\/wp-content\/uploads\/2024\/07\/vacek-4-300x200.jpg 300w, https:\/\/www.czechcyclingfederation.com\/wp-content\/uploads\/2024\/07\/vacek-4-768x511.jpg 768w, https:\/\/www.czechcyclingfederation.com\/wp-content\/uploads\/2024\/07\/vacek-4-1536x1022.jpg 1536w, https:\/\/www.czechcyclingfederation.com\/wp-content\/uploads\/2024\/07\/vacek-4-2048x1363.jpg 2048w, https:\/\/www.czechcyclingfederation.com\/wp-content\/uploads\/2024\/07\/vacek-4-1320x879.jpg 1320w\" sizes=\"auto, (max-width: 1024px) 100vw, 1024px\" \/><\/figure>\n\n\n\n<p><em>\u201eV Pa\u0159\u00ed\u017ei bych ur\u010dit\u011b nem\u011bl optim\u00e1ln\u00ed podm\u00ednky na tr\u00e9nink a na t\u00fdden bych z cel\u00e9ho programu vypadl. Polet\u00edm proto do \u010ceska a budu tr\u00e9novat v podm\u00ednk\u00e1ch, na kter\u00e9 jsem zvykl\u00fd a v\u00edm, \u017ee p\u0159\u00edprava bude kvalitn\u00ed,\u201c<\/em> vysv\u011btlil Vacek, kter\u00fd za sebou m\u00e1 vysokohorsk\u00e9 soust\u0159ed\u011bn\u00ed v Ando\u0159e. <em>\u201eT\u0159i t\u00fddny v\u00e1\u017en\u011b hodn\u011b tvrd\u00e9ho drilu. V\u0161echno jsem zvl\u00e1dl podle pl\u00e1nu a ladil formu k olympi\u00e1d\u011b i n\u00e1sledn\u00e9 Vuelt\u011b. Ale nikdy v minulosti jsem nic podobn\u00e9ho neabsolvoval, tak jsem s\u00e1m zv\u011bdav\u00fd, jak t\u011blo zareaguje.\u201c<\/em><\/p>\n\n\n\n<p>Foto: Jan Brychta a \u010cOV<\/p>\n","protected":false},"excerpt":{"rendered":"<p>\u00da\u0159aduj\u00edc\u00ed \u010desk\u00fd \u0161ampion v \u010dasovce a \u0161ampion hromadn\u00e9ho z\u00e1vodu v silni\u010dn\u00ed cyklistice z roku 2023 Mathias Vacek je p\u0159ed olympijsk\u00fdm vystoupen\u00edm v Pa\u0159\u00ed\u017ei pln\u00fd optimismu a velk\u00e9ho o\u010dek\u00e1v\u00e1n\u00ed. Dvaadvacetilet\u00fd reprezentant se p\u0159edstav\u00ed v boj\u00edch pod p\u011bti kruhy dvakr\u00e1t. B\u011bhem prvn\u00edho olympijsk\u00e9ho v\u00edkendu v \u010dasovce, o t\u00fdden pozd\u011bji pak p\u0159i z\u00e1vod\u011b s hromadn\u00fdm startem. Olympijsk\u00e1 \u010dasovka [&hellip;]<\/p>\n","protected":false},"author":1,"featured_media":30838,"comment_status":"closed","ping_status":"open","sticky":false,"template":"","format":"standard","meta":{"footnotes":""},"categories":[2],"tags":[209,11],"class_list":["post-30837","post","type-post","status-publish","format-standard","has-post-thumbnail","hentry","category-novinky","tag-oh","tag-silnice"],"_links":{"self":[{"href":"https:\/\/www.czechcyclingfederation.com\/en\/wp-json\/wp\/v2\/posts\/30837","targetHints":{"allow":["GET"]}}],"collection":[{"href":"https:\/\/www.czechcyclingfederation.com\/en\/wp-json\/wp\/v2\/posts"}],"about":[{"href":"https:\/\/www.czechcyclingfederation.com\/en\/wp-json\/wp\/v2\/types\/post"}],"author":[{"embeddable":true,"href":"https:\/\/www.czechcyclingfederation.com\/en\/wp-json\/wp\/v2\/users\/1"}],"replies":[{"embeddable":true,"href":"https:\/\/www.czechcyclingfederation.com\/en\/wp-json\/wp\/v2\/comments?post=30837"}],"version-history":[{"count":4,"href":"https:\/\/www.czechcyclingfederation.com\/en\/wp-json\/wp\/v2\/posts\/30837\/revisions"}],"predecessor-version":[{"id":30856,"href":"https:\/\/www.czechcyclingfederation.com\/en\/wp-json\/wp\/v2\/posts\/30837\/revisions\/30856"}],"wp:featuredmedia":[{"embeddable":true,"href":"https:\/\/www.czechcyclingfederation.com\/en\/wp-json\/wp\/v2\/media\/30838"}],"wp:attachment":[{"href":"https:\/\/www.czechcyclingfederation.com\/en\/wp-json\/wp\/v2\/media?parent=30837"}],"wp:term":[{"taxonomy":"category","embeddable":true,"href":"https:\/\/www.czechcyclingfederation.com\/en\/wp-json\/wp\/v2\/categories?post=30837"},{"taxonomy":"post_tag","embeddable":true,"href":"https:\/\/www.czechcyclingfederation.com\/en\/wp-json\/wp\/v2\/tags?post=30837"}],"curies":[{"name":"wp","href":"https:\/\/api.w.org\/{rel}","templated":true}]}}