{"id":30758,"date":"2024-07-20T19:18:34","date_gmt":"2024-07-20T17:18:34","guid":{"rendered":"https:\/\/www.czechcyclingfederation.com\/?p=30758"},"modified":"2024-11-18T12:34:49","modified_gmt":"2024-11-18T11:34:49","slug":"cink-a-cabelicka-rozsirili-sve-sbirky-titulu-v-cross-country","status":"publish","type":"post","link":"https:\/\/www.czechcyclingfederation.com\/en\/cink-a-cabelicka-rozsirili-sve-sbirky-titulu-v-cross-country\/","title":{"rendered":"Cink a \u010c\u00e1belick\u00e1 roz\u0161\u00ed\u0159ili sv\u00e9 sb\u00edrky titul\u016f v\u00a0cross country"},"content":{"rendered":"\n<p><strong>Ond\u0159ej Cink<\/strong> (Primaflor Mondraker) a <strong>Jitka \u010c\u00e1belick\u00e1<\/strong> (GAPP System Kolofix) se v&nbsp;Harrachov\u011b stali mistry republiky v&nbsp;cross country horsk\u00fdch kol. Oba zku\u0161en\u00ed z\u00e1vodn\u00edci roz\u0161\u00ed\u0159ili sv\u00e9 skv\u011bl\u00e9 mistrovsk\u00e9 sb\u00edrky: pro Cinka jde u\u017e o sedm\u00fd titul, \u010c\u00e1belick\u00e1 z\u00edskala \u0161est\u00e9 zlato v&nbsp;elitn\u00ed kategorii.<\/p>\n\n\n\n<p>Cink vyrovnal sedm\u00fdm titulem rekord Jaroslava Kulhav\u00e9ho, \u010c\u00e1belick\u00e1 se \u0161est\u00fdm zlatem dot\u00e1hla na Kate\u0159inu Nash.<\/p>\n\n\n\n<figure class=\"wp-block-image size-large\"><img loading=\"lazy\" decoding=\"async\" width=\"1024\" height=\"683\" src=\"https:\/\/www.czechcyclingfederation.com\/wp-content\/uploads\/2024\/07\/cabelicka-trat-2-1024x683.jpg\" alt=\"\" class=\"wp-image-30762\" srcset=\"https:\/\/www.czechcyclingfederation.com\/wp-content\/uploads\/2024\/07\/cabelicka-trat-2-1024x683.jpg 1024w, https:\/\/www.czechcyclingfederation.com\/wp-content\/uploads\/2024\/07\/cabelicka-trat-2-300x200.jpg 300w, https:\/\/www.czechcyclingfederation.com\/wp-content\/uploads\/2024\/07\/cabelicka-trat-2-768x512.jpg 768w, https:\/\/www.czechcyclingfederation.com\/wp-content\/uploads\/2024\/07\/cabelicka-trat-2-1536x1024.jpg 1536w, https:\/\/www.czechcyclingfederation.com\/wp-content\/uploads\/2024\/07\/cabelicka-trat-2-1320x880.jpg 1320w, https:\/\/www.czechcyclingfederation.com\/wp-content\/uploads\/2024\/07\/cabelicka-trat-2.jpg 2048w\" sizes=\"auto, (max-width: 1024px) 100vw, 1024px\" \/><\/figure>\n\n\n\n<p>T\u0159iat\u0159icetilet\u00fd Cink uk\u00e1zal, \u017ee je na tom p\u0159ed olympi\u00e1dou v&nbsp;Pa\u0159\u00ed\u017ei hodn\u011b dob\u0159e. I kdy\u017e ho na za\u010d\u00e1tku zbrzdil defekt, postupn\u011b se dot\u00e1hl na \u010delo a ve fin\u00e1le projel c\u00edlem projel osamocen, druh\u00fd <strong>Jan S\u00e1ska<\/strong> (Subterra Santa Cruz), kter\u00fd je\u0161t\u011b pat\u0159\u00ed do kategorie U23, ztratil v\u00edce ne\u017e minutu. Bronz vybojoval obh\u00e1jce titulu <strong>Marek Rauchfuss<\/strong> (\u010cesk\u00e1 spo\u0159itelna Accolade).<\/p>\n\n\n\n<figure class=\"wp-block-image size-large\"><img loading=\"lazy\" decoding=\"async\" width=\"1024\" height=\"683\" src=\"https:\/\/www.czechcyclingfederation.com\/wp-content\/uploads\/2024\/07\/cink-2-1024x683.jpg\" alt=\"\" class=\"wp-image-30764\" srcset=\"https:\/\/www.czechcyclingfederation.com\/wp-content\/uploads\/2024\/07\/cink-2-1024x683.jpg 1024w, https:\/\/www.czechcyclingfederation.com\/wp-content\/uploads\/2024\/07\/cink-2-300x200.jpg 300w, https:\/\/www.czechcyclingfederation.com\/wp-content\/uploads\/2024\/07\/cink-2-768x512.jpg 768w, https:\/\/www.czechcyclingfederation.com\/wp-content\/uploads\/2024\/07\/cink-2-1536x1024.jpg 1536w, https:\/\/www.czechcyclingfederation.com\/wp-content\/uploads\/2024\/07\/cink-2-1320x880.jpg 1320w, https:\/\/www.czechcyclingfederation.com\/wp-content\/uploads\/2024\/07\/cink-2.jpg 2048w\" sizes=\"auto, (max-width: 1024px) 100vw, 1024px\" \/><\/figure>\n\n\n\n<p><em>&#8220;Za\u010d\u00e1tek se mi \u00fapln\u011b nepovedl, m\u011bl jsem defekt zadn\u00edho kola. To m\u011b tro\u0161ku znerv\u00f3zn\u011blo, d\u011blal jsem chyby, ale v\u00fdkonnostn\u011b na tom byl dob\u0159e, kluky jsem dot\u00e1hl. V&nbsp;polovin\u011b z\u00e1vodu jsem m\u011bl tro\u0161ku krizi, ale p\u0159ekonal ji pom\u011brn\u011b rychle a pak u\u017e se mi zase jelo dob\u0159e. Jsem moc r\u00e1d, \u017ee m\u00e1m titul zp\u00e1tky. Hodn\u011b jsem te\u010f tr\u00e9noval sm\u011brem k olympi\u00e1d\u011b a ne\u010dekal, \u017ee by se mi jelo n\u011bjak extra dob\u0159e. Nebylo to \u00fapln\u011b jednoduch\u00e9,&#8221;<\/em> p\u0159iznal sedmin\u00e1sobn\u00fd mistr republiky Cink.<\/p>\n\n\n\n<figure class=\"wp-block-image size-large\"><img loading=\"lazy\" decoding=\"async\" width=\"1024\" height=\"683\" src=\"https:\/\/www.czechcyclingfederation.com\/wp-content\/uploads\/2024\/07\/bedna-muzi-1-1024x683.jpg\" alt=\"\" class=\"wp-image-30780\" srcset=\"https:\/\/www.czechcyclingfederation.com\/wp-content\/uploads\/2024\/07\/bedna-muzi-1-1024x683.jpg 1024w, https:\/\/www.czechcyclingfederation.com\/wp-content\/uploads\/2024\/07\/bedna-muzi-1-300x200.jpg 300w, https:\/\/www.czechcyclingfederation.com\/wp-content\/uploads\/2024\/07\/bedna-muzi-1-768x512.jpg 768w, https:\/\/www.czechcyclingfederation.com\/wp-content\/uploads\/2024\/07\/bedna-muzi-1-1536x1024.jpg 1536w, https:\/\/www.czechcyclingfederation.com\/wp-content\/uploads\/2024\/07\/bedna-muzi-1-1320x880.jpg 1320w, https:\/\/www.czechcyclingfederation.com\/wp-content\/uploads\/2024\/07\/bedna-muzi-1.jpg 2048w\" sizes=\"auto, (max-width: 1024px) 100vw, 1024px\" \/><\/figure>\n\n\n\n<p><em>&#8220;J\u00e1 cht\u011bl ze za\u010d\u00e1tku Ondru trochu zasko\u010dit, ale i kdy\u017e m\u011bl defekt, rychle se vr\u00e1til zp\u00e1tky. Jak se tam dot\u00e1hl, v\u011bd\u011bl jsem, \u017ee je hotovo. Jel v\u00fdborn\u011b a j\u00e1 si musel zpomalit a sp\u00ed\u0161 jsem si pak u\u017e hl\u00eddal to druh\u00e9 m\u00edsto,&#8221; <\/em>\u0159ekl st\u0159\u00edbrn\u00fd S\u00e1ska.<\/p>\n\n\n\n<p>V&nbsp;z\u00e1vod\u011b \u017een jednozna\u010dn\u011b dominovala zku\u0161en\u00e1 Jitka \u010c\u00e1belick\u00e1 (34). Za n\u00ed se poskl\u00e1daly \u201emlad\u00e9 pu\u0161ky\u201c <strong>Patricie Srnsk\u00e1<\/strong> (Nutrend Specialized SKR), <strong>Simona Sp\u011b\u0161n\u00e1<\/strong> (MS Bike Academy) a <strong>Nela Viktorov\u00e1<\/strong> (Rouvy Specialized). V\u0161echny je\u0161t\u011b pat\u0159\u00ed do kategorie U23, ale narozd\u00edl od let p\u0159edchoz\u00edch se nehodnotily kategorie zvl\u00e1\u0161\u0165, ale rozd\u011blovala se jen jedna sada medail\u00ed.<\/p>\n\n\n\n<p><em>\u201e\u0160est\u00fd titul je skv\u011bl\u00fd, m\u00e1m z&nbsp;n\u011bj velkou radost. Zdej\u0161\u00ed tra\u0165 je kr\u00e1sn\u00e1, nejhez\u010d\u00ed u n\u00e1s. Poda\u0159ilo se mi nastoupit v tom t\u011b\u017ek\u00e9m v\u00fdjezdu a pak u\u017e jsem si jela sv\u016fj z\u00e1vod,\u201c<\/em> prohl\u00e1sila \u010c\u00e1belick\u00e1. <em>&#8220;J\u00e1 tam nechala, co jsem mohla. Holky jely hodn\u011b dob\u0159e, byl to p\u011bkn\u00fd z\u00e1vod,&#8221;<\/em> \u0159ekla Patricie Srnsk\u00e1.<\/p>\n\n\n\n<figure class=\"wp-block-image size-large\"><img loading=\"lazy\" decoding=\"async\" width=\"1024\" height=\"683\" src=\"https:\/\/www.czechcyclingfederation.com\/wp-content\/uploads\/2024\/07\/cabelicka-cil-1024x683.jpg\" alt=\"\" class=\"wp-image-30766\" srcset=\"https:\/\/www.czechcyclingfederation.com\/wp-content\/uploads\/2024\/07\/cabelicka-cil-1024x683.jpg 1024w, https:\/\/www.czechcyclingfederation.com\/wp-content\/uploads\/2024\/07\/cabelicka-cil-300x200.jpg 300w, https:\/\/www.czechcyclingfederation.com\/wp-content\/uploads\/2024\/07\/cabelicka-cil-768x512.jpg 768w, https:\/\/www.czechcyclingfederation.com\/wp-content\/uploads\/2024\/07\/cabelicka-cil-1536x1024.jpg 1536w, https:\/\/www.czechcyclingfederation.com\/wp-content\/uploads\/2024\/07\/cabelicka-cil-1320x880.jpg 1320w, https:\/\/www.czechcyclingfederation.com\/wp-content\/uploads\/2024\/07\/cabelicka-cil.jpg 2048w\" sizes=\"auto, (max-width: 1024px) 100vw, 1024px\" \/><\/figure>\n\n\n\n<p>V&nbsp;z\u00e1vod\u011b nestartovala lo\u0148sk\u00e1 v\u00edt\u011bzka <strong>Ad\u00e9la Holubov\u00e1<\/strong> (Rouvy Specialized), kter\u00e1 dala p\u0159ednost p\u0159\u00edprav\u011b na olympi\u00e1du, nemoc nepustila do z\u00e1vodu vloni st\u0159\u00edbrnou v&nbsp;elit\u011b <strong>Karlu L\u00f6ffelmann<\/strong>.<\/p>\n\n\n\n<figure class=\"wp-block-image size-large\"><img loading=\"lazy\" decoding=\"async\" width=\"1024\" height=\"683\" src=\"https:\/\/www.czechcyclingfederation.com\/wp-content\/uploads\/2024\/07\/bedna-zeny-1024x683.jpg\" alt=\"\" class=\"wp-image-30768\" srcset=\"https:\/\/www.czechcyclingfederation.com\/wp-content\/uploads\/2024\/07\/bedna-zeny-1024x683.jpg 1024w, https:\/\/www.czechcyclingfederation.com\/wp-content\/uploads\/2024\/07\/bedna-zeny-300x200.jpg 300w, https:\/\/www.czechcyclingfederation.com\/wp-content\/uploads\/2024\/07\/bedna-zeny-768x512.jpg 768w, https:\/\/www.czechcyclingfederation.com\/wp-content\/uploads\/2024\/07\/bedna-zeny-1536x1024.jpg 1536w, https:\/\/www.czechcyclingfederation.com\/wp-content\/uploads\/2024\/07\/bedna-zeny-1320x880.jpg 1320w, https:\/\/www.czechcyclingfederation.com\/wp-content\/uploads\/2024\/07\/bedna-zeny.jpg 2048w\" sizes=\"auto, (max-width: 1024px) 100vw, 1024px\" \/><\/figure>\n\n\n\n<p>Juniorsk\u00e9 tituly z\u00edskali <strong>Kry\u0161tof Ba\u017eant<\/strong> (Cyklostar Pirelli) a <strong>Am\u00e1lie Gottwaldov\u00e1<\/strong> (CP Team).<\/p>\n\n\n\n<p><strong>V\u00fdsledky \u2013 mu\u017ei:<\/strong> 1. Cink (Primaflor Mondraker) 1:23:29, 2. S\u00e1ska (Subterra Santa Cruz) +1:02, 3. Rauchfuss (\u010cesk\u00e1 spo\u0159itelna Accolade) +2:10, 4. Rajchart (Bike Team Stupno) +3:08, 5. Hojka (Express CZ BMD Team Kol\u00edn) +3:57.<\/p>\n\n\n\n<p><strong>\u017deny: <\/strong>1. \u010c\u00e1belick\u00e1 (GAPP System Kolofix) 1:26:35, 2. Srnsk\u00e1 (Nutrend Specialized SKR) +1:32, 3. Sp\u011b\u0161n\u00e1 (MS Bike Academy) +2:34, 4. Viktorov\u00e1 (Rouvy Specialized) +3:10, 5. Czeczinkarov\u00e1 (Elmtrade Racing) +5:05.<\/p>\n\n\n\n<p><strong>Junio\u0159i:<\/strong> 1. Ba\u017eant (Cyklostar Pirelli) 1:15:27, 2. Friedel (Ostra Multicraft \u010celadn\u00e1) stejn\u00fd \u010das, 3. Va\u0161ut (Bike Pro Racing) +1:26. <strong>Juniorky:<\/strong> 1. Gottwaldov\u00e1 (CP Team) 1:17:21, 2. Vikov\u00e1 (Dukla Praha) +040, 3. Du\u0161kov\u00e1 (Czech Multisport Coaching) +1:20.<\/p>\n\n\n\n<p><strong>Kadeti:<\/strong> 1. Kucha\u0159 (Head Pro Team Opava) 52:24, <strong>kadetky:<\/strong> 1. Bukovsk\u00e1 (DK BIKESHOP Racing Team) 42:44.<\/p>\n\n\n\n<p>Po\u0159adatel\u00e9 Sportuj po \u010cesku z.s. a \u010cSC d\u011bkujeme Libereck\u00e9mu kraji za podporu akce. <\/p>\n\n\n\n<p>Foto: Pavel K\u0159ikava<\/p>\n\n\n\n<p><\/p>\n","protected":false},"excerpt":{"rendered":"<p>Ond\u0159ej Cink (Primaflor Mondraker) a Jitka \u010c\u00e1belick\u00e1 (GAPP System Kolofix) se v&nbsp;Harrachov\u011b stali mistry republiky v&nbsp;cross country horsk\u00fdch kol. Oba zku\u0161en\u00ed z\u00e1vodn\u00edci roz\u0161\u00ed\u0159ili sv\u00e9 skv\u011bl\u00e9 mistrovsk\u00e9 sb\u00edrky: pro Cinka jde u\u017e o sedm\u00fd titul, \u010c\u00e1belick\u00e1 z\u00edskala \u0161est\u00e9 zlato v&nbsp;elitn\u00ed kategorii. Cink vyrovnal sedm\u00fdm titulem rekord Jaroslava Kulhav\u00e9ho, \u010c\u00e1belick\u00e1 se \u0161est\u00fdm zlatem dot\u00e1hla na Kate\u0159inu Nash. [&hellip;]<\/p>\n","protected":false},"author":15,"featured_media":30760,"comment_status":"closed","ping_status":"open","sticky":false,"template":"","format":"standard","meta":{"footnotes":""},"categories":[2],"tags":[],"class_list":["post-30758","post","type-post","status-publish","format-standard","has-post-thumbnail","hentry","category-novinky"],"_links":{"self":[{"href":"https:\/\/www.czechcyclingfederation.com\/en\/wp-json\/wp\/v2\/posts\/30758","targetHints":{"allow":["GET"]}}],"collection":[{"href":"https:\/\/www.czechcyclingfederation.com\/en\/wp-json\/wp\/v2\/posts"}],"about":[{"href":"https:\/\/www.czechcyclingfederation.com\/en\/wp-json\/wp\/v2\/types\/post"}],"author":[{"embeddable":true,"href":"https:\/\/www.czechcyclingfederation.com\/en\/wp-json\/wp\/v2\/users\/15"}],"replies":[{"embeddable":true,"href":"https:\/\/www.czechcyclingfederation.com\/en\/wp-json\/wp\/v2\/comments?post=30758"}],"version-history":[{"count":8,"href":"https:\/\/www.czechcyclingfederation.com\/en\/wp-json\/wp\/v2\/posts\/30758\/revisions"}],"predecessor-version":[{"id":33088,"href":"https:\/\/www.czechcyclingfederation.com\/en\/wp-json\/wp\/v2\/posts\/30758\/revisions\/33088"}],"wp:featuredmedia":[{"embeddable":true,"href":"https:\/\/www.czechcyclingfederation.com\/en\/wp-json\/wp\/v2\/media\/30760"}],"wp:attachment":[{"href":"https:\/\/www.czechcyclingfederation.com\/en\/wp-json\/wp\/v2\/media?parent=30758"}],"wp:term":[{"taxonomy":"category","embeddable":true,"href":"https:\/\/www.czechcyclingfederation.com\/en\/wp-json\/wp\/v2\/categories?post=30758"},{"taxonomy":"post_tag","embeddable":true,"href":"https:\/\/www.czechcyclingfederation.com\/en\/wp-json\/wp\/v2\/tags?post=30758"}],"curies":[{"name":"wp","href":"https:\/\/api.w.org\/{rel}","templated":true}]}}