{"id":30716,"date":"2024-07-19T06:47:09","date_gmt":"2024-07-19T04:47:09","guid":{"rendered":"https:\/\/www.czechcyclingfederation.com\/?p=30716"},"modified":"2024-07-19T06:47:13","modified_gmt":"2024-07-19T04:47:13","slug":"usain-bolt-na-snidani-byl-zazitek-vzpomina-ondrej-cink-a-do-parize-jede-pro-elitni-desitku","status":"publish","type":"post","link":"https:\/\/www.czechcyclingfederation.com\/en\/usain-bolt-na-snidani-byl-zazitek-vzpomina-ondrej-cink-a-do-parize-jede-pro-elitni-desitku\/","title":{"rendered":"Usain Bolt na sn\u00eddani byl z\u00e1\u017eitek, vzpom\u00edn\u00e1 Ond\u0159ej Cink a do Pa\u0159\u00ed\u017ee jede pro elitn\u00ed des\u00edtku"},"content":{"rendered":"\n<p><em>Je to olympijsk\u00fd matador. Biker <strong>Ond\u0159ej Cink<\/strong> debutoval v z\u00e1vod\u011b pod p\u011bti kruhy u\u017e v roce 2012 v Lond\u00fdn\u011b. P\u0159i hr\u00e1ch v Tokiu 2021 \u00fato\u010dil na stupn\u011b v\u00edt\u011bz\u016f, ale technick\u00e9 probl\u00e9my medailov\u00fd sen zhatily. Na kont\u011b tak m\u00e1 dv\u011b \u010dtrn\u00e1ct\u00e1 m\u00edsta z Lond\u00fdna a Ria 2016. \u201eChci vylep\u0161it osobn\u00ed maximum,\u201c pl\u00e1nuje t\u0159iat\u0159icetilet\u00fd \u010desk\u00fd reprezentant p\u0159i vidin\u011b boj\u016f o pa\u0159\u00ed\u017esk\u00e9 medaile.<\/em><\/p>\n\n\n\n<p><strong>Ondro, vybav\u00ed se v\u00e1m je\u0161t\u011b prvn\u00ed olympijsk\u00fd z\u00e1vod star\u00fd dvan\u00e1ct let?<\/strong><\/p>\n\n\n\n<p>Tehdy jsem je\u0161t\u011b z\u00e1vodil v kategorii do t\u0159iadvaceti let a v Lond\u00fdn\u011b jsem byl druh\u00fd nejmlad\u0161\u00ed ve startovn\u00edm poli. Prvn\u00edm \u00fasp\u011bchem bylo, \u017ee jsem se v\u016fbec dok\u00e1zal kvalifikovat. Jela tam \u00fapln\u00e1 elita, dvaapades\u00e1t lid\u00ed, a j\u00e1 skon\u010dil \u010dtrn\u00e1ct\u00fd. Pro m\u011b super v\u00fdsledek. A tak\u00e9 obrovsk\u00fd z\u00e1\u017eitek. V Lond\u00fdn\u011b jsem poprv\u00e9 poznal tak bou\u0159livou atmosf\u00e9ru. Na okruh dorazilo obrovsk\u00e9 mno\u017estv\u00ed lid\u00ed. Mrzelo m\u011b, \u017ee jsme nebydleli v olympijsk\u00e9 vesnici. Ale n\u00e1\u0161 z\u00e1vod byl posledn\u00ed den cel\u00e9ho programu, tak\u017ee jsme se n\u00e1sledn\u011b p\u0159esouvali na zakon\u010den\u00ed a alespo\u0148 jednu noc v olympijsk\u00e9 vesnici jsme pro\u017eili.<\/p>\n\n\n\n<p><strong>V Riu o \u010dty\u0159i roky jste si v\u0161echno vynahradil?<\/strong><\/p>\n\n\n\n<p>Z hlediska olympi\u00e1dy jako takov\u00e9 bylo super, \u017ee jsme mohli b\u00fdt ve vesnici, na co\u017e jsem se t\u011b\u0161il. Tro\u0161ku sv\u00edzel byl s ubytov\u00e1n\u00edm, proto\u017ee pokoje byly skute\u010dn\u011b miniaturn\u00ed. J\u00e1 nocoval s Honzou \u0160karnitzlem a m\u011bli jsme probl\u00e9m se do pokoje vej\u00edt. Ale vesnice jako takov\u00e1 m\u011bla v\u0161echno. A t\u0159eba cestou na sn\u00eddani jsem potkal Usaina Bolta, to byl z\u00e1\u017eitek. A samoz\u0159ejm\u011b i dal\u0161\u00ed \u00fasp\u011b\u0161n\u00e9 sportovce. Proto se t\u011b\u0161\u00edm do Pa\u0159\u00ed\u017ee, kde zase budeme v\u0161ichni pohromad\u011b. V Lond\u00fdn\u011b jsme vlastn\u011b bydleli na klasick\u00e9m hotelu, byli jsme od olympi\u00e1dy tot\u00e1ln\u011b od\u0159\u00edznut\u00ed. Neb\u00fdt z\u00e1vodi\u0161t\u011b oblepen\u00e9ho olympijsk\u00fdmi bannery, ne\u0161lo by o rozd\u00edl proti norm\u00e1ln\u00edmu z\u00e1vodu. V Tokiu jsme pak bydleli sice v olympijsk\u00e9 vesnici, ale ta byla jenom pro cyklisty \u00fapln\u011b mimo Tokio. P\u0159ijde mi super, kdy\u017e jsou v\u0161ichni sportovci pohromad\u011b. Atmosf\u00e9ra je \u00fapln\u011b jin\u00e1. Proto se tak t\u011b\u0161\u00edm do Pa\u0159\u00ed\u017ee<\/p>\n\n\n\n<figure class=\"wp-block-image size-large\"><img loading=\"lazy\" decoding=\"async\" width=\"1024\" height=\"683\" src=\"https:\/\/www.czechcyclingfederation.com\/wp-content\/uploads\/2024\/07\/240518-CPMTB-Zadov-2332-1024x683.jpg\" alt=\"\" class=\"wp-image-30719\" srcset=\"https:\/\/www.czechcyclingfederation.com\/wp-content\/uploads\/2024\/07\/240518-CPMTB-Zadov-2332-1024x683.jpg 1024w, https:\/\/www.czechcyclingfederation.com\/wp-content\/uploads\/2024\/07\/240518-CPMTB-Zadov-2332-300x200.jpg 300w, https:\/\/www.czechcyclingfederation.com\/wp-content\/uploads\/2024\/07\/240518-CPMTB-Zadov-2332-768x512.jpg 768w, https:\/\/www.czechcyclingfederation.com\/wp-content\/uploads\/2024\/07\/240518-CPMTB-Zadov-2332-1536x1024.jpg 1536w, https:\/\/www.czechcyclingfederation.com\/wp-content\/uploads\/2024\/07\/240518-CPMTB-Zadov-2332-1320x880.jpg 1320w, https:\/\/www.czechcyclingfederation.com\/wp-content\/uploads\/2024\/07\/240518-CPMTB-Zadov-2332.jpg 2048w\" sizes=\"auto, (max-width: 1024px) 100vw, 1024px\" \/><\/figure>\n\n\n\n<p><strong>Do Ria v roce 2016 jste cestoval v \u00fapln\u011b jin\u00e9 pozici ve srovn\u00e1n\u00ed s Lond\u00fdnem&#8230;<\/strong><\/p>\n\n\n\n<p>U\u017e jsem byl zabudovan\u00fd v elitn\u00ed kategorii a m\u011bl jsem na kont\u011b i n\u011bjak\u00e1 p\u00f3diov\u00e1 um\u00edst\u011bn\u00ed. Tak\u017ee jsem cht\u011bl bojovat o elitn\u00ed p\u011btku, v ide\u00e1ln\u00edm p\u0159\u00edpad\u011b o medaili. Ale z\u00e1vod mi v\u016fbec nesedl. Nejprve jsem pokazil start. Pak jsem sice odjel dob\u0159e prvn\u00ed polovinu z\u00e1vodu, a dokonce jsem se dot\u00e1hnul na sedm\u00e9 m\u00edsto, ale posledn\u00ed dv\u011b kola mi vypnuly nohy a znovu jsem dojel \u010dtrn\u00e1ct\u00fd.<\/p>\n\n\n\n<p><strong>Tokio p\u0159ed t\u0159emi lety bylo poznamenan\u00e9 pandemi\u00ed koronaviru, nav\u00edc jste se vracel s pachut\u00ed zma\u0159en\u00e9 medailov\u00e9 \u0161ance.<\/strong><\/p>\n\n\n\n<p>Tokio pro m\u011b byl obrovsk\u00fd c\u00edl. \u0160lo o jeden z motiv\u016f, pro\u010d jsem opustil silni\u010dn\u00ed cyklistiku a zam\u00ed\u0159il zp\u011bt na biky. Tehdy jsem m\u011bl \u017eivotn\u00ed formu. C\u00edtil jsem se skv\u011bl\u00fd cel\u00fd rok. Jel jsem do Tokia pro medaili. Na stupn\u011b v\u00edt\u011bz\u016f jsem mohl dos\u00e1hnout, ale technick\u00e9 probl\u00e9my v p\u0159edposledn\u00edm kole m\u011b zastavily.<\/p>\n\n\n\n<figure class=\"wp-block-image size-large\"><img loading=\"lazy\" decoding=\"async\" width=\"1024\" height=\"683\" src=\"https:\/\/www.czechcyclingfederation.com\/wp-content\/uploads\/2024\/07\/450334513_1059269715720567_1990396809684411376_n-1024x683.jpg\" alt=\"\" class=\"wp-image-30721\" srcset=\"https:\/\/www.czechcyclingfederation.com\/wp-content\/uploads\/2024\/07\/450334513_1059269715720567_1990396809684411376_n-1024x683.jpg 1024w, https:\/\/www.czechcyclingfederation.com\/wp-content\/uploads\/2024\/07\/450334513_1059269715720567_1990396809684411376_n-300x200.jpg 300w, https:\/\/www.czechcyclingfederation.com\/wp-content\/uploads\/2024\/07\/450334513_1059269715720567_1990396809684411376_n-768x512.jpg 768w, https:\/\/www.czechcyclingfederation.com\/wp-content\/uploads\/2024\/07\/450334513_1059269715720567_1990396809684411376_n-1536x1024.jpg 1536w, https:\/\/www.czechcyclingfederation.com\/wp-content\/uploads\/2024\/07\/450334513_1059269715720567_1990396809684411376_n-1320x880.jpg 1320w, https:\/\/www.czechcyclingfederation.com\/wp-content\/uploads\/2024\/07\/450334513_1059269715720567_1990396809684411376_n.jpg 2048w\" sizes=\"auto, (max-width: 1024px) 100vw, 1024px\" \/><\/figure>\n\n\n\n<p><strong>Tehdy jste se prodral na t\u0159et\u00ed p\u0159\u00ed\u010dku a ve srovn\u00e1n\u00ed s v\u011bt\u0161inou soupe\u0159\u016f jste vypadal i v drsn\u00fdch podm\u00ednk\u00e1ch sv\u011b\u017e\u00ed.<\/strong><\/p>\n\n\n\n<p>C\u00edtil jsem se skv\u011ble. V\u011b\u0159il jsem si. V\u0161ichni mi pak \u0159\u00edkali, \u017ee jsem m\u011bl m\u00edt medaili. Kdy\u017e jsem vid\u011bl, \u017ee medaili z\u00edskal \u0160pan\u011bl Valero, bylo mi hodn\u011b smutno&#8230; V\u017edy\u0165 on ani nebyl v okam\u017eiku m\u00e9ho \u00fatoku ve skupin\u011b, z n\u00ed\u017e jsem odjel. Defekt zadn\u00edho kola m\u011b p\u0159ipravil o \u017eivotn\u00ed v\u00fdsledek.<\/p>\n\n\n\n<p><strong>S jak\u00fdmi ambicemi nastoup\u00edte do pa\u0159\u00ed\u017esk\u00e9ho z\u00e1vodu?<\/strong><\/p>\n\n\n\n<p>Maximem z olympi\u00e1dy je pro m\u011b \u010dtrn\u00e1ct\u00e1 p\u0159\u00ed\u010dka, co\u017e bych cht\u011bl vylep\u0161it. Pokud dojede do des\u00edtky, budu spokojen\u00fd. Za posledn\u00ed dva roky se konkurence v cross country hodn\u011b zvedla. Jenom dojet ve Sv\u011btov\u00e9m poh\u00e1ru mezi nejlep\u0161\u00edmi t\u0159iceti je hodn\u011b n\u00e1ro\u010dn\u00e9. Aby \u010dlov\u011bk mohl bojovat o podium, pot\u0159ebuje super formu.<\/p>\n\n\n\n<p><strong>Jak\u00e9 vlastn\u011b pro\u017eil Ond\u0159ej Cink sezony od olympijsk\u00e9ho Tokia?<\/strong><\/p>\n\n\n\n<p>Nebylo to ide\u00e1ln\u00ed. Hodn\u011b na houpa\u010dce. Brzdily m\u011b zdravotn\u00ed probl\u00e9my Rok po olympi\u00e1d\u011b m\u011b za\u010daly tr\u00e1pit alergie a pot\u00ed\u017e\u00ed jsem se dosud nezbavil. Ur\u010dit\u011b to nebyl ide\u00e1ln\u00ed olympijsk\u00fd cyklus.<\/p>\n\n\n\n<figure class=\"wp-block-image size-large\"><img loading=\"lazy\" decoding=\"async\" width=\"1024\" height=\"683\" src=\"https:\/\/www.czechcyclingfederation.com\/wp-content\/uploads\/2024\/07\/240518-CPMTB-Zadov-2158-1024x683.jpg\" alt=\"\" class=\"wp-image-30723\" srcset=\"https:\/\/www.czechcyclingfederation.com\/wp-content\/uploads\/2024\/07\/240518-CPMTB-Zadov-2158-1024x683.jpg 1024w, https:\/\/www.czechcyclingfederation.com\/wp-content\/uploads\/2024\/07\/240518-CPMTB-Zadov-2158-300x200.jpg 300w, https:\/\/www.czechcyclingfederation.com\/wp-content\/uploads\/2024\/07\/240518-CPMTB-Zadov-2158-768x512.jpg 768w, https:\/\/www.czechcyclingfederation.com\/wp-content\/uploads\/2024\/07\/240518-CPMTB-Zadov-2158-1536x1024.jpg 1536w, https:\/\/www.czechcyclingfederation.com\/wp-content\/uploads\/2024\/07\/240518-CPMTB-Zadov-2158-1320x880.jpg 1320w, https:\/\/www.czechcyclingfederation.com\/wp-content\/uploads\/2024\/07\/240518-CPMTB-Zadov-2158.jpg 2048w\" sizes=\"auto, (max-width: 1024px) 100vw, 1024px\" \/><\/figure>\n\n\n\n<p><strong>Zm\u011bnilo se cross country za dvan\u00e1ct let, kdy jste na olympijsk\u00fdch hr\u00e1ch debutoval?<\/strong><\/p>\n\n\n\n<p>Kdy\u017e se ohl\u00e9dnu, tak v Lond\u00fdn\u011b vlastn\u011b ani nebyly \u017e\u00e1dn\u00e9 skoky. A technick\u00e9 pas\u00e1\u017ee nebyly ani zdaleka n\u00e1ro\u010dn\u00e9, jako jsou na trat\u00edch dnes. Kdybych p\u0159ijel nyn\u00ed do Lond\u00fdna, olympijsk\u00e1 tra\u0165 by se mi zd\u00e1la jednoduch\u00e1. N\u00e1ro\u010dnost okruh\u016f se hodn\u011b zm\u011bnila. Mn\u011b se moc l\u00edbilo Tokio, kde byly i p\u0159\u00edrodn\u00ed pas\u00e1\u017ee. V\u011bt\u0161inou jsou toti\u017e trat\u011b zcela um\u011bl\u00e9 tvo\u0159en\u00e9 kameny, p\u00edskem a d\u0159ev\u011bn\u00fdmi kl\u00e1dami. Z\u00e1vody jsou hodn\u011b rychl\u00e9.<\/p>\n\n\n\n<p><strong>Musel jste od Lond\u00fdna zm\u011bnit i p\u0159\u00edstup k tr\u00e9ninku? Pro\u0161la z\u00e1sadn\u00ed obm\u011bnou i technika?<\/strong><\/p>\n\n\n\n<p>Je to vlastn\u011b neporovnateln\u00e9. Kola jsou absolutn\u011b jin\u00e1, jezd\u00ed se zcela jin\u00e9 zdvihy. Charakter tr\u00e9ninku je velice odli\u0161n\u00fd, mnohem v\u00edce se z\u00e1vodn\u00edci mus\u00ed zam\u011b\u0159ovat na techniku. Ka\u017ed\u00fd v\u00edkend se pohybujeme na trat\u00edch, kter\u00e9 jsou velice odli\u0161n\u00e9 a mimo\u0159\u00e1dn\u011b n\u00e1ro\u010dn\u00e9.<\/p>\n\n\n\n<figure class=\"wp-block-image size-large\"><img loading=\"lazy\" decoding=\"async\" width=\"1024\" height=\"683\" src=\"https:\/\/www.czechcyclingfederation.com\/wp-content\/uploads\/2024\/07\/CER_5790-1024x683.jpg\" alt=\"\" class=\"wp-image-30725\" srcset=\"https:\/\/www.czechcyclingfederation.com\/wp-content\/uploads\/2024\/07\/CER_5790-1024x683.jpg 1024w, https:\/\/www.czechcyclingfederation.com\/wp-content\/uploads\/2024\/07\/CER_5790-300x200.jpg 300w, https:\/\/www.czechcyclingfederation.com\/wp-content\/uploads\/2024\/07\/CER_5790-768x512.jpg 768w, https:\/\/www.czechcyclingfederation.com\/wp-content\/uploads\/2024\/07\/CER_5790-1536x1024.jpg 1536w, https:\/\/www.czechcyclingfederation.com\/wp-content\/uploads\/2024\/07\/CER_5790-2048x1365.jpg 2048w, https:\/\/www.czechcyclingfederation.com\/wp-content\/uploads\/2024\/07\/CER_5790-1320x880.jpg 1320w\" sizes=\"auto, (max-width: 1024px) 100vw, 1024px\" \/><\/figure>\n\n\n\n<p><strong>Je pro v\u00e1s olympi\u00e1da v Pa\u0159\u00ed\u017ei vrcholem sezony? Nebo stejn\u011b velk\u00fd v\u00fdznam p\u0159ikl\u00e1d\u00e1te mistrovstv\u00ed sv\u011bta, kter\u00e9 se uskute\u010dn\u00ed ve v\u00e1mi obl\u00edben\u00e9 Ando\u0159e?<\/strong><\/p>\n\n\n\n<p>Prakticky do posledn\u00ed chv\u00edle jsme z\u00e1vodili. T\u00fdden p\u0159ed olympi\u00e1dou je mistrovstv\u00ed republiky, co\u017e ur\u010dit\u011b nen\u00ed ide\u00e1ln\u00ed. Mo\u017enost absolvovat v klidu p\u0159\u00edpravu by bylo vhodn\u011bj\u0161\u00ed. Prostor pro dlouhodob\u011bj\u0161\u00ed tr\u00e9ninkov\u00fd blok nebyl. Ale pro t\u00fdm je mistrovstv\u00ed republiky d\u016fle\u017eit\u00e9, tud\u00ed\u017e ho ur\u010dit\u011b pojedu a pokus\u00edm se vybojovat sedm\u00fd titul. Po olympi\u00e1d\u011b budu t\u00fdden tr\u00e9novat doma a odlet\u00edm do Andory, kde budu vlastn\u011b m\u011bs\u00edc v kuse a\u017e do mistrovstv\u00ed sv\u011bta. Tam bude prostor na p\u0159\u00edpravu mnohem v\u011bt\u0161\u00ed. Nav\u00edc v Ando\u0159e se mi v\u017edy da\u0159ilo a z\u00e1vod by mi m\u011bl ur\u010dit\u011b sed\u011bt v\u00edce ne\u017e v Pa\u0159\u00ed\u017ei.<\/p>\n\n\n\n<p>Foto: Michal \u010cerven\u00fd, Pavel K\u0159ikava<\/p>\n\n\n\n<p><\/p>\n","protected":false},"excerpt":{"rendered":"<p>Je to olympijsk\u00fd matador. Biker Ond\u0159ej Cink debutoval v z\u00e1vod\u011b pod p\u011bti kruhy u\u017e v roce 2012 v Lond\u00fdn\u011b. P\u0159i hr\u00e1ch v Tokiu 2021 \u00fato\u010dil na stupn\u011b v\u00edt\u011bz\u016f, ale technick\u00e9 probl\u00e9my medailov\u00fd sen zhatily. Na kont\u011b tak m\u00e1 dv\u011b \u010dtrn\u00e1ct\u00e1 m\u00edsta z Lond\u00fdna a Ria 2016. \u201eChci vylep\u0161it osobn\u00ed maximum,\u201c pl\u00e1nuje t\u0159iat\u0159icetilet\u00fd \u010desk\u00fd reprezentant p\u0159i [&hellip;]<\/p>\n","protected":false},"author":30,"featured_media":30717,"comment_status":"closed","ping_status":"open","sticky":false,"template":"","format":"standard","meta":{"footnotes":""},"categories":[2],"tags":[10,209],"class_list":["post-30716","post","type-post","status-publish","format-standard","has-post-thumbnail","hentry","category-novinky","tag-mtb","tag-oh"],"_links":{"self":[{"href":"https:\/\/www.czechcyclingfederation.com\/en\/wp-json\/wp\/v2\/posts\/30716","targetHints":{"allow":["GET"]}}],"collection":[{"href":"https:\/\/www.czechcyclingfederation.com\/en\/wp-json\/wp\/v2\/posts"}],"about":[{"href":"https:\/\/www.czechcyclingfederation.com\/en\/wp-json\/wp\/v2\/types\/post"}],"author":[{"embeddable":true,"href":"https:\/\/www.czechcyclingfederation.com\/en\/wp-json\/wp\/v2\/users\/30"}],"replies":[{"embeddable":true,"href":"https:\/\/www.czechcyclingfederation.com\/en\/wp-json\/wp\/v2\/comments?post=30716"}],"version-history":[{"count":3,"href":"https:\/\/www.czechcyclingfederation.com\/en\/wp-json\/wp\/v2\/posts\/30716\/revisions"}],"predecessor-version":[{"id":30729,"href":"https:\/\/www.czechcyclingfederation.com\/en\/wp-json\/wp\/v2\/posts\/30716\/revisions\/30729"}],"wp:featuredmedia":[{"embeddable":true,"href":"https:\/\/www.czechcyclingfederation.com\/en\/wp-json\/wp\/v2\/media\/30717"}],"wp:attachment":[{"href":"https:\/\/www.czechcyclingfederation.com\/en\/wp-json\/wp\/v2\/media?parent=30716"}],"wp:term":[{"taxonomy":"category","embeddable":true,"href":"https:\/\/www.czechcyclingfederation.com\/en\/wp-json\/wp\/v2\/categories?post=30716"},{"taxonomy":"post_tag","embeddable":true,"href":"https:\/\/www.czechcyclingfederation.com\/en\/wp-json\/wp\/v2\/tags?post=30716"}],"curies":[{"name":"wp","href":"https:\/\/api.w.org\/{rel}","templated":true}]}}