{"id":30694,"date":"2024-07-18T07:07:59","date_gmt":"2024-07-18T05:07:59","guid":{"rendered":"https:\/\/www.czechcyclingfederation.com\/?p=30694"},"modified":"2024-07-18T07:08:03","modified_gmt":"2024-07-18T05:08:03","slug":"julia-kopecky-olympiada-v-devatenacti-letech-je-splneny-sen-chci-tam-neco-ukazat","status":"publish","type":"post","link":"https:\/\/www.czechcyclingfederation.com\/en\/julia-kopecky-olympiada-v-devatenacti-letech-je-splneny-sen-chci-tam-neco-ukazat\/","title":{"rendered":"Julia Kopecky: Olympi\u00e1da v\u00a0devaten\u00e1cti letech je spln\u011bn\u00fd sen. Chci tam n\u011bco uk\u00e1zat"},"content":{"rendered":"\n<p><strong>Julia Kopecky<\/strong> jede v&nbsp;devaten\u00e1cti letech na svou prvn\u00ed olympi\u00e1du. Bude reprezentovat \u010cesko v&nbsp;\u010dasovce i silni\u010dn\u00edm z\u00e1vod\u011b. I kdy\u017e mezi daleko ost\u0159\u00edlen\u011bj\u0161\u00edmi z\u00e1vodnicemi nebude pat\u0159it mezi favoritky, r\u00e1da by na olympi\u00e1d\u011b n\u011bjakou stopu zanechala.<\/p>\n\n\n\n<p>Letos za\u017e\u00edv\u00e1 \u010dlenka belgick\u00e9ho t\u00fdmu AG Insurance &#8211; Soudal NXTG \u017eivotn\u00ed sezonu, p\u0159ipsala si n\u011bkolik d\u016fle\u017eit\u00fdch v\u00edt\u011bzstv\u00ed. Je mistryn\u00ed republiky v&nbsp;\u010dasovce, bronz p\u0159idala na silni\u010dn\u00edm z\u00e1vod\u011b a vyhr\u00e1la mj. etapov\u00fd z\u00e1 vod Tour de Feminin. Jej\u00ed v\u00fdsledky jsou vid\u011bt, a i proto ve st\u00e1vaj\u00edc\u00edm t\u00fdmu po sezon\u011b skon\u010d\u00ed. U\u017e m\u00e1 podepsan\u00fd dvoulet\u00fd kontrakt do nejvy\u0161\u0161\u00ed divize WorldTour, jm\u00e9no nov\u00e9ho zam\u011bstnavatele v\u0161ak zat\u00edm nesm\u00ed prozradit.<\/p>\n\n\n\n<figure class=\"wp-block-image size-large\"><img loading=\"lazy\" decoding=\"async\" width=\"1024\" height=\"682\" src=\"https:\/\/www.czechcyclingfederation.com\/wp-content\/uploads\/2024\/07\/julca-trat-1024x682.jpg\" alt=\"\" class=\"wp-image-30698\" srcset=\"https:\/\/www.czechcyclingfederation.com\/wp-content\/uploads\/2024\/07\/julca-trat-1024x682.jpg 1024w, https:\/\/www.czechcyclingfederation.com\/wp-content\/uploads\/2024\/07\/julca-trat-300x200.jpg 300w, https:\/\/www.czechcyclingfederation.com\/wp-content\/uploads\/2024\/07\/julca-trat-768x511.jpg 768w, https:\/\/www.czechcyclingfederation.com\/wp-content\/uploads\/2024\/07\/julca-trat-1536x1022.jpg 1536w, https:\/\/www.czechcyclingfederation.com\/wp-content\/uploads\/2024\/07\/julca-trat-2048x1363.jpg 2048w, https:\/\/www.czechcyclingfederation.com\/wp-content\/uploads\/2024\/07\/julca-trat-1320x879.jpg 1320w\" sizes=\"auto, (max-width: 1024px) 100vw, 1024px\" \/><\/figure>\n\n\n\n<p><strong>Co pro v\u00e1s vlastn\u011b znamen\u00e1 olympi\u00e1da?<\/strong><\/p>\n\n\n\n<p>V&nbsp;prvn\u00ed \u0159ad\u011b je pro m\u011b obrovsk\u00e1 \u010dest, \u017ee jsem se tam v&nbsp;devaten\u00e1cti dostala a vybrali m\u011b. Konkurence je u n\u00e1s velk\u00e1, \u0159ada holek je na tom dob\u0159e: Burlov\u00e1, Neumanov\u00e1, N\u011bmcov\u00e1, Noskov\u00e1 a dal\u0161\u00ed. Moc si v\u00e1\u017e\u00edm, \u017ee jsem ten nomina\u010dn\u00ed boj vyhr\u00e1la. Na za\u010d\u00e1tku sezony jsem s&nbsp;t\u00edm v\u016fbec nepo\u010d\u00edtala, ale jezdila jsem dob\u0159e, p\u0159i\u0161ly i v\u00fdsledky a za\u010dala jsem si v\u00edc v\u011b\u0159it. V\u011bd\u011bla jsem, \u017ee bude d\u016fle\u017eit\u00fd mistr\u00e1k, tak jsem se na n\u011bj sna\u017eila maxim\u00e1ln\u011b nachystat. Vy\u0161lo mi to skv\u011ble, hlavn\u011b v\u00edt\u011bzstv\u00ed v&nbsp;\u010dasovce si cen\u00edm. Dlouho jsem se na ni chystala, tr\u00e9novala jsem i na dr\u00e1ze. V\u011b\u0159ila jsem si, a i kdy\u017e to nebyla moje nejlep\u0161\u00ed \u010dasovka v&nbsp;\u017eivot\u011b a nem\u011bla jsem nejlep\u0161\u00ed den, o osm vte\u0159in jsem to urvala.<\/p>\n\n\n\n<p><strong>\u0158ada cyklist\u016f stav\u00ed t\u0159eba mistrovstv\u00ed sv\u011bta daleko v\u00fd\u0161 ne\u017e olympi\u00e1du. Jak to m\u00e1te vy?<\/strong><\/p>\n\n\n\n<p>Mistr sv\u011bta je v&nbsp;cyklistice asi po\u0159\u00e1d v\u00edc, ne\u017e v\u00edt\u011bz olympi\u00e1dy, voz\u00ed cel\u00fd rok duhov\u00fd dres. Ale na druhou stranu, olympi\u00e1da se kon\u00e1 jednou za \u010dty\u0159i roky a je to z\u00e1\u017eitek na cel\u00fd \u017eivot: obrovsk\u00fd kolos, spousta sportovc\u016f, daleko v\u011bt\u0161\u00ed ud\u00e1lost ne\u017e mistrovstv\u00ed sv\u011bta. Pro m\u011b start na olympi\u00e1d\u011b znamen\u00e1 stra\u0161n\u011b moc.<\/p>\n\n\n\n<p><strong>S&nbsp;\u010d\u00edm budete spokojena?<\/strong><\/p>\n\n\n\n<p>Kdy\u017e u\u017e jsem dostala d\u016fv\u011bru a byla nominov\u00e1na, ur\u010dit\u011b se tam nepojedu jen z\u00fa\u010dastnit. Jak tak kouk\u00e1m na startovn\u00ed listinu \u010dasovky, tak s&nbsp;\u0159adou holek jsem z\u00e1vod ani nikdy nejela. V\u011bt\u0161ina z&nbsp;nich je o dost star\u0161\u00ed, maj\u00ed toho v&nbsp;noh\u00e1ch daleko v\u00edc. Ale sp\u00ed\u0161 kouk\u00e1m na to, co m\u016f\u017eu ud\u011blat j\u00e1 sama: jak\u00e9 watty m\u00e1m \u0161lapat, jak rozlo\u017eit s\u00edly. A po tom, co jsem odtr\u00e9novala, tak v\u00edm, \u017ee m\u016f\u017eu zajet dobrou \u010dasovku. Chci tam nechat v\u0161echno, abych mohla b\u00fdt vnit\u0159n\u011b spokojena. Prvn\u00ed patn\u00e1ctka by v\u00fdsledkov\u011b byla \u00fa\u017easn\u00e1.<\/p>\n\n\n\n<figure class=\"wp-block-image size-large\"><img loading=\"lazy\" decoding=\"async\" width=\"1024\" height=\"682\" src=\"https:\/\/www.czechcyclingfederation.com\/wp-content\/uploads\/2024\/07\/bedna-julca-1024x682.jpg\" alt=\"\" class=\"wp-image-30700\" srcset=\"https:\/\/www.czechcyclingfederation.com\/wp-content\/uploads\/2024\/07\/bedna-julca-1024x682.jpg 1024w, https:\/\/www.czechcyclingfederation.com\/wp-content\/uploads\/2024\/07\/bedna-julca-300x200.jpg 300w, https:\/\/www.czechcyclingfederation.com\/wp-content\/uploads\/2024\/07\/bedna-julca-768x511.jpg 768w, https:\/\/www.czechcyclingfederation.com\/wp-content\/uploads\/2024\/07\/bedna-julca-1536x1022.jpg 1536w, https:\/\/www.czechcyclingfederation.com\/wp-content\/uploads\/2024\/07\/bedna-julca-2048x1363.jpg 2048w, https:\/\/www.czechcyclingfederation.com\/wp-content\/uploads\/2024\/07\/bedna-julca-1320x879.jpg 1320w\" sizes=\"auto, (max-width: 1024px) 100vw, 1024px\" \/><\/figure>\n\n\n\n<p><strong>A co silni\u010dn\u00ed z\u00e1vod, kde budete sama proti po\u010detn\u00ed p\u0159evaze velk\u00fdch t\u00fdm\u016f?<\/strong><\/p>\n\n\n\n<p>Jak u\u017e jsme v&nbsp;minulosti na olympi\u00e1d\u011b mohli vid\u011bt, tak ty silni\u010dn\u00ed z\u00e1vody jsou dost specifick\u00e9. \u010casto tam rozhoduj\u00ed i t\u00fdmov\u00e9 z\u00e1jmy na \u00fakor reprezenta\u010dn\u00edch t\u00fdm\u016f. Tak\u017ee ta po\u010detn\u00ed p\u0159evaha nemus\u00ed n\u011bkdy a\u017e tolik znamenat. Nav\u00edc t\u00fdmy nejsou a\u017e tak po\u010detn\u00e9, nen\u00ed tam komunikace. St\u00e1t se m\u016f\u017ee v\u0161echno. Vzpome\u0148me na ne\u010dekanou v\u00edt\u011bzku minul\u00e9 olympi\u00e1dy Kiesenhoferovou. Dop\u0159edu asi t\u011b\u017eko m\u016f\u017eu mluvit o n\u011bjak\u00e9m konkr\u00e9tn\u00edm um\u00edst\u011bn\u00ed, ale budu bojovat a uvid\u00edme, co z&nbsp;toho bude.<\/p>\n\n\n\n<p><strong>Za\u017e\u00edv\u00e1te \u017eivotn\u00ed sezonu?<\/strong><\/p>\n\n\n\n<p>Asi ano. Vyhr\u00e1la jsem Tour de Feminin, z&nbsp;toho jsem m\u011bla velkou radost. Hlavn\u011b, \u017ee je to z\u00e1vod doma v&nbsp;\u010cesku. I na Gracii se mi celkem da\u0159ilo. No a dv\u011b medaile z&nbsp;mistr\u00e1ku jsou taky skv\u011bl\u00e9. Je to znamen\u00ed, \u017ee se n\u011bkam posouv\u00e1m.<\/p>\n\n\n\n<p><strong>Jak velkou radost z nominace na olympi\u00e1du m\u011bla va\u0161e cyklistick\u00e1 rodina?<\/strong><\/p>\n\n\n\n<p>Obrovskou, hlavn\u011b t\u00e1ta i br\u00e1chov\u00e9. Oni by samoz\u0159ejm\u011b taky cht\u011bli na olympi\u00e1du jet, ale asi tam nem\u016f\u017eeme b\u00fdt v\u0161ichni. M\u011bli radost za m\u011b.<\/p>\n\n\n\n<p><strong>\u0158e\u0161\u00edte doma cyklistiku hodn\u011b?<\/strong><\/p>\n\n\n\n<p>Skoro po\u0159\u00e1d. Kdy\u017e sed\u00edme spole\u010dn\u011b u ve\u010de\u0159e, mluv\u00edme jen o cyklistice. Kouk\u00e1me na z\u00e1vody, mluv\u00edme o nich. Hodn\u011b mi to pom\u00e1h\u00e1, n\u011bco se od br\u00e1ch\u016f m\u016f\u017eu p\u0159iu\u010dit. Kdy\u017e m\u00e1m \u010das, na z\u00e1vody se v&nbsp;televizi d\u00edv\u00e1m i sama, t\u0159eba te\u010f na Tour. Aspo\u0148 posledn\u00edch dvacet kilometr\u016f, kdy\u017e p\u0159ijedu z&nbsp;tr\u00e9ninku. A sledovala jsem i \u017eensk\u00e9 Giro, kde jel m\u016fj t\u00fdm.<\/p>\n\n\n\n<figure class=\"wp-block-image size-large\"><img loading=\"lazy\" decoding=\"async\" width=\"1024\" height=\"683\" src=\"http:\/\/www.czechcyclingfederation.com\/wp-content\/uploads\/2024\/05\/julia-kopecky-vitezi-v-etape-1024x683.jpg\" alt=\"\" class=\"wp-image-29960\" srcset=\"https:\/\/www.czechcyclingfederation.com\/wp-content\/uploads\/2024\/05\/julia-kopecky-vitezi-v-etape-1024x683.jpg 1024w, https:\/\/www.czechcyclingfederation.com\/wp-content\/uploads\/2024\/05\/julia-kopecky-vitezi-v-etape-300x200.jpg 300w, https:\/\/www.czechcyclingfederation.com\/wp-content\/uploads\/2024\/05\/julia-kopecky-vitezi-v-etape-768x512.jpg 768w, https:\/\/www.czechcyclingfederation.com\/wp-content\/uploads\/2024\/05\/julia-kopecky-vitezi-v-etape-1536x1024.jpg 1536w, https:\/\/www.czechcyclingfederation.com\/wp-content\/uploads\/2024\/05\/julia-kopecky-vitezi-v-etape-2048x1365.jpg 2048w, https:\/\/www.czechcyclingfederation.com\/wp-content\/uploads\/2024\/05\/julia-kopecky-vitezi-v-etape-1320x880.jpg 1320w\" sizes=\"auto, (max-width: 1024px) 100vw, 1024px\" \/><figcaption class=\"wp-element-caption\">V\u00edt\u011bzka Julia Kopecky v c\u00edli prom\u00e1\u010den\u00e9 druh\u00e9 etapy Tour de Feminin<\/figcaption><\/figure>\n\n\n\n<p><strong>Jak prob\u00edh\u00e1 va\u0161e fin\u00e1ln\u00ed p\u0159\u00edprava?<\/strong><\/p>\n\n\n\n<p>Po mistr\u00e1ku jsem jela je\u0161t\u011b t\u011b\u017ek\u00fd \u0161estidenn\u00ed etap\u00e1k v&nbsp;N\u011bmecku, te\u010f tr\u00e1v\u00edm spoustu \u010dasu na \u010dasovk\u00e1\u0159sk\u00e9m kole. Byla jsem v&nbsp;Holandsku, kde jsem je\u0161t\u011b pot\u0159ebovala dod\u011blat jednu zkou\u0161ku na vysok\u00e9 \u0161kole, ale u\u017e jsem se t\u011b\u0161ila do \u010cech, kde m\u00e1m lep\u0161\u00ed mo\u017enosti tr\u00e9ninku. Fin\u00e1ln\u00ed p\u0159\u00edprava bude tady a u\u017e 25. \u010dervence odl\u00e9t\u00e1m do Pa\u0159\u00ed\u017ee.<\/p>\n\n\n\n<p><strong>Zvl\u00e1d\u00e1te studium p\u0159i cyklistice?<\/strong><\/p>\n\n\n\n<p>Sna\u017e\u00edm se. Studuji psychologii na univerzit\u011b v&nbsp;Leidenu, kde na\u0161e rodina bydl\u00ed. Je tady maminka, ta\u0165ka je te\u010f v&nbsp;Praze, kde pracuje jako profesor na univerzit\u011b. Je\u0161t\u011b mi chyb\u00ed dva roky do bakal\u00e1\u0159e, r\u00e1da bych \u0161kolu dod\u011blala.<\/p>\n\n\n\n<p><strong>Na co se z&nbsp;olympi\u00e1dy nejv\u00edc t\u011b\u0161\u00edte?<\/strong><\/p>\n\n\n\n<p>Na atmosf\u00e9ru. Jsem moc zv\u011bdav\u00e1, jak\u00e9 to bude. R\u00e1da bych se za\u0161la pod\u00edvat i na n\u011bjak\u00fd jin\u00fd sport \u2013 t\u0159eba na atletiku, kterou jsem v&nbsp;ml\u00e1d\u00ed d\u011blala. Ale uvid\u00edm, jak\u00e9 budou mo\u017enosti.<\/p>\n\n\n\n<p><strong>Co v\u00e1s je\u0161t\u011b \u010dek\u00e1 ve druh\u00e9 polovin\u011b sezony?<\/strong><\/p>\n\n\n\n<p>S&nbsp;\u010desk\u00fdm n\u00e1ro\u010f\u00e1kem bychom m\u011bly jet v&nbsp;srpnu Tour de l\u00b4Avenir, pak bych r\u00e1da startovala na mistrovstv\u00ed sv\u011bta i Evropy.<\/p>\n\n\n\n<figure class=\"wp-block-image size-large\"><img loading=\"lazy\" decoding=\"async\" width=\"1024\" height=\"683\" src=\"https:\/\/www.czechcyclingfederation.com\/wp-content\/uploads\/2024\/07\/juli-1024x683.jpg\" alt=\"\" class=\"wp-image-30702\" srcset=\"https:\/\/www.czechcyclingfederation.com\/wp-content\/uploads\/2024\/07\/juli-1024x683.jpg 1024w, https:\/\/www.czechcyclingfederation.com\/wp-content\/uploads\/2024\/07\/juli-300x200.jpg 300w, https:\/\/www.czechcyclingfederation.com\/wp-content\/uploads\/2024\/07\/juli-768x512.jpg 768w, https:\/\/www.czechcyclingfederation.com\/wp-content\/uploads\/2024\/07\/juli-1536x1024.jpg 1536w, https:\/\/www.czechcyclingfederation.com\/wp-content\/uploads\/2024\/07\/juli-1320x880.jpg 1320w, https:\/\/www.czechcyclingfederation.com\/wp-content\/uploads\/2024\/07\/juli.jpg 1920w\" sizes=\"auto, (max-width: 1024px) 100vw, 1024px\" \/><\/figure>\n\n\n\n<p><strong>A p\u0159\u00ed\u0161t\u00ed rok v\u00e1s \u010dek\u00e1 nov\u00e9 anga\u017em\u00e1 a nov\u00e9 v\u00fdzvy.<\/strong><\/p>\n\n\n\n<p>Je to tak. M\u00e1m podeps\u00e1no na dva roky do WorldTour, ale jm\u00e9no nov\u00e9ho t\u00fdmu je\u0161t\u011b prozradit nesm\u00edm. V\u0161ichni se to u\u017e brzy dozv\u00ed. M\u00e1m velikou radost, je to dal\u0161\u00ed postupn\u00fd krok v\u00a0m\u00e9 kari\u00e9\u0159e. Jsem moc r\u00e1da, \u017ee jsem te\u010f str\u00e1vila dva roky v\u00a0development t\u00fdmu a nau\u010dila se spoustu v\u011bc\u00ed. I to, \u017ee \u010dlov\u011bk m\u016f\u017ee vyhr\u00e1vat z\u00e1vody. Je to daleko lep\u0161\u00ed, ne\u017e sko\u010dit hned na nejv\u011bt\u0161\u00ed z\u00e1vody a d\u011blat jen domestika. Z\u00a0toho se n\u011bkdo m\u016f\u017ee i slo\u017eit, kdy\u017e to ment\u00e1ln\u011b neustoj\u00ed. J\u00e1 jdu cestou postupn\u00fdch kr\u016f\u010dk\u016f a moc d\u011bkuji sou\u010dasn\u00e9mu t\u00fdmu za to, kam m\u011b posunul.<\/p>\n\n\n\n<p>Foto: Jan Brychta, Tour de Feminin<\/p>\n","protected":false},"excerpt":{"rendered":"<p>Julia Kopecky jede v&nbsp;devaten\u00e1cti letech na svou prvn\u00ed olympi\u00e1du. Bude reprezentovat \u010cesko v&nbsp;\u010dasovce i silni\u010dn\u00edm z\u00e1vod\u011b. I kdy\u017e mezi daleko ost\u0159\u00edlen\u011bj\u0161\u00edmi z\u00e1vodnicemi nebude pat\u0159it mezi favoritky, r\u00e1da by na olympi\u00e1d\u011b n\u011bjakou stopu zanechala. Letos za\u017e\u00edv\u00e1 \u010dlenka belgick\u00e9ho t\u00fdmu AG Insurance &#8211; Soudal NXTG \u017eivotn\u00ed sezonu, p\u0159ipsala si n\u011bkolik d\u016fle\u017eit\u00fdch v\u00edt\u011bzstv\u00ed. Je mistryn\u00ed republiky v&nbsp;\u010dasovce, bronz [&hellip;]<\/p>\n","protected":false},"author":15,"featured_media":30695,"comment_status":"closed","ping_status":"open","sticky":false,"template":"","format":"standard","meta":{"footnotes":""},"categories":[2],"tags":[11],"class_list":["post-30694","post","type-post","status-publish","format-standard","has-post-thumbnail","hentry","category-novinky","tag-silnice"],"_links":{"self":[{"href":"https:\/\/www.czechcyclingfederation.com\/en\/wp-json\/wp\/v2\/posts\/30694","targetHints":{"allow":["GET"]}}],"collection":[{"href":"https:\/\/www.czechcyclingfederation.com\/en\/wp-json\/wp\/v2\/posts"}],"about":[{"href":"https:\/\/www.czechcyclingfederation.com\/en\/wp-json\/wp\/v2\/types\/post"}],"author":[{"embeddable":true,"href":"https:\/\/www.czechcyclingfederation.com\/en\/wp-json\/wp\/v2\/users\/15"}],"replies":[{"embeddable":true,"href":"https:\/\/www.czechcyclingfederation.com\/en\/wp-json\/wp\/v2\/comments?post=30694"}],"version-history":[{"count":2,"href":"https:\/\/www.czechcyclingfederation.com\/en\/wp-json\/wp\/v2\/posts\/30694\/revisions"}],"predecessor-version":[{"id":30704,"href":"https:\/\/www.czechcyclingfederation.com\/en\/wp-json\/wp\/v2\/posts\/30694\/revisions\/30704"}],"wp:featuredmedia":[{"embeddable":true,"href":"https:\/\/www.czechcyclingfederation.com\/en\/wp-json\/wp\/v2\/media\/30695"}],"wp:attachment":[{"href":"https:\/\/www.czechcyclingfederation.com\/en\/wp-json\/wp\/v2\/media?parent=30694"}],"wp:term":[{"taxonomy":"category","embeddable":true,"href":"https:\/\/www.czechcyclingfederation.com\/en\/wp-json\/wp\/v2\/categories?post=30694"},{"taxonomy":"post_tag","embeddable":true,"href":"https:\/\/www.czechcyclingfederation.com\/en\/wp-json\/wp\/v2\/tags?post=30694"}],"curies":[{"name":"wp","href":"https:\/\/api.w.org\/{rel}","templated":true}]}}