{"id":3069,"date":"2020-12-17T08:51:21","date_gmt":"2020-12-17T07:51:21","guid":{"rendered":"http:\/\/www.czechcyclingfederation.com\/?p=3069"},"modified":"2020-12-17T19:10:41","modified_gmt":"2020-12-17T18:10:41","slug":"pavel-padrnos-slavi-padesatiny","status":"publish","type":"post","link":"https:\/\/www.czechcyclingfederation.com\/en\/pavel-padrnos-slavi-padesatiny\/","title":{"rendered":"Pavel Padrnos slav\u00ed pades\u00e1tiny"},"content":{"rendered":"\n<p>B\u00fdval\u00fd \u010desk\u00fd silni\u010dn\u00ed reprezentant Pave Padrnos dnes slav\u00ed pades\u00e1tilet\u00e9 kulatiny. V\u00edt\u011bz Z\u00e1vodu m\u00edru z roku 1995 jezdil od n\u00e1sleduj\u00edc\u00edho roku mezi profesion\u00e1ly. Dv\u011b sezony p\u016fsobil v t\u00fdmu Saeco, n\u00e1sleduj\u00edc\u00ed t\u0159i roky byl velmi cen\u011bn\u00fdm \u010dlenem americk\u00e9ho t\u00fdmu US Postal Service a kon\u010dil v Discovery Channel Pro Cycling Team, ve kter\u00e9m pom\u00e1hal Lanci Armstrongovi zv\u00edt\u011bzit v Tour de France v letech 2002\u20132005.<\/p>\n\n\n\n<p>S\u00e1m Padrnos absolvoval slavnou Tour de France osmkr\u00e1t, v\u00a0roce 1996 se stal mistrem \u010cR v\u00a0\u010dasovce. Je v\u00edt\u011bzem \u0159ady z\u00e1vod\u016f, na nejvy\u0161\u0161\u00ed stupe\u0148 vystoupil na z\u00e1vodech Doln\u00edm Saskem, Kolem Hesenska a Kolem Bavorska. V\u00a0sou\u010dasn\u00e9 dob\u011b je sportovn\u00ed \u0159editel kontinent\u00e1ln\u00ed st\u00e1je Topforex-Lapierre.\u00a0<\/p>\n","protected":false},"excerpt":{"rendered":"<p>B\u00fdval\u00fd \u010desk\u00fd silni\u010dn\u00ed reprezentant Pave Padrnos dnes slav\u00ed pades\u00e1tilet\u00e9 kulatiny. V\u00edt\u011bz Z\u00e1vodu m\u00edru z roku 1995 jezdil od n\u00e1sleduj\u00edc\u00edho roku mezi profesion\u00e1ly. Dv\u011b sezony p\u016fsobil v t\u00fdmu Saeco, n\u00e1sleduj\u00edc\u00ed t\u0159i roky byl velmi cen\u011bn\u00fdm \u010dlenem americk\u00e9ho t\u00fdmu US Postal Service a kon\u010dil v Discovery Channel Pro Cycling Team, ve kter\u00e9m pom\u00e1hal Lanci Armstrongovi zv\u00edt\u011bzit v [&hellip;]<\/p>\n","protected":false},"author":8,"featured_media":3070,"comment_status":"closed","ping_status":"open","sticky":false,"template":"","format":"standard","meta":{"footnotes":""},"categories":[2,65],"tags":[],"class_list":["post-3069","post","type-post","status-publish","format-standard","has-post-thumbnail","hentry","category-novinky","category-subdisciplina"],"_links":{"self":[{"href":"https:\/\/www.czechcyclingfederation.com\/en\/wp-json\/wp\/v2\/posts\/3069","targetHints":{"allow":["GET"]}}],"collection":[{"href":"https:\/\/www.czechcyclingfederation.com\/en\/wp-json\/wp\/v2\/posts"}],"about":[{"href":"https:\/\/www.czechcyclingfederation.com\/en\/wp-json\/wp\/v2\/types\/post"}],"author":[{"embeddable":true,"href":"https:\/\/www.czechcyclingfederation.com\/en\/wp-json\/wp\/v2\/users\/8"}],"replies":[{"embeddable":true,"href":"https:\/\/www.czechcyclingfederation.com\/en\/wp-json\/wp\/v2\/comments?post=3069"}],"version-history":[{"count":2,"href":"https:\/\/www.czechcyclingfederation.com\/en\/wp-json\/wp\/v2\/posts\/3069\/revisions"}],"predecessor-version":[{"id":3072,"href":"https:\/\/www.czechcyclingfederation.com\/en\/wp-json\/wp\/v2\/posts\/3069\/revisions\/3072"}],"wp:featuredmedia":[{"embeddable":true,"href":"https:\/\/www.czechcyclingfederation.com\/en\/wp-json\/wp\/v2\/media\/3070"}],"wp:attachment":[{"href":"https:\/\/www.czechcyclingfederation.com\/en\/wp-json\/wp\/v2\/media?parent=3069"}],"wp:term":[{"taxonomy":"category","embeddable":true,"href":"https:\/\/www.czechcyclingfederation.com\/en\/wp-json\/wp\/v2\/categories?post=3069"},{"taxonomy":"post_tag","embeddable":true,"href":"https:\/\/www.czechcyclingfederation.com\/en\/wp-json\/wp\/v2\/tags?post=3069"}],"curies":[{"name":"wp","href":"https:\/\/api.w.org\/{rel}","templated":true}]}}