{"id":3067,"date":"2020-12-17T08:47:55","date_gmt":"2020-12-17T07:47:55","guid":{"rendered":"http:\/\/www.czechcyclingfederation.com\/?p=3067"},"modified":"2020-12-17T08:47:55","modified_gmt":"2020-12-17T07:47:55","slug":"wahoo-fitness-se-stava-oficialnim-dodavatelem-uci","status":"publish","type":"post","link":"https:\/\/www.czechcyclingfederation.com\/en\/wahoo-fitness-se-stava-oficialnim-dodavatelem-uci\/","title":{"rendered":"Wahoo Fitness se st\u00e1v\u00e1 ofici\u00e1ln\u00edm dodavatelem UCI"},"content":{"rendered":"\n<p>Mezin\u00e1rodn\u00ed cyklistick\u00e1 unie (UCI) podepsala partnerstv\u00ed se spole\u010dnost\u00ed Wahoo Fitness. Technologick\u00e1 spole\u010dnost se tak stala nov\u00fdm ofici\u00e1ln\u00edm dodavatelem pro mistrovstv\u00ed sv\u011bta a zp\u0159\u00edstup\u0148uje tak sv\u00e9 \u0161pi\u010dkov\u00e9 produkty v\u0161em \u00fa\u010dastn\u00edk\u016fm.<\/p>\n\n\n\n<p>Wahoo Fitness se s\u00eddlem v Atlant\u011b je spole\u010dnost specializuj\u00edc\u00ed se na technologie pro cyklisty, jako jsou nap\u0159\u00edklad dom\u00e1c\u00ed tren\u00e9\u0159i (zejm\u00e9na inteligentn\u00ed tren\u00e9\u0159i), monitory srde\u010dn\u00edho tepu, cyklistick\u00e9 po\u010d\u00edta\u010de a cyklistick\u00fd tr\u00e9ninkov\u00fd software.<\/p>\n\n\n\n<p>Krom\u011b toho bude spole\u010dnost Wahoo podporovat program solidarity UCI a poskytovat vybaven\u00ed jak UCI v tr\u00e9ninkov\u00e9m st\u0159edisku UCI v Aigle (\u0160v\u00fdcarsko), stejn\u011b jako kontinent\u00e1ln\u00edm centr\u016fm a n\u00e1rodn\u00edm federac\u00edm. Vybaven\u00ed spole\u010dnosti Wahoo pos\u00edl\u00ed \u0161k\u00e1lu n\u00e1stroj\u016f, kter\u00e9 maj\u00ed sportovci k&nbsp;dispozici, kter\u00fdm to umo\u017e\u0148uje snadn\u011bji tr\u00e9novat v interi\u00e9rech pomoc\u00ed m\u011b\u0159en\u00ed v\u00fdkonu a pom\u00e1h\u00e1 jim sledovat strukturovan\u00fd tr\u00e9nink.<\/p>\n\n\n\n<p>Prost\u0159ednictv\u00edm tohoto inovativn\u00edho partnerstv\u00ed nab\u00eddne Wahoo tak\u00e9 sv\u00e1 tr\u00e9ninkov\u00e1 videa na z\u00e1klad\u011b z\u00e1b\u011br\u016f z&nbsp;ud\u00e1lost\u00ed UCI. Tato videa budou k dispozici na integrovan\u00e9 \u0161kolic\u00ed platform\u011b Wahoo SUF Training.<\/p>\n\n\n\n<p>\u201eP\u0159\u00edchod Wahoo Fitness mezi partnery UCI je \u00fa\u017easn\u00e1 zpr\u00e1va. Wahoo vynik\u00e1 v oblasti inovace co\u017e je v souladu s na\u0161\u00ed ambic\u00ed a snahy o modernizaci cyklistiky. D\u00edky n\u00ed bude n\u00e1\u0161 sport je\u0161t\u011b atraktivn\u011bj\u0161\u00ed pro \u0161irokou ve\u0159ejnost,\u201c \u0159ekl prezident UCI Prezident UCI David Lappartie.<\/p>\n","protected":false},"excerpt":{"rendered":"<p>Mezin\u00e1rodn\u00ed cyklistick\u00e1 unie (UCI) podepsala partnerstv\u00ed se spole\u010dnost\u00ed Wahoo Fitness. Technologick\u00e1 spole\u010dnost se tak stala nov\u00fdm ofici\u00e1ln\u00edm dodavatelem pro mistrovstv\u00ed sv\u011bta a zp\u0159\u00edstup\u0148uje tak sv\u00e9 \u0161pi\u010dkov\u00e9 produkty v\u0161em \u00fa\u010dastn\u00edk\u016fm. Wahoo Fitness se s\u00eddlem v Atlant\u011b je spole\u010dnost specializuj\u00edc\u00ed se na technologie pro cyklisty, jako jsou nap\u0159\u00edklad dom\u00e1c\u00ed tren\u00e9\u0159i (zejm\u00e9na inteligentn\u00ed tren\u00e9\u0159i), monitory srde\u010dn\u00edho tepu, cyklistick\u00e9 [&hellip;]<\/p>\n","protected":false},"author":8,"featured_media":3022,"comment_status":"closed","ping_status":"open","sticky":false,"template":"","format":"standard","meta":{"footnotes":""},"categories":[2,65],"tags":[],"class_list":["post-3067","post","type-post","status-publish","format-standard","has-post-thumbnail","hentry","category-novinky","category-subdisciplina"],"_links":{"self":[{"href":"https:\/\/www.czechcyclingfederation.com\/en\/wp-json\/wp\/v2\/posts\/3067","targetHints":{"allow":["GET"]}}],"collection":[{"href":"https:\/\/www.czechcyclingfederation.com\/en\/wp-json\/wp\/v2\/posts"}],"about":[{"href":"https:\/\/www.czechcyclingfederation.com\/en\/wp-json\/wp\/v2\/types\/post"}],"author":[{"embeddable":true,"href":"https:\/\/www.czechcyclingfederation.com\/en\/wp-json\/wp\/v2\/users\/8"}],"replies":[{"embeddable":true,"href":"https:\/\/www.czechcyclingfederation.com\/en\/wp-json\/wp\/v2\/comments?post=3067"}],"version-history":[{"count":1,"href":"https:\/\/www.czechcyclingfederation.com\/en\/wp-json\/wp\/v2\/posts\/3067\/revisions"}],"predecessor-version":[{"id":3068,"href":"https:\/\/www.czechcyclingfederation.com\/en\/wp-json\/wp\/v2\/posts\/3067\/revisions\/3068"}],"wp:featuredmedia":[{"embeddable":true,"href":"https:\/\/www.czechcyclingfederation.com\/en\/wp-json\/wp\/v2\/media\/3022"}],"wp:attachment":[{"href":"https:\/\/www.czechcyclingfederation.com\/en\/wp-json\/wp\/v2\/media?parent=3067"}],"wp:term":[{"taxonomy":"category","embeddable":true,"href":"https:\/\/www.czechcyclingfederation.com\/en\/wp-json\/wp\/v2\/categories?post=3067"},{"taxonomy":"post_tag","embeddable":true,"href":"https:\/\/www.czechcyclingfederation.com\/en\/wp-json\/wp\/v2\/tags?post=3067"}],"curies":[{"name":"wp","href":"https:\/\/api.w.org\/{rel}","templated":true}]}}