{"id":30662,"date":"2024-07-14T23:20:41","date_gmt":"2024-07-14T21:20:41","guid":{"rendered":"https:\/\/www.czechcyclingfederation.com\/?p=30662"},"modified":"2024-07-15T07:03:33","modified_gmt":"2024-07-15T05:03:33","slug":"fiala-se-stal-ceskym-silnicnim-sampionem-v-kategorii-u23","status":"publish","type":"post","link":"https:\/\/www.czechcyclingfederation.com\/en\/fiala-se-stal-ceskym-silnicnim-sampionem-v-kategorii-u23\/","title":{"rendered":"Fiala se stal \u010desk\u00fdm silni\u010dn\u00edm \u0161ampionem v kategorii U23"},"content":{"rendered":"\n<p>P\u0159i spole\u010dn\u00e9m silni\u010dn\u00edm mistrovsk\u00e9m z\u00e1vod\u011b \u010cech\u016f a Slov\u00e1k\u016f kategorie U23 vybojoval v \u010cesk\u00e9 T\u0159ebov\u00e9 titul Maty\u00e1\u0161 Fiala z celku ATT Investments. Spolu s n\u00edm vystoupili na stupn\u011b v\u00edt\u011bz\u016f po 159,6 kilometrech Daniel Mr\u00e1z (Elkov-Kasper) a t\u0159et\u00ed Jan Bittner z ATT Investments.<\/p>\n\n\n\n<p>Z\u00e1vod se jel na kopcovit\u00e9m okruhu s centrem v \u010cesk\u00e9 T\u0159ebov\u00e9 a od startu se z\u00e1vodilo. Ve t\u0159et\u00edm okruhu odjela dvojice Bittner a Mr\u00e1z. V n\u00e1sleduj\u00edc\u00edm okruhu dok\u00e1zali Fiala se Slov\u00e1kem Dun\u00e1rem smazat necelou minutu na vedouc\u00ed dvojici a roz\u0161\u00ed\u0159it \u010delo na \u010dty\u0159i lidi.<\/p>\n\n\n\n<p>Z\u00e1vodn\u00edci ATT se pokou\u0161eli v z\u00e1v\u011bru z\u00e1vodu Mr\u00e1ze roznastupovat, ale do t\u00e9to snahy se jim m\u00edchal slovensk\u00fd z\u00e1vodn\u00edk, kter\u00fd m\u011bl v\u00fdraznou z\u00e1sluhu na tom, \u017ee atak Bittnera byl zlikvidov\u00e1n. Nakonec se rozhodovalo a\u017e v z\u00e1v\u011bre\u010dn\u00e9m spurtu v n\u011bm\u017e Fiala p\u0159ed\u010dil Mr\u00e1ze.<\/p>\n\n\n\n<p>&#8220;Z\u00e1vod byl opravdu t\u011b\u017ek\u00fd. Profilem a vedrem. Bi\u0165\u00e1k mi v z\u00e1v\u011bru hodn\u011b sv\u00fdm n\u00e1stupem pomohl, tak\u017ee titul je z\u00e1sluhou t\u00fdmu a j\u00e1 jsem nesm\u00edrn\u011b r\u00e1d, \u017ee jsem byl schopen to dot\u00e1hnout do v\u00edt\u011bzn\u00e9ho konce. Hodn\u011b to pro m\u011b znamen\u00e1. V posledn\u00edch p\u00e1r letech jsem toho pro\u017eil dost a nebyl jsem daleko ani k tomu, abych s cyklistikou skon\u010dil. Ale poda\u0159ilo se mi to oto\u010dit,&#8221; \u0159ekl Maty\u00e1\u0161 Fiala.<\/p>\n\n\n\n<p>V\u00fdsledky:<\/p>\n\n\n\n<p>1. Fiala (ATT Investments) 4:10:48. 2. Mr\u00e1z (Elkov Kapser) stejn\u00fd \u010das, 3. J. Bittner (ATT Investments) +20 4. Elbardi (ACS Development) +5:09, 5. Rube\u0161 (Elkov Kasper), 6. Kerl (TJ Auto \u0160koda Ml. Boleslav) oba +7:09.<\/p>\n\n\n\n<p>FOTO ATT Investmens<\/p>\n","protected":false},"excerpt":{"rendered":"<p>P\u0159i spole\u010dn\u00e9m silni\u010dn\u00edm mistrovsk\u00e9m z\u00e1vod\u011b \u010cech\u016f a Slov\u00e1k\u016f kategorie U23 vybojoval v \u010cesk\u00e9 T\u0159ebov\u00e9 titul Maty\u00e1\u0161 Fiala z celku ATT Investments. Spolu s n\u00edm vystoupili na stupn\u011b v\u00edt\u011bz\u016f po 159,6 kilometrech Daniel Mr\u00e1z (Elkov-Kasper) a t\u0159et\u00ed Jan Bittner z ATT Investments. Z\u00e1vod se jel na kopcovit\u00e9m okruhu s centrem v \u010cesk\u00e9 T\u0159ebov\u00e9 a od startu [&hellip;]<\/p>\n","protected":false},"author":8,"featured_media":30663,"comment_status":"closed","ping_status":"open","sticky":false,"template":"","format":"standard","meta":{"footnotes":""},"categories":[2,18],"tags":[11],"class_list":["post-30662","post","type-post","status-publish","format-standard","has-post-thumbnail","hentry","category-novinky","category-silnice","tag-silnice"],"_links":{"self":[{"href":"https:\/\/www.czechcyclingfederation.com\/en\/wp-json\/wp\/v2\/posts\/30662","targetHints":{"allow":["GET"]}}],"collection":[{"href":"https:\/\/www.czechcyclingfederation.com\/en\/wp-json\/wp\/v2\/posts"}],"about":[{"href":"https:\/\/www.czechcyclingfederation.com\/en\/wp-json\/wp\/v2\/types\/post"}],"author":[{"embeddable":true,"href":"https:\/\/www.czechcyclingfederation.com\/en\/wp-json\/wp\/v2\/users\/8"}],"replies":[{"embeddable":true,"href":"https:\/\/www.czechcyclingfederation.com\/en\/wp-json\/wp\/v2\/comments?post=30662"}],"version-history":[{"count":2,"href":"https:\/\/www.czechcyclingfederation.com\/en\/wp-json\/wp\/v2\/posts\/30662\/revisions"}],"predecessor-version":[{"id":30667,"href":"https:\/\/www.czechcyclingfederation.com\/en\/wp-json\/wp\/v2\/posts\/30662\/revisions\/30667"}],"wp:featuredmedia":[{"embeddable":true,"href":"https:\/\/www.czechcyclingfederation.com\/en\/wp-json\/wp\/v2\/media\/30663"}],"wp:attachment":[{"href":"https:\/\/www.czechcyclingfederation.com\/en\/wp-json\/wp\/v2\/media?parent=30662"}],"wp:term":[{"taxonomy":"category","embeddable":true,"href":"https:\/\/www.czechcyclingfederation.com\/en\/wp-json\/wp\/v2\/categories?post=30662"},{"taxonomy":"post_tag","embeddable":true,"href":"https:\/\/www.czechcyclingfederation.com\/en\/wp-json\/wp\/v2\/tags?post=30662"}],"curies":[{"name":"wp","href":"https:\/\/api.w.org\/{rel}","templated":true}]}}