{"id":30647,"date":"2024-07-14T18:18:08","date_gmt":"2024-07-14T16:18:08","guid":{"rendered":"https:\/\/www.czechcyclingfederation.com\/?p=30647"},"modified":"2024-07-14T18:20:44","modified_gmt":"2024-07-14T16:20:44","slug":"kosarkova-si-v-otrokovicich-vyjela-ucast-na-ms-v-pumptracku","status":"publish","type":"post","link":"https:\/\/www.czechcyclingfederation.com\/en\/kosarkova-si-v-otrokovicich-vyjela-ucast-na-ms-v-pumptracku\/","title":{"rendered":"Ko\u0161\u00e1rkov\u00e1 si v\u00a0Otrokovic\u00edch vyjela \u00fa\u010dast na MS v\u00a0pumptracku"},"content":{"rendered":"\n<p><strong>Sabina Ko\u0161\u00e1rkov\u00e1<\/strong> potvrdila roli nejv\u011bt\u0161\u00ed favoritky a suver\u00e9nn\u00edm zp\u016fsobem vyhr\u00e1la v&nbsp;Otrokovic\u00edch kvalifikaci na mistrovstv\u00ed sv\u011bta v&nbsp;pumptracku. To se uskute\u010dn\u00ed 9. listopadu v&nbsp;Jihoafrick\u00e9 republice.<\/p>\n\n\n\n<p>P\u0159emo\u017eitelku nena\u0161la ani v&nbsp;jedn\u00e9 z&nbsp;j\u00edzd a ve fin\u00e1le porazila Slovenku Krist\u00ednu Madar\u00e1sovou. Ta u\u017e m\u011bla jistotu z&nbsp;MS z&nbsp;p\u0159edchoz\u00ed kvalifikace. <em>\u201eAle i tak jsem to cht\u011bla p\u0159ed dom\u00e1c\u00edmi fanou\u0161ky vyhr\u00e1t cel\u00e9. Vy\u0161ly mi v\u0161echny j\u00edzdy v\u010detn\u011b fin\u00e1le a jsem r\u00e1da, \u017ee jsem to takhle zvl\u00e1dla, i kdy\u017e jsem byla celkem nerv\u00f3zn\u00ed. Zdej\u0161\u00ed pumptrack se mi hodn\u011b l\u00edbil a m\u00e1m radost, \u017ee pojedu znovu na mistrovstv\u00ed sv\u011bta. R\u00e1da bych tam do t\u0159etice zabojovala o tu nejcenn\u011bj\u0161\u00ed medaili,\u201c<\/em> \u0159ekla Ko\u0161\u00e1rkov\u00e1, kter\u00e1 m\u00e1 z&nbsp;p\u0159edchoz\u00edch dvou MS dv\u011b st\u0159\u00edbrn\u00e9 medaile.<\/p>\n\n\n\n<p>Do \u0161ampion\u00e1tu pl\u00e1nuje je\u0161t\u011b jeden z\u00e1vod v&nbsp;pumptracku ve \u0160v\u00fdcarsku, ale jinak ji te\u010f napl\u0148uje hlavn\u011b sjezd. <em>\u201eV BMX jsem si te\u010f dala men\u0161\u00ed pauzu, proto\u017ee sezonu m\u00e1m prakticky od ledna. Te\u010f m\u011b \u010dek\u00e1 dom\u00e1c\u00ed \u0161ampion\u00e1t v&nbsp;Enduru a pak Evropa i sv\u011bt ve sjezdu,\u201c<\/em> prozradila.<\/p>\n","protected":false},"excerpt":{"rendered":"<p>Sabina Ko\u0161\u00e1rkov\u00e1 potvrdila roli nejv\u011bt\u0161\u00ed favoritky a suver\u00e9nn\u00edm zp\u016fsobem vyhr\u00e1la v&nbsp;Otrokovic\u00edch kvalifikaci na mistrovstv\u00ed sv\u011bta v&nbsp;pumptracku. To se uskute\u010dn\u00ed 9. listopadu v&nbsp;Jihoafrick\u00e9 republice. P\u0159emo\u017eitelku nena\u0161la ani v&nbsp;jedn\u00e9 z&nbsp;j\u00edzd a ve fin\u00e1le porazila Slovenku Krist\u00ednu Madar\u00e1sovou. Ta u\u017e m\u011bla jistotu z&nbsp;MS z&nbsp;p\u0159edchoz\u00ed kvalifikace. \u201eAle i tak jsem to cht\u011bla p\u0159ed dom\u00e1c\u00edmi fanou\u0161ky vyhr\u00e1t cel\u00e9. Vy\u0161ly mi [&hellip;]<\/p>\n","protected":false},"author":15,"featured_media":26484,"comment_status":"closed","ping_status":"open","sticky":false,"template":"","format":"standard","meta":{"footnotes":""},"categories":[2],"tags":[206],"class_list":["post-30647","post","type-post","status-publish","format-standard","has-post-thumbnail","hentry","category-novinky","tag-pumptrack"],"_links":{"self":[{"href":"https:\/\/www.czechcyclingfederation.com\/en\/wp-json\/wp\/v2\/posts\/30647","targetHints":{"allow":["GET"]}}],"collection":[{"href":"https:\/\/www.czechcyclingfederation.com\/en\/wp-json\/wp\/v2\/posts"}],"about":[{"href":"https:\/\/www.czechcyclingfederation.com\/en\/wp-json\/wp\/v2\/types\/post"}],"author":[{"embeddable":true,"href":"https:\/\/www.czechcyclingfederation.com\/en\/wp-json\/wp\/v2\/users\/15"}],"replies":[{"embeddable":true,"href":"https:\/\/www.czechcyclingfederation.com\/en\/wp-json\/wp\/v2\/comments?post=30647"}],"version-history":[{"count":2,"href":"https:\/\/www.czechcyclingfederation.com\/en\/wp-json\/wp\/v2\/posts\/30647\/revisions"}],"predecessor-version":[{"id":30651,"href":"https:\/\/www.czechcyclingfederation.com\/en\/wp-json\/wp\/v2\/posts\/30647\/revisions\/30651"}],"wp:featuredmedia":[{"embeddable":true,"href":"https:\/\/www.czechcyclingfederation.com\/en\/wp-json\/wp\/v2\/media\/26484"}],"wp:attachment":[{"href":"https:\/\/www.czechcyclingfederation.com\/en\/wp-json\/wp\/v2\/media?parent=30647"}],"wp:term":[{"taxonomy":"category","embeddable":true,"href":"https:\/\/www.czechcyclingfederation.com\/en\/wp-json\/wp\/v2\/categories?post=30647"},{"taxonomy":"post_tag","embeddable":true,"href":"https:\/\/www.czechcyclingfederation.com\/en\/wp-json\/wp\/v2\/tags?post=30647"}],"curies":[{"name":"wp","href":"https:\/\/api.w.org\/{rel}","templated":true}]}}