{"id":30639,"date":"2024-07-14T16:12:48","date_gmt":"2024-07-14T14:12:48","guid":{"rendered":"https:\/\/www.czechcyclingfederation.com\/?p=30639"},"modified":"2024-07-14T16:12:51","modified_gmt":"2024-07-14T14:12:51","slug":"sumpik-pokracuje-na-vitezne-vlne-vyhral-ncup-na-slovensku","status":"publish","type":"post","link":"https:\/\/www.czechcyclingfederation.com\/en\/sumpik-pokracuje-na-vitezne-vlne-vyhral-ncup-na-slovensku\/","title":{"rendered":"\u0160ump\u00edk pokra\u010duje na v\u00edt\u011bzn\u00e9 vln\u011b: vyhr\u00e1l Ncup na Slovensku"},"content":{"rendered":"\n<p><strong>Pavel \u0160ump\u00edk<\/strong> znovu potvrdil skv\u011blou formu a uk\u00e1zal, \u017ee je jedn\u00edm z&nbsp;nejlep\u0161\u00edch junior\u016f sou\u010dasnosti. Cyklista st\u00e1je Roman Kreuziger Cycling Academy startuj\u00edc\u00ed v&nbsp;dresu \u010desk\u00e9 reprezentace vyhr\u00e1l etapov\u00fd z\u00e1vod Medzin\u00e1rodn\u00e9 dni cyklistiky, kter\u00fd hostila slovensk\u00e1 m\u011bsta Tlma\u010de a Podhajsk\u00e1 a byl za\u0159azen do kategorie NCup, co\u017e je obdoba juniorsk\u00e9ho Sv\u011btov\u00e9ho poh\u00e1ru.<\/p>\n\n\n\n<p>\u0160ump\u00edk polo\u017eil z\u00e1klad k&nbsp;celkov\u00e9mu prvenstv\u00ed hned v&nbsp;\u00favodn\u00ed \u010dasovce na 11,5 km, kterou vyhr\u00e1l s&nbsp;n\u00e1skokem 13 vte\u0159in p\u0159ed Pol\u00e1kem Krzyskowem. Bylo to pro n\u011bj u\u017e 12. v\u00edt\u011bzstv\u00ed sezony.<\/p>\n\n\n\n<p>Zb\u00fdvaj\u00edc\u00ed dv\u011b etapy byly sp\u00ed\u0161e rovinat\u00e9 a kon\u010dily hromadn\u00fdmi dojezdy, tak\u017ee \u0160ump\u00edk spolu s&nbsp;kolegy bezpe\u010dn\u011b hl\u00eddal pr\u016fb\u011b\u017en\u00e9 veden\u00ed a vybojoval celkov\u00e9 v\u00edt\u011bzstv\u00ed.<\/p>\n\n\n\n<p>Ve v\u00edkendov\u00fdch etap\u00e1ch se bl\u00fdskl i dal\u0161\u00ed \u010desk\u00fd junior <strong>Jan Falt\u00fdnek<\/strong> z&nbsp;Dukly Praha, kter\u00fd skon\u010dil dvakr\u00e1t druh\u00fd. V&nbsp;sobotu se do elitn\u00ed des\u00edtky probojoval je\u0161t\u011b \u010dtvrt\u00fd <strong>Ond\u0159ej \u0160afr\u00e1nek<\/strong> startuj\u00edc\u00ed v&nbsp;dresu reprezentace \u010cR. \u0160ump\u00edk p\u0159ijel po oba dva dny v&nbsp;hlavn\u00edm poli. Nejlep\u0161\u00edm vrcha\u0159em z\u00e1vodu se stal <strong>Kristi\u00e1n Vavro<\/strong> z&nbsp;Dukly Praha.<\/p>\n\n\n\n<p><strong>Kone\u010dn\u00e9 po\u0159ad\u00ed: <\/strong>1. \u0160ump\u00edk (\u010cR) 5:26:14, 2. Krzyskow (Pol.) +21, 3. Chaleil (Fr.) +22, 4. Rooni +24, 5. M\u00e4tik (oba Est.) +32, \u2026 <strong>9. Falt\u00fdnek <\/strong>(Dukla Praha) +35, <strong>20. Pit\u00e1k<\/strong> (Lawi junior Team) +58.<\/p>\n\n\n\n<p>Foto: Roman Kreuziger Cycling Academy<\/p>\n","protected":false},"excerpt":{"rendered":"<p>Pavel \u0160ump\u00edk znovu potvrdil skv\u011blou formu a uk\u00e1zal, \u017ee je jedn\u00edm z&nbsp;nejlep\u0161\u00edch junior\u016f sou\u010dasnosti. Cyklista st\u00e1je Roman Kreuziger Cycling Academy startuj\u00edc\u00ed v&nbsp;dresu \u010desk\u00e9 reprezentace vyhr\u00e1l etapov\u00fd z\u00e1vod Medzin\u00e1rodn\u00e9 dni cyklistiky, kter\u00fd hostila slovensk\u00e1 m\u011bsta Tlma\u010de a Podhajsk\u00e1 a byl za\u0159azen do kategorie NCup, co\u017e je obdoba juniorsk\u00e9ho Sv\u011btov\u00e9ho poh\u00e1ru. \u0160ump\u00edk polo\u017eil z\u00e1klad k&nbsp;celkov\u00e9mu prvenstv\u00ed hned [&hellip;]<\/p>\n","protected":false},"author":15,"featured_media":30645,"comment_status":"closed","ping_status":"open","sticky":false,"template":"","format":"standard","meta":{"footnotes":""},"categories":[2],"tags":[11],"class_list":["post-30639","post","type-post","status-publish","format-standard","has-post-thumbnail","hentry","category-novinky","tag-silnice"],"_links":{"self":[{"href":"https:\/\/www.czechcyclingfederation.com\/en\/wp-json\/wp\/v2\/posts\/30639","targetHints":{"allow":["GET"]}}],"collection":[{"href":"https:\/\/www.czechcyclingfederation.com\/en\/wp-json\/wp\/v2\/posts"}],"about":[{"href":"https:\/\/www.czechcyclingfederation.com\/en\/wp-json\/wp\/v2\/types\/post"}],"author":[{"embeddable":true,"href":"https:\/\/www.czechcyclingfederation.com\/en\/wp-json\/wp\/v2\/users\/15"}],"replies":[{"embeddable":true,"href":"https:\/\/www.czechcyclingfederation.com\/en\/wp-json\/wp\/v2\/comments?post=30639"}],"version-history":[{"count":1,"href":"https:\/\/www.czechcyclingfederation.com\/en\/wp-json\/wp\/v2\/posts\/30639\/revisions"}],"predecessor-version":[{"id":30642,"href":"https:\/\/www.czechcyclingfederation.com\/en\/wp-json\/wp\/v2\/posts\/30639\/revisions\/30642"}],"wp:featuredmedia":[{"embeddable":true,"href":"https:\/\/www.czechcyclingfederation.com\/en\/wp-json\/wp\/v2\/media\/30645"}],"wp:attachment":[{"href":"https:\/\/www.czechcyclingfederation.com\/en\/wp-json\/wp\/v2\/media?parent=30639"}],"wp:term":[{"taxonomy":"category","embeddable":true,"href":"https:\/\/www.czechcyclingfederation.com\/en\/wp-json\/wp\/v2\/categories?post=30639"},{"taxonomy":"post_tag","embeddable":true,"href":"https:\/\/www.czechcyclingfederation.com\/en\/wp-json\/wp\/v2\/tags?post=30639"}],"curies":[{"name":"wp","href":"https:\/\/api.w.org\/{rel}","templated":true}]}}