{"id":30635,"date":"2024-07-13T23:39:36","date_gmt":"2024-07-13T21:39:36","guid":{"rendered":"https:\/\/www.czechcyclingfederation.com\/?p=30635"},"modified":"2024-07-13T23:39:38","modified_gmt":"2024-07-13T21:39:38","slug":"burlova-na-me-sesta-v-omniu","status":"publish","type":"post","link":"https:\/\/www.czechcyclingfederation.com\/en\/burlova-na-me-sesta-v-omniu\/","title":{"rendered":"Burlov\u00e1 na ME \u0161est\u00e1 v\u00a0omniu"},"content":{"rendered":"\n<p>Velmi dobrou formu potvrdila na evropsk\u00e9m \u0161ampion\u00e1tu kategori\u00ed U3 a junior\u016f Krist\u00fdna Burlov\u00e1.\u00a0 V\u00a0kategorii U23 obsadila v\u00a0olympijsk\u00e9 discipl\u00edn\u011b omnium \u0161est\u00e9 m\u00edsto.<\/p>\n\n\n\n<p>V\u00fdsledky:<\/p>\n\n\n\n<p>Juniorky:<\/p>\n\n\n\n<p>Bodovac\u00ed z\u00e1vod:<\/p>\n\n\n\n<p>1. Benezetov\u00e1 (Ir.) 89, 2. van Tongerenov\u00e1 (Niz.) 65, 3. Pegelov\u00e1 (It.) 43, &#8230;11. Strakat\u00e1 (\u010cR).<\/p>\n\n\n\n<p>Keirin:<\/p>\n\n\n\n<p>1. Randov\u00e1 (Brit.), 2. Kunissov\u00e1 (N\u011bm.), 3. Valiukevi\u010diteov\u00e1 (Lit.), &#8230;.12. Rochterov\u00e1 (\u010cR).<\/p>\n\n\n\n<p>Junio\u0159i:<\/p>\n\n\n\n<p>Bodovac\u00ed z\u00e1vod:<\/p>\n\n\n\n<p>1. Fugger (Rak.) 26, 2. Bortolami (It.) 21, 3. Fisher (Brit.) 20, &#8230;17. Brad\u00e1\u010d (\u010cR).<\/p>\n\n\n\n<p>\u017deny U23:<\/p>\n\n\n\n<p>Keirin:<\/p>\n\n\n\n<p>1. Schneiderov\u00e1 (N\u011bm.), 2. Moirov\u00e1 (Brit.), 3. Bileck\u00e1 (Ukr.), \u202610. A. Jaborn\u00edkov\u00e1, \u202613. Petekov\u00e1 (ob\u011b \u010cR).<\/p>\n\n\n\n<p>Omnium:<\/p>\n\n\n\n<p>1. Wankiewiczov\u00e1 (Pol.) 126, 2. Vanhoveov\u00e1 (Belg.) 118, 3. Venturelliov\u00e1 (It.) 107, &#8230;6. Burlov\u00e1 (\u010cR) 103.<\/p>\n\n\n\n<p>Mu\u017ei U23:<\/p>\n\n\n\n<p>Sprint:<\/p>\n\n\n\n<p>Fin\u00e1le: Spiegel (N\u011bm.) &#8211; Noerris (Brit.) 2_0, o 3. m\u00edsto: de Schrijver (Belg.) &#8211; Hiley (Brit.) 2:0, &#8230;16. Mal\u00e1\u0161ek (\u010cR).<\/p>\n\n\n\n<p>Omnium:<\/p>\n\n\n\n<p>1. Vandenbranden (Belg.) 116. 2. Hobbs (Brit.) 104, 3. Constant (\u0160v\u00fdc.) 98, &#8230;16. O. \u0160ilhav\u00fd (\u010cR) 20.<\/p>\n","protected":false},"excerpt":{"rendered":"<p>Velmi dobrou formu potvrdila na evropsk\u00e9m \u0161ampion\u00e1tu kategori\u00ed U3 a junior\u016f Krist\u00fdna Burlov\u00e1.\u00a0 V\u00a0kategorii U23 obsadila v\u00a0olympijsk\u00e9 discipl\u00edn\u011b omnium \u0161est\u00e9 m\u00edsto. V\u00fdsledky: Juniorky: Bodovac\u00ed z\u00e1vod: 1. Benezetov\u00e1 (Ir.) 89, 2. van Tongerenov\u00e1 (Niz.) 65, 3. Pegelov\u00e1 (It.) 43, &#8230;11. Strakat\u00e1 (\u010cR). Keirin: 1. Randov\u00e1 (Brit.), 2. Kunissov\u00e1 (N\u011bm.), 3. Valiukevi\u010diteov\u00e1 (Lit.), &#8230;.12. Rochterov\u00e1 (\u010cR). Junio\u0159i: [&hellip;]<\/p>\n","protected":false},"author":8,"featured_media":30636,"comment_status":"closed","ping_status":"open","sticky":false,"template":"","format":"standard","meta":{"footnotes":""},"categories":[54,2],"tags":[9],"class_list":["post-30635","post","type-post","status-publish","format-standard","has-post-thumbnail","hentry","category-draha","category-novinky","tag-draha"],"_links":{"self":[{"href":"https:\/\/www.czechcyclingfederation.com\/en\/wp-json\/wp\/v2\/posts\/30635","targetHints":{"allow":["GET"]}}],"collection":[{"href":"https:\/\/www.czechcyclingfederation.com\/en\/wp-json\/wp\/v2\/posts"}],"about":[{"href":"https:\/\/www.czechcyclingfederation.com\/en\/wp-json\/wp\/v2\/types\/post"}],"author":[{"embeddable":true,"href":"https:\/\/www.czechcyclingfederation.com\/en\/wp-json\/wp\/v2\/users\/8"}],"replies":[{"embeddable":true,"href":"https:\/\/www.czechcyclingfederation.com\/en\/wp-json\/wp\/v2\/comments?post=30635"}],"version-history":[{"count":1,"href":"https:\/\/www.czechcyclingfederation.com\/en\/wp-json\/wp\/v2\/posts\/30635\/revisions"}],"predecessor-version":[{"id":30638,"href":"https:\/\/www.czechcyclingfederation.com\/en\/wp-json\/wp\/v2\/posts\/30635\/revisions\/30638"}],"wp:featuredmedia":[{"embeddable":true,"href":"https:\/\/www.czechcyclingfederation.com\/en\/wp-json\/wp\/v2\/media\/30636"}],"wp:attachment":[{"href":"https:\/\/www.czechcyclingfederation.com\/en\/wp-json\/wp\/v2\/media?parent=30635"}],"wp:term":[{"taxonomy":"category","embeddable":true,"href":"https:\/\/www.czechcyclingfederation.com\/en\/wp-json\/wp\/v2\/categories?post=30635"},{"taxonomy":"post_tag","embeddable":true,"href":"https:\/\/www.czechcyclingfederation.com\/en\/wp-json\/wp\/v2\/tags?post=30635"}],"curies":[{"name":"wp","href":"https:\/\/api.w.org\/{rel}","templated":true}]}}