{"id":30607,"date":"2024-07-13T08:14:50","date_gmt":"2024-07-13T06:14:50","guid":{"rendered":"https:\/\/www.czechcyclingfederation.com\/?p=30607"},"modified":"2024-07-13T09:50:57","modified_gmt":"2024-07-13T07:50:57","slug":"mate-radi-silnicni-cyklistiku-tak-je-pro-vas-tento-vikend-svatym-gralem","status":"publish","type":"post","link":"https:\/\/www.czechcyclingfederation.com\/en\/mate-radi-silnicni-cyklistiku-tak-je-pro-vas-tento-vikend-svatym-gralem\/","title":{"rendered":"M\u00e1te r\u00e1di silni\u010dn\u00ed cyklistiku? Tak je pro V\u00e1s tento v\u00edkend svat\u00fdm gr\u00e1lem"},"content":{"rendered":"\n<p><strong>SOBOTA, 13. 7. 2024,<\/strong> Velk\u00e1 \u010cermn\u00e1 Mistrovstv\u00ed S.A.C., Akademick\u00e9 M\u010cR &#8211; \u010dasovka V sobotu za\u010dneme p\u011bkn\u011b zostra &#8211; pojede se \u010dasovka na tot\u00e1ln\u00ed placce z Velk\u00e9 \u010cermn\u00e9 u Borohr\u00e1dku sm\u011brem na Choce\u0148, kde bude oto\u010dka. 16 km, nen\u00ed \u010das ztr\u00e1cet \u010das, zalehnout a jet\u2026 A kdy\u017e nem\u016f\u017eu, zrychl\u00edm\u2026 Tahle \u010dasovka prov\u011b\u0159\u00ed s\u00edly v\u0161ech amat\u00e9r\u016f v \u010cR a tak\u00e9 mlad\u00fdch akademik\u016f a akademi\u010dek, student\u016f\/studentek vysok\u00fdch \u0161kol a univerzit <\/p>\n\n\n\n<p><strong>NED\u011aLE, 14. 7. 2024, <\/strong>\u010cesk\u00e1 T\u0159ebov\u00e1 M\u010cR a SR Masters, Mistrovstv\u00ed S.A.C. &#8211; silni\u010dn\u00ed z\u00e1vod Za\u010d\u00edn\u00e1me v 9:00 h mistr\u00e1kem kategorie Masters \u010cR a SR, spole\u010dn\u011b s Mistrovstv\u00edm S.A.C. Prvn\u00ed spole\u010dn\u00fd mistr\u00e1k Masters vznikl na popud Laca Longauera, p\u0159edsedy Cyklistiky pre v\u0161etk\u00fdch. Slovo dalo slovo a je to tu &#8211; poprv\u00e9 po vzoru mistr\u00e1k\u016f Elite a U23 a poprv\u00e9 v \u010cesk\u00e9 republice. Aby toho nebylo m\u00e1lo, poda\u0159il se hlavn\u00edmu po\u0159adateli husarsk\u00fd kousek a domluvil se s amat\u00e9rsk\u00fdmi ligami v \u010cR v \u010dele s Pavlem Zachem. Div\u00e1ci tak opravdu uvid\u00ed v\u0161echny amat\u00e9ry v \u010cR na jednom m\u00edst\u011b a v jeden \u010das, jak bojuj\u00ed o ojedin\u011bl\u00fd prim\u00e1t nejrychlej\u0161\u00edho z\u00e1vodn\u00edka, z\u00e1vodnice v \u010cR. <\/p>\n\n\n\n<p>D\u00edky rozd\u00edln\u00fdm pravidl\u016fm se v\u0161ak budou ud\u00edlet mistrovsk\u00e9 tituly zvl\u00e1\u0161\u0165. V Masters je toti\u017e pot\u0159eba m\u00edt licenci Masters od \u010cesk\u00e9ho svazu cyklistiky. Tak se u\u017e t\u011b\u0161\u00edte? P\u0159ij\u010fte fandit od 9:00 h t\u0159eba na kopec na Kozlov, kde bude i c\u00edl dopoledn\u00edho mistr\u00e1ku Masters a amat\u00e9r\u016f. Mistrovstv\u00ed \u010cR a SR U23, start ve 13:00 h, Star\u00e9 n\u00e1m\u011bst\u00ed, \u010cesk\u00e1 T\u0159ebov\u00e1 P\u0159ed dv\u011bma lety byl polo\u017een z\u00e1klad mistr\u00e1ku U23 v \u010cesk\u00e9 republice, byli jsme prvn\u00ed po\u0159adatel v \u010cR, kter\u00fd se chopil tohoto specifick\u00e9ho mistrovstv\u00ed. D\u011blejte mistr\u00e1k pro 65 z\u00e1vodn\u00edk\u016f ve v\u011bku 19 &#8211; 22 let v obou zem\u00edch! Co se to v\u0161ak po 2 letech stalo? \u017de by renesance silni\u010dn\u00ed cyklistiky u n\u00e1s? Na startovce letos uvid\u00edme t\u00e9m\u011b\u0159 100 borc\u016f z \u010cR a SR. M\u016f\u017ee za to i po\u0159adatelsk\u00fd klub, kter\u00fd nov\u011b vybudoval krom\u011b ml\u00e1de\u017ee tak\u00e9 t\u00fdm U23. <\/p>\n\n\n\n<p>Na trati tak mimo jin\u00fdch budete vid\u011bt dresy, kde sv\u00edt\u00ed n\u00e1pis PARDUBICE a v\u011b\u0159\u00edme, \u017ee to div\u00e1ci ocen\u00ed po\u0159\u00e1dn\u00fdm fand\u011bn\u00edm. K vid\u011bn\u00ed budou i kraj\u00e1nci, jezdci zahrani\u010dn\u00edch t\u00fdm\u016f, kter\u00e9 nen\u00ed mo\u017eno v \u010cR t\u00e9m\u011b\u0159 vid\u011bt &#8211; jezd\u00ed ji\u017e z\u00e1vody v zahrani\u010d\u00ed za sv\u00e9 kluby. Tra\u0165 je mimo\u0159\u00e1dn\u011b obt\u00ed\u017en\u00e1. Posu\u010fte sami &#8211; na 160 km z\u00e1vodn\u00edci nastoupaj\u00ed t\u00e9m\u011br 3.000 metr\u016f. Povedlo se n\u00e1m trasu v\u00e9st p\u0159es Star\u00e9 n\u00e1m\u011bst\u00ed, tak\u017ee zveme v\u0161echny fanou\u0161ky cyklistiky na n\u00e1m\u011bst\u00ed v \u010cesk\u00e9 T\u0159ebov\u00e9, kde uvid\u00ed 7 kol par\u00e1dn\u00ed cyklistiky. Tak co mysl\u00edte, d\u00e1 to n\u011bkdo na &#8220;Kely\u0161e&#8221; jako v roce 2022? Nastoup\u00ed n\u011bkdo hned v prvn\u00edm kole na Kozlov\u011b a dojede si s\u00f3lov\u011b pro v\u00edt\u011bzstv\u00ed? <\/p>\n\n\n\n<p>Cel\u00fd v\u00edkend se jede pod spole\u010dnou z\u00e1\u0161titou hejtmana Pardubick\u00e9ho kraje pana Netolick\u00e9ho a radn\u00edho pro sport pana Krej\u010d\u00ed\u0159e.<\/p>\n\n\n\n<figure class=\"wp-block-gallery has-nested-images columns-default is-cropped wp-block-gallery-1 is-layout-flex wp-block-gallery-is-layout-flex\">\n<figure class=\"wp-block-image size-large\"><img loading=\"lazy\" decoding=\"async\" width=\"724\" height=\"1024\" data-id=\"30622\" src=\"https:\/\/www.czechcyclingfederation.com\/wp-content\/uploads\/2024\/07\/thumbnail_MCRaMSR-Masters-SAC-MCRaSR-U23_plakat-1-724x1024.png\" alt=\"\" class=\"wp-image-30622\" srcset=\"https:\/\/www.czechcyclingfederation.com\/wp-content\/uploads\/2024\/07\/thumbnail_MCRaMSR-Masters-SAC-MCRaSR-U23_plakat-1-724x1024.png 724w, https:\/\/www.czechcyclingfederation.com\/wp-content\/uploads\/2024\/07\/thumbnail_MCRaMSR-Masters-SAC-MCRaSR-U23_plakat-1-141x200.png 141w, https:\/\/www.czechcyclingfederation.com\/wp-content\/uploads\/2024\/07\/thumbnail_MCRaMSR-Masters-SAC-MCRaSR-U23_plakat-1-768x1087.png 768w, https:\/\/www.czechcyclingfederation.com\/wp-content\/uploads\/2024\/07\/thumbnail_MCRaMSR-Masters-SAC-MCRaSR-U23_plakat-1-1086x1536.png 1086w, https:\/\/www.czechcyclingfederation.com\/wp-content\/uploads\/2024\/07\/thumbnail_MCRaMSR-Masters-SAC-MCRaSR-U23_plakat-1.png 1176w\" sizes=\"auto, (max-width: 724px) 100vw, 724px\" \/><\/figure>\n\n\n\n<figure class=\"wp-block-image size-large\"><img loading=\"lazy\" decoding=\"async\" width=\"724\" height=\"1024\" data-id=\"30624\" src=\"https:\/\/www.czechcyclingfederation.com\/wp-content\/uploads\/2024\/07\/thumbnail_MCRMSR_U23_CESKA-TREBOVA_2024_grafika-k-udalosti-na-fcb-724x1024.jpg\" alt=\"\" class=\"wp-image-30624\" srcset=\"https:\/\/www.czechcyclingfederation.com\/wp-content\/uploads\/2024\/07\/thumbnail_MCRMSR_U23_CESKA-TREBOVA_2024_grafika-k-udalosti-na-fcb-724x1024.jpg 724w, https:\/\/www.czechcyclingfederation.com\/wp-content\/uploads\/2024\/07\/thumbnail_MCRMSR_U23_CESKA-TREBOVA_2024_grafika-k-udalosti-na-fcb-141x200.jpg 141w, https:\/\/www.czechcyclingfederation.com\/wp-content\/uploads\/2024\/07\/thumbnail_MCRMSR_U23_CESKA-TREBOVA_2024_grafika-k-udalosti-na-fcb-768x1086.jpg 768w, https:\/\/www.czechcyclingfederation.com\/wp-content\/uploads\/2024\/07\/thumbnail_MCRMSR_U23_CESKA-TREBOVA_2024_grafika-k-udalosti-na-fcb.jpg 905w\" sizes=\"auto, (max-width: 724px) 100vw, 724px\" \/><\/figure>\n\n\n\n<figure class=\"wp-block-image size-large\"><img loading=\"lazy\" decoding=\"async\" width=\"726\" height=\"1024\" data-id=\"30626\" src=\"https:\/\/www.czechcyclingfederation.com\/wp-content\/uploads\/2024\/07\/thumbnail_Mistrovstvi-SAC-akademicke-MCR_casovka_plakat-726x1024.png\" alt=\"\" class=\"wp-image-30626\" srcset=\"https:\/\/www.czechcyclingfederation.com\/wp-content\/uploads\/2024\/07\/thumbnail_Mistrovstvi-SAC-akademicke-MCR_casovka_plakat-726x1024.png 726w, https:\/\/www.czechcyclingfederation.com\/wp-content\/uploads\/2024\/07\/thumbnail_Mistrovstvi-SAC-akademicke-MCR_casovka_plakat-142x200.png 142w, https:\/\/www.czechcyclingfederation.com\/wp-content\/uploads\/2024\/07\/thumbnail_Mistrovstvi-SAC-akademicke-MCR_casovka_plakat-768x1084.png 768w, https:\/\/www.czechcyclingfederation.com\/wp-content\/uploads\/2024\/07\/thumbnail_Mistrovstvi-SAC-akademicke-MCR_casovka_plakat-1089x1536.png 1089w, https:\/\/www.czechcyclingfederation.com\/wp-content\/uploads\/2024\/07\/thumbnail_Mistrovstvi-SAC-akademicke-MCR_casovka_plakat.png 1175w\" sizes=\"auto, (max-width: 726px) 100vw, 726px\" \/><\/figure>\n<\/figure>\n\n\n\n<p><\/p>\n","protected":false},"excerpt":{"rendered":"<p>SOBOTA, 13. 7. 2024, Velk\u00e1 \u010cermn\u00e1 Mistrovstv\u00ed S.A.C., Akademick\u00e9 M\u010cR &#8211; \u010dasovka V sobotu za\u010dneme p\u011bkn\u011b zostra &#8211; pojede se \u010dasovka na tot\u00e1ln\u00ed placce z Velk\u00e9 \u010cermn\u00e9 u Borohr\u00e1dku sm\u011brem na Choce\u0148, kde bude oto\u010dka. 16 km, nen\u00ed \u010das ztr\u00e1cet \u010das, zalehnout a jet\u2026 A kdy\u017e nem\u016f\u017eu, zrychl\u00edm\u2026 Tahle \u010dasovka prov\u011b\u0159\u00ed s\u00edly v\u0161ech amat\u00e9r\u016f v [&hellip;]<\/p>\n","protected":false},"author":2,"featured_media":30608,"comment_status":"closed","ping_status":"open","sticky":false,"template":"","format":"standard","meta":{"footnotes":""},"categories":[2],"tags":[11],"class_list":["post-30607","post","type-post","status-publish","format-standard","has-post-thumbnail","hentry","category-novinky","tag-silnice"],"_links":{"self":[{"href":"https:\/\/www.czechcyclingfederation.com\/en\/wp-json\/wp\/v2\/posts\/30607","targetHints":{"allow":["GET"]}}],"collection":[{"href":"https:\/\/www.czechcyclingfederation.com\/en\/wp-json\/wp\/v2\/posts"}],"about":[{"href":"https:\/\/www.czechcyclingfederation.com\/en\/wp-json\/wp\/v2\/types\/post"}],"author":[{"embeddable":true,"href":"https:\/\/www.czechcyclingfederation.com\/en\/wp-json\/wp\/v2\/users\/2"}],"replies":[{"embeddable":true,"href":"https:\/\/www.czechcyclingfederation.com\/en\/wp-json\/wp\/v2\/comments?post=30607"}],"version-history":[{"count":3,"href":"https:\/\/www.czechcyclingfederation.com\/en\/wp-json\/wp\/v2\/posts\/30607\/revisions"}],"predecessor-version":[{"id":30632,"href":"https:\/\/www.czechcyclingfederation.com\/en\/wp-json\/wp\/v2\/posts\/30607\/revisions\/30632"}],"wp:featuredmedia":[{"embeddable":true,"href":"https:\/\/www.czechcyclingfederation.com\/en\/wp-json\/wp\/v2\/media\/30608"}],"wp:attachment":[{"href":"https:\/\/www.czechcyclingfederation.com\/en\/wp-json\/wp\/v2\/media?parent=30607"}],"wp:term":[{"taxonomy":"category","embeddable":true,"href":"https:\/\/www.czechcyclingfederation.com\/en\/wp-json\/wp\/v2\/categories?post=30607"},{"taxonomy":"post_tag","embeddable":true,"href":"https:\/\/www.czechcyclingfederation.com\/en\/wp-json\/wp\/v2\/tags?post=30607"}],"curies":[{"name":"wp","href":"https:\/\/api.w.org\/{rel}","templated":true}]}}