{"id":306,"date":"2020-05-28T02:53:09","date_gmt":"2020-05-28T00:53:09","guid":{"rendered":"http:\/\/www.czechcyclingfederation.com\/?p=306"},"modified":"2020-07-16T13:41:10","modified_gmt":"2020-07-16T11:41:10","slug":"trenuj-s-repre-cyklokros-7-dil-michael-boros","status":"publish","type":"post","link":"https:\/\/www.czechcyclingfederation.com\/en\/trenuj-s-repre-cyklokros-7-dil-michael-boros\/","title":{"rendered":"Tr\u00e9nuj s repre CYKLOKROS &#8211; 7. d\u00edl Michael Boro\u0161"},"content":{"rendered":"\n<p>Dne\u0161n\u00edm hostem projektu \u201eTr\u00e9nuj s repre CYKLOKROS\u201c je Michael Boro\u0161 \u201cBory\u201d!<\/p>\n\n\n\n<p>Na t\u00e1borsk\u00e9 trati v\u00e1m \u010desk\u00fd reprezentant Michael Boro\u0161 v ned\u011bln\u00edm d\u00edle Tr\u00e9nuj s repre uk\u00e1\u017ee, jak na prudk\u00e9 v\u00fdjezdy, schody a naskakov\u00e1n\u00ed na kolo.<\/p>\n\n\n\n<figure><iframe loading=\"lazy\" allowfullscreen=\"true\" height=\"476\" src=\"https:\/\/www.facebook.com\/plugins\/video.php?href=https%3A%2F%2Fwww.facebook.com%2Fczechcyclingfederation%2Fvideos%2F535871983797487%2F&amp;show_text=1&amp;width=560\" width=\"560\"><\/iframe><\/figure>\n","protected":false},"excerpt":{"rendered":"<p>Dne\u0161n\u00edm hostem projektu \u201eTr\u00e9nuj s repre CYKLOKROS\u201c je Michael Boro\u0161 \u201cBory\u201d! Na t\u00e1borsk\u00e9 trati v\u00e1m \u010desk\u00fd reprezentant Michael Boro\u0161 v ned\u011bln\u00edm d\u00edle Tr\u00e9nuj s repre uk\u00e1\u017ee, jak na prudk\u00e9 v\u00fdjezdy, schody a naskakov\u00e1n\u00ed na kolo.<\/p>\n","protected":false},"author":1,"featured_media":309,"comment_status":"closed","ping_status":"open","sticky":false,"template":"","format":"standard","meta":{"footnotes":""},"categories":[58,2,1],"tags":[59],"class_list":["post-306","post","type-post","status-publish","format-standard","has-post-thumbnail","hentry","category-cyklokros","category-novinky","category-uncategorized-cs","tag-cyklokros"],"_links":{"self":[{"href":"https:\/\/www.czechcyclingfederation.com\/en\/wp-json\/wp\/v2\/posts\/306","targetHints":{"allow":["GET"]}}],"collection":[{"href":"https:\/\/www.czechcyclingfederation.com\/en\/wp-json\/wp\/v2\/posts"}],"about":[{"href":"https:\/\/www.czechcyclingfederation.com\/en\/wp-json\/wp\/v2\/types\/post"}],"author":[{"embeddable":true,"href":"https:\/\/www.czechcyclingfederation.com\/en\/wp-json\/wp\/v2\/users\/1"}],"replies":[{"embeddable":true,"href":"https:\/\/www.czechcyclingfederation.com\/en\/wp-json\/wp\/v2\/comments?post=306"}],"version-history":[{"count":2,"href":"https:\/\/www.czechcyclingfederation.com\/en\/wp-json\/wp\/v2\/posts\/306\/revisions"}],"predecessor-version":[{"id":308,"href":"https:\/\/www.czechcyclingfederation.com\/en\/wp-json\/wp\/v2\/posts\/306\/revisions\/308"}],"wp:featuredmedia":[{"embeddable":true,"href":"https:\/\/www.czechcyclingfederation.com\/en\/wp-json\/wp\/v2\/media\/309"}],"wp:attachment":[{"href":"https:\/\/www.czechcyclingfederation.com\/en\/wp-json\/wp\/v2\/media?parent=306"}],"wp:term":[{"taxonomy":"category","embeddable":true,"href":"https:\/\/www.czechcyclingfederation.com\/en\/wp-json\/wp\/v2\/categories?post=306"},{"taxonomy":"post_tag","embeddable":true,"href":"https:\/\/www.czechcyclingfederation.com\/en\/wp-json\/wp\/v2\/tags?post=306"}],"curies":[{"name":"wp","href":"https:\/\/api.w.org\/{rel}","templated":true}]}}