{"id":30592,"date":"2024-07-11T21:55:35","date_gmt":"2024-07-11T19:55:35","guid":{"rendered":"https:\/\/www.czechcyclingfederation.com\/?p=30592"},"modified":"2024-07-11T21:55:38","modified_gmt":"2024-07-11T19:55:38","slug":"treti-den-drahoveho-me-cesi-bez-medaile","status":"publish","type":"post","link":"https:\/\/www.czechcyclingfederation.com\/en\/treti-den-drahoveho-me-cesi-bez-medaile\/","title":{"rendered":"T\u0159et\u00ed den dr\u00e1hov\u00e9ho ME \u010ce\u0161i bez medaile"},"content":{"rendered":"\n<p>Po dvou dnech, kdy na\u0161i mlad\u00ed dr\u00e1ha\u0159i vybojovali na evropsk\u00e9m \u0161ampion\u00e1tu v\u017edy dv\u011b bronzov\u00e9 medaile, dnes jezdci kategori\u00ed U23 i junior\u016f vy\u0161li napr\u00e1zdno. Alespo\u0148 do elitn\u00ed des\u00edtky se dostala na dr\u00e1ze v n\u011bmeck\u00e9m Cottbusu Krist\u00fdna Burlov\u00e1, kter\u00e1 v z\u00e1vod\u011b \u017een U23 ve scratchi skon\u010dila na osm\u00e9m m\u00edst\u011b.<\/p>\n\n\n\n<p>V\u00fdsledky:<\/p>\n\n\n\n<p>Juniorky:<\/p>\n\n\n\n<p>St\u00edhac\u00ed z\u00e1vod:<\/p>\n\n\n\n<p>Fin\u00e1le: Messemrov\u00e1 (N\u011bm.) 2:28,273 &#8211; Vierstraeteov\u00e1 (Belg.) 2:30,331, o 3. m\u00edsto: U\u0161akov\u00e1 (Ukr.) 2:30,240 &#8211; Klamutov\u00e1 (Pol.) 2:33,697.<\/p>\n\n\n\n<p>Vylu\u010dovac\u00ed z\u00e1vod:<\/p>\n\n\n\n<p>1. Baimaov\u00e1 (It.), 2. Expeelsov\u00e1 (Belg.), 2. Boothmanov\u00e1 (Brit.), &#8230;12. Strakat\u00e1 (\u010cR).<\/p>\n\n\n\n<p>Junio\u0159i:<\/p>\n\n\n\n<p>St\u00edhac\u00ed z\u00e1vod:<\/p>\n\n\n\n<p>Fin\u00e1le: Petry (N\u011bm.) 3:17,485 &#8211; Sasso (It.) 3:20,643, o 3. m\u00edsto: Vosgereau (D\u00e1n.) 3:20,516 &#8211; Kings (N\u011bm.) 3:21,547.<\/p>\n\n\n\n<p>\u017deny U23:<\/p>\n\n\n\n<p>Scratch:<\/p>\n\n\n\n<p>1. Rocaov\u00e1 (\u0160p.), 2. Veenhovenov\u00e1 (Niz.), 3. Tveitov\u00e1 (Nor.), &#8230;8. Burlov\u00e1 (\u010cR).<\/p>\n\n\n\n<p>St\u00edhac\u00ed z\u00e1vod dru\u017estev:<\/p>\n\n\n\n<p>Fin\u00e1le: Brit\u00e1nie (Lewisov\u00e1, Leechov\u00e1, Listerov\u00e1, Sharpov\u00e1) 4:36,650 &#8211; \u0160v\u00fdcarsko (Liechtiov\u00e1, Liehnerov\u00e1, Stettglerov\u00e1, Leuov\u00e1) 4:38,640, o 3. m\u00edsto: It\u00e1lie (Fiorinov\u00e1, Pellegriniov\u00e1, Venturelliov\u00e1, Grassiov\u00e1) 4:33,068 &#8211; Polsko 4:33,607.<\/p>\n\n\n\n<p>Mu\u017ei U23:<\/p>\n\n\n\n<p>St\u00edhac\u00ed z\u00e1vod dru\u017estev:<\/p>\n\n\n\n<p>Fin\u00e1le: It\u00e1lie (Favero, Giaimi, Moro, Galli, Quaranta) &#8211; Belgie (Raes, Vandenbranden, Bernard, Dens, van den Haute) &#8211; dojeti, o 3. m\u00edsto: N\u011bmecko (Arenz, Kessler, Jochum, Boos) &#8211; Francie &#8211; dojeta.<\/p>\n","protected":false},"excerpt":{"rendered":"<p>Po dvou dnech, kdy na\u0161i mlad\u00ed dr\u00e1ha\u0159i vybojovali na evropsk\u00e9m \u0161ampion\u00e1tu v\u017edy dv\u011b bronzov\u00e9 medaile, dnes jezdci kategori\u00ed U23 i junior\u016f vy\u0161li napr\u00e1zdno. Alespo\u0148 do elitn\u00ed des\u00edtky se dostala na dr\u00e1ze v n\u011bmeck\u00e9m Cottbusu Krist\u00fdna Burlov\u00e1, kter\u00e1 v z\u00e1vod\u011b \u017een U23 ve scratchi skon\u010dila na osm\u00e9m m\u00edst\u011b. V\u00fdsledky: Juniorky: St\u00edhac\u00ed z\u00e1vod: Fin\u00e1le: Messemrov\u00e1 (N\u011bm.) 2:28,273 [&hellip;]<\/p>\n","protected":false},"author":8,"featured_media":30593,"comment_status":"closed","ping_status":"open","sticky":false,"template":"","format":"standard","meta":{"footnotes":""},"categories":[54,2],"tags":[9],"class_list":["post-30592","post","type-post","status-publish","format-standard","has-post-thumbnail","hentry","category-draha","category-novinky","tag-draha"],"_links":{"self":[{"href":"https:\/\/www.czechcyclingfederation.com\/en\/wp-json\/wp\/v2\/posts\/30592","targetHints":{"allow":["GET"]}}],"collection":[{"href":"https:\/\/www.czechcyclingfederation.com\/en\/wp-json\/wp\/v2\/posts"}],"about":[{"href":"https:\/\/www.czechcyclingfederation.com\/en\/wp-json\/wp\/v2\/types\/post"}],"author":[{"embeddable":true,"href":"https:\/\/www.czechcyclingfederation.com\/en\/wp-json\/wp\/v2\/users\/8"}],"replies":[{"embeddable":true,"href":"https:\/\/www.czechcyclingfederation.com\/en\/wp-json\/wp\/v2\/comments?post=30592"}],"version-history":[{"count":1,"href":"https:\/\/www.czechcyclingfederation.com\/en\/wp-json\/wp\/v2\/posts\/30592\/revisions"}],"predecessor-version":[{"id":30595,"href":"https:\/\/www.czechcyclingfederation.com\/en\/wp-json\/wp\/v2\/posts\/30592\/revisions\/30595"}],"wp:featuredmedia":[{"embeddable":true,"href":"https:\/\/www.czechcyclingfederation.com\/en\/wp-json\/wp\/v2\/media\/30593"}],"wp:attachment":[{"href":"https:\/\/www.czechcyclingfederation.com\/en\/wp-json\/wp\/v2\/media?parent=30592"}],"wp:term":[{"taxonomy":"category","embeddable":true,"href":"https:\/\/www.czechcyclingfederation.com\/en\/wp-json\/wp\/v2\/categories?post=30592"},{"taxonomy":"post_tag","embeddable":true,"href":"https:\/\/www.czechcyclingfederation.com\/en\/wp-json\/wp\/v2\/tags?post=30592"}],"curies":[{"name":"wp","href":"https:\/\/api.w.org\/{rel}","templated":true}]}}