{"id":30586,"date":"2024-07-10T20:59:51","date_gmt":"2024-07-10T18:59:51","guid":{"rendered":"https:\/\/www.czechcyclingfederation.com\/?p=30586"},"modified":"2024-07-10T20:59:54","modified_gmt":"2024-07-10T18:59:54","slug":"dalsi-dva-ceske-bronzy-na-drahovem-me","status":"publish","type":"post","link":"https:\/\/www.czechcyclingfederation.com\/en\/dalsi-dva-ceske-bronzy-na-drahovem-me\/","title":{"rendered":"Dal\u0161\u00ed dva \u010desk\u00e9 bronzy na dr\u00e1hov\u00e9m ME"},"content":{"rendered":"\n<p>Dal\u0161\u00ed dv\u011b bronzov\u00e9 medaile vybojovali \u010de\u0161t\u00ed mlad\u00ed dr\u00e1ha\u0159i na evropsk\u00e9m \u0161ampion\u00e1tu v n\u011bmeck\u00e9m Cottbusu. Mezi juniory byl v z\u00e1vodu na 1 km s pevn\u00fdm startem t\u0159et\u00ed David Peterka, kdy\u017e se dok\u00e1zal zlep\u0161it o 1,2 vte\u0159iny ve fin\u00e1le oproti\u00a0kvalifikaci. \u010ctvrt\u00e9 m\u00edsto vyjel prvoro\u010d\u00e1k Kry\u0161tof\u00a0Friedl.<\/p>\n\n\n\n<p>V \u017een\u00e1ch do 23 let vybojovaly postup z kvalifikace do fin\u00e1lov\u00e9 j\u00edzd\u011b v t\u00fdmov\u00e9m sprintu Michaela Poulov\u00e1, S\u00e1ra Kate\u0159ina Peterkov\u00e1 a Anna&nbsp;Jaborn\u00edkov\u00e1 a v n\u011bm poko\u0159ily polsk\u00e9 z\u00e1vodnice a stanuly tak na stupn\u00edch v\u00edt\u011bzek. &#8220;Holky stejn\u011b jako&nbsp; Peterka se v ka\u017ed\u00e9m kole lep\u0161ily a to je skv\u011bl\u00fd ukazatel aktu\u00e1ln\u00ed v\u00fdkonnosti a nad\u011bje&nbsp;do&nbsp;dal\u0161\u00edch&nbsp;dn\u016f,&#8221; zd\u016fraznil tren\u00e9r Lubom\u00edr Vojta.<\/p>\n\n\n\n<p>Ve vylu\u010dovac\u00edm z\u00e1vodu junior\u016f skon\u010dil Adam Bittman \u010dtvrt\u00fd.<\/p>\n\n\n\n<figure class=\"wp-block-image size-large\"><img loading=\"lazy\" decoding=\"async\" width=\"1024\" height=\"747\" src=\"http:\/\/www.czechcyclingfederation.com\/wp-content\/uploads\/2024\/07\/Obrazek-WhatsApp-2024-07-10-v-20.24.59_9aabfba7-1024x747.jpg\" alt=\"\" class=\"wp-image-30587\" srcset=\"https:\/\/www.czechcyclingfederation.com\/wp-content\/uploads\/2024\/07\/Obrazek-WhatsApp-2024-07-10-v-20.24.59_9aabfba7-1024x747.jpg 1024w, https:\/\/www.czechcyclingfederation.com\/wp-content\/uploads\/2024\/07\/Obrazek-WhatsApp-2024-07-10-v-20.24.59_9aabfba7-274x200.jpg 274w, https:\/\/www.czechcyclingfederation.com\/wp-content\/uploads\/2024\/07\/Obrazek-WhatsApp-2024-07-10-v-20.24.59_9aabfba7-768x560.jpg 768w, https:\/\/www.czechcyclingfederation.com\/wp-content\/uploads\/2024\/07\/Obrazek-WhatsApp-2024-07-10-v-20.24.59_9aabfba7-1320x963.jpg 1320w, https:\/\/www.czechcyclingfederation.com\/wp-content\/uploads\/2024\/07\/Obrazek-WhatsApp-2024-07-10-v-20.24.59_9aabfba7.jpg 1536w\" sizes=\"auto, (max-width: 1024px) 100vw, 1024px\" \/><\/figure>\n\n\n\n<p>V\u00fdsledky:<\/p>\n\n\n\n<p>Mu\u017ei U23:<\/p>\n\n\n\n<p>1 km s pevn\u00fdm startem:<\/p>\n\n\n\n<p>1. Norrris (Brit.) 1:01,663, 2. Hackmann (N\u011bm.) 1:02,083, 3. Ledingham-Horn (Brit.) 1:02,434, &#8230;11. Mal\u00e1\u0161ek (\u010cR) 1:05,500.<\/p>\n\n\n\n<p>Scratch:<\/p>\n\n\n\n<p>1. Bobbs (Briot.), 2. Wafler (Rak.), 3. Abma (Niz.), &#8230;M. Kobl\u00ed\u017eek \u010cR) nedokon\u010dil.<\/p>\n\n\n\n<p>T\u00fdmov\u00fd sprint:<\/p>\n\n\n\n<p>Fin\u00e1le: It\u00e1lie (Napolitano, Predomo, Minuta) 58,546 &#8211; Brit\u00e1nie (Leingham-Horn, Hiley, Norris) 59,114, o 3. m\u00edsto: Polsko (Wisniewski, Burawski, Bednarek) 1:00,225 &#8211; N\u011bmecko 59,775.<\/p>\n\n\n\n<p>\u017deny U23.<\/p>\n\n\n\n<p>T\u00fdmov\u00fd sprint:<\/p>\n\n\n\n<p>Fin\u00e1le: Brit\u00e1nie (Parris-Smithov\u00e1, Edmundsov\u00e1, Moirov\u00e1) 1:05,323 &#8211; N\u011bmecko (M\u00fcllerov\u00e1, J\u00e4gerov\u00e1, Schneiderov\u00e1) 1:05,826, o 3. m\u00edsto: \u010cR (Peterkov\u00e1, A. Jaborn\u00edkov\u00e1, Poulov\u00e1) 1:09,186 &#8211; Polsko 1:12,308.<\/p>\n\n\n\n<p>Juniorky:<\/p>\n\n\n\n<p>St\u00edhac\u00ed z\u00e1vod dru\u017estev:<\/p>\n\n\n\n<p>Fin\u00e1le: N\u011bmecko (Messemrov\u00e1, Rottmannov\u00e1, Servayov\u00e1, Leisov\u00e1) 4:36,285 &#8211; Brit\u00e1nie<\/p>\n\n\n\n<p>4:37,092, o 3. m\u00edsto: It\u00e1lie (Sgavaratov\u00e1, Labbarinov\u00e1, Sanariniov\u00e1, Milesiov\u00e1)<\/p>\n\n\n\n<p>4:43,233 &#8211; Belgie 4:45.828.<\/p>\n\n\n\n<p>T\u00fdmov\u00fd sprint:<\/p>\n\n\n\n<p>Fin\u00e1le: N\u011bmecko (Kunissov\u00e1, Weberov\u00e1, Waterstradtov\u00e1) 1:07,242- Polsko&nbsp; (Waleck\u00e1, Hojkaov\u00e1, Skrzynsk\u00e1, Glowack\u00e1) 1:09,251, o 3. m\u00edsto: It\u00e1lie (Bianchiov\u00e1, Trevisanov\u00e1, Cenciov\u00e1) 1:10,821 &#8211; Srbsko 1:20,073.<\/p>\n\n\n\n<p>Junio\u0159i:<\/p>\n\n\n\n<p>St\u00edhac\u00ed z\u00e1vod dru\u017estev:<\/p>\n\n\n\n<p>Fin\u00e1le: It\u00e1lie (Stella, Fantini, Costa, Magagnotti, Sporzon) &#8211; N\u011bmecko dojeto, o 3. m\u00edsto: Brit\u00e1nie 4:07,515 &#8211; Belgie 4:12,739<\/p>\n\n\n\n<p>1 km s pevn\u00fdm startem:<\/p>\n\n\n\n<p>1. Oliveira (Fr.) 1:03,076, 2. Nissel (N\u011bm.) 1:04,592, 3. Peterka 1:04,731, 4. Friedl (oba \u010cR) 1:06,457.<\/p>\n\n\n\n<p>Vylu\u010dovac\u00ed z\u00e1vod:<\/p>\n\n\n\n<p>1. Cordoba (\u0160p.), 2. Heimo (Rak.), 3. Hansgaard (D\u00e1n.), 4. Bittman (\u010cR).<\/p>\n","protected":false},"excerpt":{"rendered":"<p>Dal\u0161\u00ed dv\u011b bronzov\u00e9 medaile vybojovali \u010de\u0161t\u00ed mlad\u00ed dr\u00e1ha\u0159i na evropsk\u00e9m \u0161ampion\u00e1tu v n\u011bmeck\u00e9m Cottbusu. Mezi juniory byl v z\u00e1vodu na 1 km s pevn\u00fdm startem t\u0159et\u00ed David Peterka, kdy\u017e se dok\u00e1zal zlep\u0161it o 1,2 vte\u0159iny ve fin\u00e1le oproti\u00a0kvalifikaci. \u010ctvrt\u00e9 m\u00edsto vyjel prvoro\u010d\u00e1k Kry\u0161tof\u00a0Friedl. V \u017een\u00e1ch do 23 let vybojovaly postup z kvalifikace do fin\u00e1lov\u00e9 j\u00edzd\u011b [&hellip;]<\/p>\n","protected":false},"author":8,"featured_media":30589,"comment_status":"closed","ping_status":"open","sticky":false,"template":"","format":"standard","meta":{"footnotes":""},"categories":[54,2],"tags":[9],"class_list":["post-30586","post","type-post","status-publish","format-standard","has-post-thumbnail","hentry","category-draha","category-novinky","tag-draha"],"_links":{"self":[{"href":"https:\/\/www.czechcyclingfederation.com\/en\/wp-json\/wp\/v2\/posts\/30586","targetHints":{"allow":["GET"]}}],"collection":[{"href":"https:\/\/www.czechcyclingfederation.com\/en\/wp-json\/wp\/v2\/posts"}],"about":[{"href":"https:\/\/www.czechcyclingfederation.com\/en\/wp-json\/wp\/v2\/types\/post"}],"author":[{"embeddable":true,"href":"https:\/\/www.czechcyclingfederation.com\/en\/wp-json\/wp\/v2\/users\/8"}],"replies":[{"embeddable":true,"href":"https:\/\/www.czechcyclingfederation.com\/en\/wp-json\/wp\/v2\/comments?post=30586"}],"version-history":[{"count":1,"href":"https:\/\/www.czechcyclingfederation.com\/en\/wp-json\/wp\/v2\/posts\/30586\/revisions"}],"predecessor-version":[{"id":30591,"href":"https:\/\/www.czechcyclingfederation.com\/en\/wp-json\/wp\/v2\/posts\/30586\/revisions\/30591"}],"wp:featuredmedia":[{"embeddable":true,"href":"https:\/\/www.czechcyclingfederation.com\/en\/wp-json\/wp\/v2\/media\/30589"}],"wp:attachment":[{"href":"https:\/\/www.czechcyclingfederation.com\/en\/wp-json\/wp\/v2\/media?parent=30586"}],"wp:term":[{"taxonomy":"category","embeddable":true,"href":"https:\/\/www.czechcyclingfederation.com\/en\/wp-json\/wp\/v2\/categories?post=30586"},{"taxonomy":"post_tag","embeddable":true,"href":"https:\/\/www.czechcyclingfederation.com\/en\/wp-json\/wp\/v2\/tags?post=30586"}],"curies":[{"name":"wp","href":"https:\/\/api.w.org\/{rel}","templated":true}]}}