{"id":30559,"date":"2024-07-09T20:56:03","date_gmt":"2024-07-09T18:56:03","guid":{"rendered":"https:\/\/www.czechcyclingfederation.com\/?p=30559"},"modified":"2024-07-10T08:39:53","modified_gmt":"2024-07-10T06:39:53","slug":"na-uvod-drahoveho-me-dve-ceske-bronzove-medaile","status":"publish","type":"post","link":"https:\/\/www.czechcyclingfederation.com\/en\/na-uvod-drahoveho-me-dve-ceske-bronzove-medaile\/","title":{"rendered":"Na \u00favod dr\u00e1hov\u00e9ho ME dv\u011b \u010desk\u00e9 bronzov\u00e9 medaile!"},"content":{"rendered":"\n<p>Hned prvn\u00ed den evropsk\u00e9ho \u0161ampion\u00e1tu jezdc\u016f kategori\u00ed U23 a junior\u016f v&nbsp;n\u011bmeck\u00e9m Cottbusu z\u00edskala \u010desk\u00e1 v\u00fdprava dv\u011b bronzov\u00e9 medaile. Postarali se o n\u011b <strong>Gabriela B\u00e1rtov\u00e1<\/strong> ve vylu\u010dovac\u00edm z\u00e1vodu a junio\u0159i v t\u00fdmov\u00e9m sprintu ve slo\u017een\u00ed <strong>Jan Po\u0159\u00edzek, David Peterka, Kry\u0161tof Friedl <\/strong>a <strong>Adam Rauschgold<\/strong>.<\/p>\n\n\n\n<p>&#8220;Gab\u010da jela velmi zaj\u00edmav\u00fd z\u00e1vod. V pr\u016fb\u011bhu z\u00e1vodu zm\u011bnila na dr\u00e1ze taktiku, kdy jela nad modrou \u010darou a hl\u00eddala si soupe\u0159ky pod sebou. V z\u00e1v\u011bru dok\u00e1zala svoji aktivitu vystup\u0148ovat a to ji zaru\u010dilo bronzovou medaili. Po dvou letech, kdy m\u011bla probl\u00e9my s&nbsp;mononukle\u00f3zou, je to prvn\u00ed velk\u00fd v\u00fdsledek, kter\u00fd ji nasm\u011brov\u00e1v\u00e1 do velk\u00e9 cyklistiky seniorsk\u00e9 kategorie,&#8221; zhodnotil tren\u00e9r Luk\u00e1\u0161 Thun.<\/p>\n\n\n\n<figure class=\"wp-block-image size-large\"><img loading=\"lazy\" decoding=\"async\" width=\"1024\" height=\"841\" src=\"http:\/\/www.czechcyclingfederation.com\/wp-content\/uploads\/2024\/07\/Bartova-Gabriela-Cottbus-1024x841.jpg\" alt=\"\" class=\"wp-image-30570\" srcset=\"https:\/\/www.czechcyclingfederation.com\/wp-content\/uploads\/2024\/07\/Bartova-Gabriela-Cottbus-1024x841.jpg 1024w, https:\/\/www.czechcyclingfederation.com\/wp-content\/uploads\/2024\/07\/Bartova-Gabriela-Cottbus-243x200.jpg 243w, https:\/\/www.czechcyclingfederation.com\/wp-content\/uploads\/2024\/07\/Bartova-Gabriela-Cottbus-768x631.jpg 768w, https:\/\/www.czechcyclingfederation.com\/wp-content\/uploads\/2024\/07\/Bartova-Gabriela-Cottbus-1320x1085.jpg 1320w, https:\/\/www.czechcyclingfederation.com\/wp-content\/uploads\/2024\/07\/Bartova-Gabriela-Cottbus.jpg 1536w\" sizes=\"auto, (max-width: 1024px) 100vw, 1024px\" \/><\/figure>\n\n\n\n<p>&#8220;Jelo se mi dob\u0159e. Cht\u011bla jsem si dr\u017eet pozici vep\u0159edu na druh\u00e9 pozici. Vid\u011bla jsem ale, \u017ee hodn\u011b holek to bere p\u0159es m\u011b vrchem, tak\u017ee jsem si p\u0159ejela nahoru a sk\u00e1kala soupe\u0159ky na p\u00e1sku. Pozi\u010dn\u011b jsem si to hl\u00eddala a kdy\u017e jsme tam byly ve t\u0159ech, tak jsem zkusila poodjet, ale soupe\u0159ky m\u011b dojely a sko\u010dily. M\u00e1m ze z\u00e1vodu ale dobr\u00fd pocit, jsem \u0161\u0165astn\u00e1, medaili jsem si moc p\u0159\u00e1la,&#8221; \u0159ekla Gabriela B\u00e1rtov\u00e1.<\/p>\n\n\n\n<p><strong>V\u00fdsledky &#8211; <\/strong>\u017e<strong>eny U23, vylu\u010dovac\u00ed z\u00e1vod:<\/strong> 1. Lewisov\u00e1 (Brit.),&nbsp; 1. Yaguezov\u00e1 (\u0160p.), <strong>3. B\u00e1rtov\u00e1<\/strong> (\u010cR).<\/p>\n\n\n\n<p><strong>St\u00edhac\u00ed z\u00e1vod &#8211; fin\u00e1le: <\/strong>Venturelliov\u00e1 (It.) &#8211; Gschwentnerov\u00e1 (Rak.) dojeta, <strong>o 3. m\u00edsto: <\/strong>Szczesna (Pol.) 3:38,574 &#8211; Czaplaov\u00e1 (N\u011bm.) 3:42,453.<\/p>\n\n\n\n<p><strong>Juniorky, scratch:<\/strong> 1. de Buysserov\u00e1 (Belg.), 2. Pegolov\u00e1 (It.), 3. Beltramov\u00e1 (\u0160p.)., &#8230;<strong>12. Hermanov\u00e1<\/strong> (\u010cR).<\/p>\n\n\n\n<p><strong>Mu\u017ei U23 &#8211; st\u00edhac\u00ed z\u00e1vod<\/strong>,<strong> fin\u00e1le: <\/strong>Vandenbranden (Belg.) 4:17,038 &#8211; Moro (It.) 4:20,845, <strong>o 3. m\u00edsto: <\/strong>Bernard (Belg.) 4:22,471 &#8211; Besnier (Fr.) 4:24,610.<\/p>\n\n\n\n<p><strong>T\u00fdmov\u00fd sprint &#8211; fin\u00e1le:<\/strong> It\u00e1lie (Napolitano, Predomo, Minuta) 58,546 &#8211; Brit\u00e1nie (Ledingham-Horn, Norris, Hiley) 59,114, 3. Polsko (Wisniewski, Burawski, Bednarek) 1:00,225.<\/p>\n\n\n\n<p><strong>Vylu\u010dovac\u00ed z\u00e1vod: <\/strong>1. Wulff (D\u00e1n.), 2. Houcou (Fr.), 3. Yag\u00fcez (\u0160p.), &#8230;<strong>13. O. \u0160ilhav\u00fd <\/strong>(\u010cR).<\/p>\n\n\n\n<p><strong>Junio\u0159i &#8211; t\u00fdmov\u00fd sprint<\/strong>, <strong>fin\u00e1le: <\/strong>Francie (Oliviero, Sylvanise, Favennec) 1:00,263 &#8211; N\u011bmecko (Rudolph, Werner, Fischer, Bock) 1:01,289, <strong>o 3. m\u00edsto: \u010cR (Po\u0159\u00edzek, Peterka, Friedl, Rauschgold) <\/strong>1:00,953 &#8211; Brit\u00e1nie 1:03,367.<\/p>\n\n\n\n<p><strong>Scratch<\/strong>: 1. Chyzykov (Ukr.), 2. Stella (It.), 32. Huysman (Belg.), &#8230;<strong>18. Vr\u00e1na<\/strong> (\u010cR).<\/p>\n","protected":false},"excerpt":{"rendered":"<p>Hned prvn\u00ed den evropsk\u00e9ho \u0161ampion\u00e1tu jezdc\u016f kategori\u00ed U23 a junior\u016f v&nbsp;n\u011bmeck\u00e9m Cottbusu z\u00edskala \u010desk\u00e1 v\u00fdprava dv\u011b bronzov\u00e9 medaile. Postarali se o n\u011b Gabriela B\u00e1rtov\u00e1 ve vylu\u010dovac\u00edm z\u00e1vodu a junio\u0159i v t\u00fdmov\u00e9m sprintu ve slo\u017een\u00ed Jan Po\u0159\u00edzek, David Peterka, Kry\u0161tof Friedl a Adam Rauschgold. &#8220;Gab\u010da jela velmi zaj\u00edmav\u00fd z\u00e1vod. V pr\u016fb\u011bhu z\u00e1vodu zm\u011bnila na dr\u00e1ze taktiku, [&hellip;]<\/p>\n","protected":false},"author":8,"featured_media":30582,"comment_status":"closed","ping_status":"open","sticky":false,"template":"","format":"standard","meta":{"footnotes":""},"categories":[54,2],"tags":[9],"class_list":["post-30559","post","type-post","status-publish","format-standard","has-post-thumbnail","hentry","category-draha","category-novinky","tag-draha"],"_links":{"self":[{"href":"https:\/\/www.czechcyclingfederation.com\/en\/wp-json\/wp\/v2\/posts\/30559","targetHints":{"allow":["GET"]}}],"collection":[{"href":"https:\/\/www.czechcyclingfederation.com\/en\/wp-json\/wp\/v2\/posts"}],"about":[{"href":"https:\/\/www.czechcyclingfederation.com\/en\/wp-json\/wp\/v2\/types\/post"}],"author":[{"embeddable":true,"href":"https:\/\/www.czechcyclingfederation.com\/en\/wp-json\/wp\/v2\/users\/8"}],"replies":[{"embeddable":true,"href":"https:\/\/www.czechcyclingfederation.com\/en\/wp-json\/wp\/v2\/comments?post=30559"}],"version-history":[{"count":7,"href":"https:\/\/www.czechcyclingfederation.com\/en\/wp-json\/wp\/v2\/posts\/30559\/revisions"}],"predecessor-version":[{"id":30584,"href":"https:\/\/www.czechcyclingfederation.com\/en\/wp-json\/wp\/v2\/posts\/30559\/revisions\/30584"}],"wp:featuredmedia":[{"embeddable":true,"href":"https:\/\/www.czechcyclingfederation.com\/en\/wp-json\/wp\/v2\/media\/30582"}],"wp:attachment":[{"href":"https:\/\/www.czechcyclingfederation.com\/en\/wp-json\/wp\/v2\/media?parent=30559"}],"wp:term":[{"taxonomy":"category","embeddable":true,"href":"https:\/\/www.czechcyclingfederation.com\/en\/wp-json\/wp\/v2\/categories?post=30559"},{"taxonomy":"post_tag","embeddable":true,"href":"https:\/\/www.czechcyclingfederation.com\/en\/wp-json\/wp\/v2\/tags?post=30559"}],"curies":[{"name":"wp","href":"https:\/\/api.w.org\/{rel}","templated":true}]}}