{"id":3051,"date":"2020-12-13T20:59:31","date_gmt":"2020-12-13T19:59:31","guid":{"rendered":"http:\/\/www.czechcyclingfederation.com\/?p=3051"},"modified":"2020-12-13T20:59:31","modified_gmt":"2020-12-13T19:59:31","slug":"cyklokrosova-mladez-si-delila-v-koline-medaile","status":"publish","type":"post","link":"https:\/\/www.czechcyclingfederation.com\/en\/cyklokrosova-mladez-si-delila-v-koline-medaile\/","title":{"rendered":"Cyklokrosov\u00e1 ml\u00e1de\u017e si d\u011blila v Kol\u00edn\u011b medaile"},"content":{"rendered":"\n<p>V Kol\u00edn\u011b dnes bojovali o mistrovsk\u00e9 cyklokrosov\u00e9 medaile z\u00e1vodn\u00edci a z\u00e1vodnice ml\u00e1de\u017enick\u00fdch kategori\u00ed. V\u011bt\u0161ina z\u00e1vod\u016f byla velmi siln\u011b obsazena a vid\u011bt byly vyrovnan\u00e9 souboje. Nej\u00fasp\u011b\u0161n\u011bj\u0161\u00ed byli mlad\u00ed krosa\u0159i z Auto \u0160koda Ml. Boleslav, kte\u0159\u00ed z\u00edskali dv\u011b zlat\u00e9 a po jedn\u00e9 st\u0159\u00edbrn\u00e9 a bronzov\u00e9 medaili. Jezdci Cycling Academy T\u00e1bor z\u00edskali jedno zlato a dv\u011b st\u0159\u00edbra, Dukly Praha jedno zlato a jedno st\u0159\u00edbro a IVAR CS &#8211; Author Team m\u00e1 bilanci jedno zlato a jedno st\u0159\u00edbro.<\/p>\n\n\n\n<p>Vyrovnan\u00fd souboj p\u0159inesla kategorie kadet\u016f, ale nakonec vyhr\u00e1l asi nejv\u011bt\u0161\u00ed favorit V\u00e1clav Je\u017eek z IVAR CS &#8211; Author Teamu. V z\u00e1v\u011bre\u010dn\u00e9m kole nastoupil v p\u00edse\u010dn\u00e9 pas\u00e1\u017ei a mal\u00fd n\u00e1skok p\u0159ed Ond\u0159ejem Novotn\u00fdm (Dukla Praha) uh\u00e1jil a\u017e do c\u00edlov\u00e9 p\u00e1sky, t\u0159et\u00ed&nbsp; Jakub Kuba (Auto \u0160koda Ml. Boleslav) zaostal o 17 vte\u0159in. &#8220;Byl to velmi t\u011b\u017ek\u00e9, z\u00e1vodilo se ost\u0159e hned od startu. Ve druh\u00e9m kole to spadlo a zkusil jsem nastoupit, ale dojeli m\u011b. V posledn\u00edm p\u00edsku jsem rozhodl z\u00e1vod. Ur\u010dit\u011b je to m\u016fj zat\u00edm nejv\u011bt\u0161\u00ed \u00fasp\u011bch a hezk\u00e9 lou\u010den\u00ed s kategori\u00ed kadet\u016f, proto\u017ee od p\u0159\u00ed\u0161t\u00edho roku ji\u017e budu jezdit mezi juniory. Jsem spokojen,&#8221; \u0159ekl V\u00e1clav Je\u017eek.<\/p>\n\n\n\n<p>I mezi kadetkami slavila titul favoritka. Vanda Dlaskov\u00e1 (Auto \u0160koda Ml. Boleslav) vyhr\u00e1la celkem p\u0159esv\u011bd\u010div\u011b p\u0159ed Eli\u0161kou Han\u00e1kovou, v c\u00edli na ni m\u011bla n\u00e1skok 25 vte\u0159in. &#8220;Dob\u0159e jsem odstartovala, ani jsem to ne\u010dekala. Rychle jsem se dostala za Eli\u0161ku a kdy\u017e v technice ud\u011blala chybu tak se mi poda\u0159ilo odjet. Potom jsem si ji\u017e jen hl\u00eddala n\u00e1skok. M\u011bla jsem dobr\u00e9 nody, ale posledn\u00ed kolo hodn\u011b tvrd\u00e9. Samoz\u0159ejm\u011b je to m\u016fj zat\u00edm nejv\u011bt\u0161\u00ed \u00fasp\u011bch a to nejlep\u0161\u00ed rozlou\u010den\u00ed s touto kategori\u00ed,&#8221; byla slova Vandy Dlaskov\u00e9, dcery reprezenta\u010dn\u00edho kou\u010de Petra Dlaska.<\/p>\n\n\n\n<p>Z\u00e1vod mlad\u0161\u00edch \u017e\u00e1k\u016f byl velmi \u00fasp\u011b\u0161n\u00fd pro Cycling Academy T\u00e1bor, jeho\u017e jezdci obsadili dv\u011b nejvy\u0161\u0161\u00ed p\u0159\u00ed\u010dky. Na \u010dele spolu jezdili Tade\u00e1\u0161 Pazourek a Franti\u0161ek Hlad\u00edk (IVAR CS &#8211; Author Team). Ten v\u0161ak m\u011bl technick\u00e9 probl\u00e9my, tak\u017ee za v\u00edt\u011bzn\u00fdm Pazourkem skon\u010dil druh\u00fd Adam Kachl\u00edk. Podobn\u011b si vedly v kategorii mlad\u0161\u00edch \u017e\u00e1ky\u0148 z\u00e1vodnice Auto \u0160koda Ml. Boleslav. Jasn\u011b vyhr\u00e1la Karol\u00edna Frydrychov\u00e1 p\u0159ed Babetou Kol\u00e1\u0159ovou.<\/p>\n\n\n\n<p>Dramatick\u00fd a\u017e do konce byl z\u00e1vod star\u0161\u00edch \u017e\u00e1ky\u0148 po n\u011bm\u017e se z t\u011bsn\u00e9ho v\u00edt\u011bzstv\u00ed radovala Hanka Vikov\u00e1 z Dukly Praha, kter\u00e1 vyhr\u00e1la o pouh\u00e9 dv\u011b vte\u0159iny p\u0159ed Annou Hrdinovou (Cycling Academy T\u00e1bor). Stejn\u011b vyrovnan\u00fd byl souboj star\u0161\u00edch \u017e\u00e1k\u016f, kter\u00fd ve sv\u016fj prosp\u011bch rozhodl Kry\u0161tof Ba\u017eant z TJ Sokol &#8211; Plavy Cyklo Benda.<\/p>\n\n\n\n<p>V\u00fdsledky:<\/p>\n\n\n\n<p>Mlad\u0161\u00ed \u017e\u00e1ci:<\/p>\n\n\n\n<p>1. Pazourek 19:03, 2. Kachl\u00edk (oba Cycling Academy T\u00e1bor) +4, 3. P\u0148ovsk\u00fd (Silvini team) +9.<\/p>\n\n\n\n<p>Mlad\u0161\u00ed \u017e\u00e1kyn\u011b:<\/p>\n\n\n\n<p>1. Frydrychov\u00e1 19:55, 2. Kol\u00e1\u0159ov\u00e1 (ob\u011b Auto \u0160koda Ml. Boleslav) +33, 3. Svobodov\u00e1 (Adastra Cycling Team) +1:50.<\/p>\n\n\n\n<p>Star\u0161\u00ed \u017e\u00e1kyn\u011b:<\/p>\n\n\n\n<p>1. Vikov\u00e1 (Dukla Praha) 18:08, 2. Hrdinov\u00e1 (Cycling Academy T\u00e1bor) +2, 3. Dlouh\u00e1 (IVAR CS &#8211; Author Team) +23.<\/p>\n\n\n\n<p>Star\u0161\u00ed \u017e\u00e1ci:<\/p>\n\n\n\n<p>1. Ba\u017eant (TJ Sokol &#8211; Plavy Cyklo Benda) 25:28, 2. P\u0159enosil (TJ Stadion Louny) +5, 3. Ra\u0161ka (Short Bike Academy Opletal) +15.<\/p>\n\n\n\n<p>Kadetky:<\/p>\n\n\n\n<p>1. Dlaskov\u00e1 (Auto \u0160koda Ml. Boleslav) 27:16, 2. Han\u00e1kov\u00e1 (CP team) +25, 3. Radov\u00e1 (KC Kooperativa Jablonec nad Nisou) +37, 4. Dost\u00e1lov\u00e1 +37, 5. Beyerov\u00e1 (ob\u011b LYKO Klub Prachatice) +1:04, 6. Panu\u0161ov\u00e1 (Bike Freaks Holice) +1:06.<\/p>\n\n\n\n<p>Kadeti:<\/p>\n\n\n\n<p>1. Je\u017eek (IVAR CS &#8211; Author Team) 31:35, 2. Novotn\u00fd (Dukla Praha) +5, 3. Kuba (Auto \u0160koda Ml. Boleslav) +17, 4. Samec (IVAR CS &#8211; Author Team) +23, 6. Kre\u0161\u00e1k (Cycling Academy T\u00e1bor) +36, 6. Falt\u00fdnek (\u010cEZ Cyklo Team T\u00e1bor) +39.<\/p>\n\n\n\n<p>FOTO Ji\u0159\u00ed Hol\u00fd<\/p>\n\n\n\n<figure class=\"wp-block-image size-large\"><img loading=\"lazy\" decoding=\"async\" width=\"1024\" height=\"577\" src=\"https:\/\/www.czechcyclingfederation.com\/wp-content\/uploads\/2020\/12\/DSC2412-1024x577.jpg\" alt=\"\" class=\"wp-image-3053\" srcset=\"https:\/\/www.czechcyclingfederation.com\/wp-content\/uploads\/2020\/12\/DSC2412-1024x577.jpg 1024w, https:\/\/www.czechcyclingfederation.com\/wp-content\/uploads\/2020\/12\/DSC2412-300x169.jpg 300w, https:\/\/www.czechcyclingfederation.com\/wp-content\/uploads\/2020\/12\/DSC2412-768x433.jpg 768w, https:\/\/www.czechcyclingfederation.com\/wp-content\/uploads\/2020\/12\/DSC2412-1536x865.jpg 1536w, https:\/\/www.czechcyclingfederation.com\/wp-content\/uploads\/2020\/12\/DSC2412-2048x1154.jpg 2048w, https:\/\/www.czechcyclingfederation.com\/wp-content\/uploads\/2020\/12\/DSC2412-1320x744.jpg 1320w\" sizes=\"auto, (max-width: 1024px) 100vw, 1024px\" \/><\/figure>\n\n\n\n<figure class=\"wp-block-image size-large\"><img loading=\"lazy\" decoding=\"async\" width=\"1024\" height=\"577\" src=\"https:\/\/www.czechcyclingfederation.com\/wp-content\/uploads\/2020\/12\/DSC2401-1024x577.jpg\" alt=\"\" class=\"wp-image-3054\" srcset=\"https:\/\/www.czechcyclingfederation.com\/wp-content\/uploads\/2020\/12\/DSC2401-1024x577.jpg 1024w, https:\/\/www.czechcyclingfederation.com\/wp-content\/uploads\/2020\/12\/DSC2401-300x169.jpg 300w, https:\/\/www.czechcyclingfederation.com\/wp-content\/uploads\/2020\/12\/DSC2401-768x433.jpg 768w, https:\/\/www.czechcyclingfederation.com\/wp-content\/uploads\/2020\/12\/DSC2401-1536x865.jpg 1536w, https:\/\/www.czechcyclingfederation.com\/wp-content\/uploads\/2020\/12\/DSC2401-2048x1154.jpg 2048w, https:\/\/www.czechcyclingfederation.com\/wp-content\/uploads\/2020\/12\/DSC2401-1320x744.jpg 1320w\" sizes=\"auto, (max-width: 1024px) 100vw, 1024px\" \/><\/figure>\n\n\n\n<figure class=\"wp-block-image size-large\"><img loading=\"lazy\" decoding=\"async\" width=\"1024\" height=\"577\" src=\"https:\/\/www.czechcyclingfederation.com\/wp-content\/uploads\/2020\/12\/DSC2398-1024x577.jpg\" alt=\"\" class=\"wp-image-3055\" srcset=\"https:\/\/www.czechcyclingfederation.com\/wp-content\/uploads\/2020\/12\/DSC2398-1024x577.jpg 1024w, https:\/\/www.czechcyclingfederation.com\/wp-content\/uploads\/2020\/12\/DSC2398-300x169.jpg 300w, https:\/\/www.czechcyclingfederation.com\/wp-content\/uploads\/2020\/12\/DSC2398-768x433.jpg 768w, https:\/\/www.czechcyclingfederation.com\/wp-content\/uploads\/2020\/12\/DSC2398-1536x865.jpg 1536w, https:\/\/www.czechcyclingfederation.com\/wp-content\/uploads\/2020\/12\/DSC2398-2048x1154.jpg 2048w, https:\/\/www.czechcyclingfederation.com\/wp-content\/uploads\/2020\/12\/DSC2398-1320x744.jpg 1320w\" sizes=\"auto, (max-width: 1024px) 100vw, 1024px\" \/><\/figure>\n\n\n\n<figure class=\"wp-block-image size-large\"><img loading=\"lazy\" decoding=\"async\" width=\"1024\" height=\"577\" src=\"https:\/\/www.czechcyclingfederation.com\/wp-content\/uploads\/2020\/12\/DSC2388-1024x577.jpg\" alt=\"\" class=\"wp-image-3056\" srcset=\"https:\/\/www.czechcyclingfederation.com\/wp-content\/uploads\/2020\/12\/DSC2388-1024x577.jpg 1024w, https:\/\/www.czechcyclingfederation.com\/wp-content\/uploads\/2020\/12\/DSC2388-300x169.jpg 300w, https:\/\/www.czechcyclingfederation.com\/wp-content\/uploads\/2020\/12\/DSC2388-768x433.jpg 768w, https:\/\/www.czechcyclingfederation.com\/wp-content\/uploads\/2020\/12\/DSC2388-1536x865.jpg 1536w, https:\/\/www.czechcyclingfederation.com\/wp-content\/uploads\/2020\/12\/DSC2388-2048x1154.jpg 2048w, https:\/\/www.czechcyclingfederation.com\/wp-content\/uploads\/2020\/12\/DSC2388-1320x744.jpg 1320w\" sizes=\"auto, (max-width: 1024px) 100vw, 1024px\" \/><\/figure>\n\n\n\n<figure class=\"wp-block-image size-large\"><img loading=\"lazy\" decoding=\"async\" width=\"1024\" height=\"577\" src=\"https:\/\/www.czechcyclingfederation.com\/wp-content\/uploads\/2020\/12\/DSC2380-1024x577.jpg\" alt=\"\" class=\"wp-image-3057\" srcset=\"https:\/\/www.czechcyclingfederation.com\/wp-content\/uploads\/2020\/12\/DSC2380-1024x577.jpg 1024w, https:\/\/www.czechcyclingfederation.com\/wp-content\/uploads\/2020\/12\/DSC2380-300x169.jpg 300w, https:\/\/www.czechcyclingfederation.com\/wp-content\/uploads\/2020\/12\/DSC2380-768x433.jpg 768w, https:\/\/www.czechcyclingfederation.com\/wp-content\/uploads\/2020\/12\/DSC2380-1536x865.jpg 1536w, https:\/\/www.czechcyclingfederation.com\/wp-content\/uploads\/2020\/12\/DSC2380-2048x1154.jpg 2048w, https:\/\/www.czechcyclingfederation.com\/wp-content\/uploads\/2020\/12\/DSC2380-1320x744.jpg 1320w\" sizes=\"auto, (max-width: 1024px) 100vw, 1024px\" \/><\/figure>\n\n\n<div class=\"wp-block-file\">\r\n                <a target=\"_blank\" rel=\"noopener\" href=\"https:\/\/www.czechcyclingfederation.com\/wp-content\/uploads\/2020\/12\/kadeti.pdf\" class=\"wp-block-file__button wp-element-button\">\r\n                    <span class=\"wp-block-file__icon\"><\/span>\r\n                    kadeti\r\n                <\/a>\r\n            <\/div>\n\n<div class=\"wp-block-file\">\r\n                <a target=\"_blank\" rel=\"noopener\" href=\"https:\/\/www.czechcyclingfederation.com\/wp-content\/uploads\/2020\/12\/kadetky.pdf\" class=\"wp-block-file__button wp-element-button\">\r\n                    <span class=\"wp-block-file__icon\"><\/span>\r\n                    kadetky\r\n                <\/a>\r\n            <\/div>\n\n<div class=\"wp-block-file\">\r\n                <a target=\"_blank\" rel=\"noopener\" href=\"https:\/\/www.czechcyclingfederation.com\/wp-content\/uploads\/2020\/12\/mlad\u0161\u00ed-\u017e\u00e1ci.pdf\" class=\"wp-block-file__button wp-element-button\">\r\n                    <span class=\"wp-block-file__icon\"><\/span>\r\n                    mlad\u0161\u00ed-\u017e\u00e1ci\r\n                <\/a>\r\n            <\/div>\n\n<div class=\"wp-block-file\">\r\n                <a target=\"_blank\" rel=\"noopener\" href=\"https:\/\/www.czechcyclingfederation.com\/wp-content\/uploads\/2020\/12\/mlad\u0161\u00ed-\u017ea\u010dky.pdf\" class=\"wp-block-file__button wp-element-button\">\r\n                    <span class=\"wp-block-file__icon\"><\/span>\r\n                    mlad\u0161\u00ed-\u017ea\u010dky\r\n                <\/a>\r\n            <\/div>\n\n<div class=\"wp-block-file\">\r\n                <a target=\"_blank\" rel=\"noopener\" href=\"https:\/\/www.czechcyclingfederation.com\/wp-content\/uploads\/2020\/12\/star\u0161\u00ed-\u017e\u00e1ci.pdf\" class=\"wp-block-file__button wp-element-button\">\r\n                    <span class=\"wp-block-file__icon\"><\/span>\r\n                    star\u0161\u00ed-\u017e\u00e1ci\r\n                <\/a>\r\n            <\/div>\n\n<div class=\"wp-block-file\">\r\n                <a target=\"_blank\" rel=\"noopener\" href=\"https:\/\/www.czechcyclingfederation.com\/wp-content\/uploads\/2020\/12\/star\u0161\u00ed-\u017ea\u010dky.pdf\" class=\"wp-block-file__button wp-element-button\">\r\n                    <span class=\"wp-block-file__icon\"><\/span>\r\n                    star\u0161\u00ed-\u017ea\u010dky\r\n                <\/a>\r\n            <\/div>\n\n\n<p><\/p>\n","protected":false},"excerpt":{"rendered":"<p>V Kol\u00edn\u011b dnes bojovali o mistrovsk\u00e9 cyklokrosov\u00e9 medaile z\u00e1vodn\u00edci a z\u00e1vodnice ml\u00e1de\u017enick\u00fdch kategori\u00ed. V\u011bt\u0161ina z\u00e1vod\u016f byla velmi siln\u011b obsazena a vid\u011bt byly vyrovnan\u00e9 souboje. Nej\u00fasp\u011b\u0161n\u011bj\u0161\u00ed byli mlad\u00ed krosa\u0159i z Auto \u0160koda Ml. Boleslav, kte\u0159\u00ed z\u00edskali dv\u011b zlat\u00e9 a po jedn\u00e9 st\u0159\u00edbrn\u00e9 a bronzov\u00e9 medaili. Jezdci Cycling Academy T\u00e1bor z\u00edskali jedno zlato a dv\u011b st\u0159\u00edbra, Dukly [&hellip;]<\/p>\n","protected":false},"author":8,"featured_media":3052,"comment_status":"closed","ping_status":"open","sticky":false,"template":"","format":"standard","meta":{"footnotes":""},"categories":[58,2],"tags":[59],"class_list":["post-3051","post","type-post","status-publish","format-standard","has-post-thumbnail","hentry","category-cyklokros","category-novinky","tag-cyklokros"],"_links":{"self":[{"href":"https:\/\/www.czechcyclingfederation.com\/en\/wp-json\/wp\/v2\/posts\/3051","targetHints":{"allow":["GET"]}}],"collection":[{"href":"https:\/\/www.czechcyclingfederation.com\/en\/wp-json\/wp\/v2\/posts"}],"about":[{"href":"https:\/\/www.czechcyclingfederation.com\/en\/wp-json\/wp\/v2\/types\/post"}],"author":[{"embeddable":true,"href":"https:\/\/www.czechcyclingfederation.com\/en\/wp-json\/wp\/v2\/users\/8"}],"replies":[{"embeddable":true,"href":"https:\/\/www.czechcyclingfederation.com\/en\/wp-json\/wp\/v2\/comments?post=3051"}],"version-history":[{"count":1,"href":"https:\/\/www.czechcyclingfederation.com\/en\/wp-json\/wp\/v2\/posts\/3051\/revisions"}],"predecessor-version":[{"id":3064,"href":"https:\/\/www.czechcyclingfederation.com\/en\/wp-json\/wp\/v2\/posts\/3051\/revisions\/3064"}],"wp:featuredmedia":[{"embeddable":true,"href":"https:\/\/www.czechcyclingfederation.com\/en\/wp-json\/wp\/v2\/media\/3052"}],"wp:attachment":[{"href":"https:\/\/www.czechcyclingfederation.com\/en\/wp-json\/wp\/v2\/media?parent=3051"}],"wp:term":[{"taxonomy":"category","embeddable":true,"href":"https:\/\/www.czechcyclingfederation.com\/en\/wp-json\/wp\/v2\/categories?post=3051"},{"taxonomy":"post_tag","embeddable":true,"href":"https:\/\/www.czechcyclingfederation.com\/en\/wp-json\/wp\/v2\/tags?post=3051"}],"curies":[{"name":"wp","href":"https:\/\/api.w.org\/{rel}","templated":true}]}}