{"id":30478,"date":"2024-07-20T08:20:00","date_gmt":"2024-07-20T06:20:00","guid":{"rendered":"https:\/\/www.czechcyclingfederation.com\/?p=30478"},"modified":"2024-07-03T21:24:26","modified_gmt":"2024-07-03T19:24:26","slug":"ladislav-kubin-slavi-devadesatiny","status":"publish","type":"post","link":"https:\/\/www.czechcyclingfederation.com\/en\/ladislav-kubin-slavi-devadesatiny\/","title":{"rendered":"Ladislav Kub\u00edn slav\u00ed devades\u00e1tiny"},"content":{"rendered":"\n<p>Kdy\u017e se \u0159ekne Hol\u00e9 Vrchy a cyklokros, tak si ka\u017ed\u00fd vybav\u00ed Ladislava Kub\u00edna. Tento cyklokrosov\u00fd nezmar oslav\u00ed  dnes 20. \u010dervence kulatiny, do\u017e\u00edv\u00e1 se \u00factihodn\u00e9ho v\u011bku devades\u00e1ti let.<\/p>\n\n\n\n<p>Spojen\u00ed cyklokros na Hol\u00fdch Vr\u0161\u00edch a Ladislav Kub\u00edn trv\u00e1 ji\u017e dlouho p\u0159es pades\u00e1t let. Kub\u00edn sice za\u010d\u00ednal s fotbalem, ale jednou honil m\u00ed\u010d a z\u00e1rove\u0148 se jel Sojk\u016fv memori\u00e1l na trase Praha \u2013 Ji\u010d\u00edn \u2013 Pod\u011bbrady. On po\u0159\u00e1d koukal na silnici, kdy pojedou a tehdy jej cyklistika vzala. Ale s aktivn\u00ed kari\u00e9rou skon\u010dil pom\u011brn\u011b brzo. &#8220;Jednou jsme si \u0159ekli, \u017ee o pouti si to rozd\u00e1me na kole. Byl to posledn\u00ed \u010dervencov\u00fd v\u00edkend v roce 1952, uspo\u0159\u00e1dali jsme ofici\u00e1ln\u00ed silni\u010dn\u00ed z\u00e1vod a od t\u00e9 doby se jezdil \u0161edes\u00e1t let. Skon\u010dil a\u017e v roce 2015 pro nez\u00e1jem cyklist\u016f; p\u0159ijeli tehdy jen \u010dty\u0159i,\u201c \u0159\u00edk\u00e1 smutn\u011b Ladislav Kub\u00edn.<\/p>\n\n\n\n<p>O deset let pozd\u011bji za\u010dal po\u0159\u00e1dat cyklokros, postupn\u011b tak \u010dty\u0159i a\u017e p\u011bt z\u00e1vod\u016f za sezonu. V roce 1981 tam Milo\u0161 Fi\u0161era za\u010dal svoji cestu za sv\u011btov\u00fdm zlatem. Napadlo plno sn\u011bhu a v Mlad\u00e9 Boleslavi nebyl nikdo schopen upravit okruh, tak\u017ee se tr\u00e9novalo na Hol\u00fdch Vr\u0161\u00edch.<\/p>\n\n\n\n<p>Vrcholem po\u0159adatelstv\u00ed byl z\u00e1vod Sv\u011btov\u00e9ho poh\u00e1ru UCI 2. kategorie v cyklokrosu v roce 2004 a na startu byl i v\u011bhlasn\u00fd Belgi\u010dan Mario de Clercq. \u201eTo byl vrchol. \u0158ekl jsem tehdy \u0160im\u016fnkovi, \u017ee jsem sehnal 90 000 korun, aby s de Clercqem domluvil start. Povedlo se to, i kdy\u017e Mario cht\u011bl o deset tis\u00edc v\u00edce, kter\u00e9 jsme museli p\u0159idat,&#8221; vzpom\u00edn\u00e1.<\/p>\n\n\n\n<p>Krom\u011b po\u0159\u00e1d\u00e1n\u00ed z\u00e1vod\u016f tr\u00e9noval a d\u011blal mas\u00e9ra. U reprezentace &#8220;mazal&#8221; celkem \u010dtrn\u00e1ct let. V tren\u00e9rsk\u00e9 kari\u00e9\u0159e mu pro\u0161li rukama Ji\u0159\u00ed a Radek Polni\u010dt\u00ed, Vladim\u00edr Kyziv\u00e1t, Petr Dlask.<\/p>\n","protected":false},"excerpt":{"rendered":"<p>Kdy\u017e se \u0159ekne Hol\u00e9 Vrchy a cyklokros, tak si ka\u017ed\u00fd vybav\u00ed Ladislava Kub\u00edna. Tento cyklokrosov\u00fd nezmar oslav\u00ed dnes 20. \u010dervence kulatiny, do\u017e\u00edv\u00e1 se \u00factihodn\u00e9ho v\u011bku devades\u00e1ti let. Spojen\u00ed cyklokros na Hol\u00fdch Vr\u0161\u00edch a Ladislav Kub\u00edn trv\u00e1 ji\u017e dlouho p\u0159es pades\u00e1t let. Kub\u00edn sice za\u010d\u00ednal s fotbalem, ale jednou honil m\u00ed\u010d a z\u00e1rove\u0148 se jel Sojk\u016fv [&hellip;]<\/p>\n","protected":false},"author":8,"featured_media":30479,"comment_status":"closed","ping_status":"open","sticky":false,"template":"","format":"standard","meta":{"footnotes":""},"categories":[58,2,46,65],"tags":[59,169],"class_list":["post-30478","post","type-post","status-publish","format-standard","has-post-thumbnail","hentry","category-cyklokros","category-novinky","category-novinky-sportovni-centra","category-subdisciplina","tag-cyklokros","tag-ostatni"],"_links":{"self":[{"href":"https:\/\/www.czechcyclingfederation.com\/en\/wp-json\/wp\/v2\/posts\/30478","targetHints":{"allow":["GET"]}}],"collection":[{"href":"https:\/\/www.czechcyclingfederation.com\/en\/wp-json\/wp\/v2\/posts"}],"about":[{"href":"https:\/\/www.czechcyclingfederation.com\/en\/wp-json\/wp\/v2\/types\/post"}],"author":[{"embeddable":true,"href":"https:\/\/www.czechcyclingfederation.com\/en\/wp-json\/wp\/v2\/users\/8"}],"replies":[{"embeddable":true,"href":"https:\/\/www.czechcyclingfederation.com\/en\/wp-json\/wp\/v2\/comments?post=30478"}],"version-history":[{"count":1,"href":"https:\/\/www.czechcyclingfederation.com\/en\/wp-json\/wp\/v2\/posts\/30478\/revisions"}],"predecessor-version":[{"id":30481,"href":"https:\/\/www.czechcyclingfederation.com\/en\/wp-json\/wp\/v2\/posts\/30478\/revisions\/30481"}],"wp:featuredmedia":[{"embeddable":true,"href":"https:\/\/www.czechcyclingfederation.com\/en\/wp-json\/wp\/v2\/media\/30479"}],"wp:attachment":[{"href":"https:\/\/www.czechcyclingfederation.com\/en\/wp-json\/wp\/v2\/media?parent=30478"}],"wp:term":[{"taxonomy":"category","embeddable":true,"href":"https:\/\/www.czechcyclingfederation.com\/en\/wp-json\/wp\/v2\/categories?post=30478"},{"taxonomy":"post_tag","embeddable":true,"href":"https:\/\/www.czechcyclingfederation.com\/en\/wp-json\/wp\/v2\/tags?post=30478"}],"curies":[{"name":"wp","href":"https:\/\/api.w.org\/{rel}","templated":true}]}}