{"id":3047,"date":"2020-12-12T18:57:07","date_gmt":"2020-12-12T17:57:07","guid":{"rendered":"http:\/\/www.czechcyclingfederation.com\/?p=3047"},"modified":"2020-12-14T13:06:13","modified_gmt":"2020-12-14T12:06:13","slug":"kalendar-na-rok-2021","status":"publish","type":"post","link":"https:\/\/www.czechcyclingfederation.com\/en\/kalendar-na-rok-2021\/","title":{"rendered":"Kalend\u00e1\u0159 na rok 2021"},"content":{"rendered":"\n<p>Cyklistick\u00fd kalend\u00e1\u0159 na rok 2021 m\u00e1 celou \u0159adu vrchol\u016f, ale t\u00edm hlavn\u00edm jsou zcela jist\u011b olympijsk\u00e9 hry v Tokiu, kter\u00e9 se uskute\u010dn\u00ed od 23. \u010dervence do 8. srpna. \u010cesk\u00fd svaz cyklistiky vydal pr\u016fb\u011b\u017enou verzi kalend\u00e1\u0159e v n\u00ed\u017e mohou nastat drobn\u00e9 korekce. Kalend\u00e1\u0159 se bude pravideln\u011b aktualizovat a p\u0159\u00edpadn\u011b dopl\u0148ovat. Naleznete v n\u011bm jak \u010desk\u00e9 z\u00e1vody, tak mistrovstv\u00ed Evropy, mistrovstv\u00ed sv\u011bta, Sv\u011btov\u00e9 poh\u00e1ry a ji\u017e zm\u00edn\u011bn\u00e9 olympijsk\u00e9 hry.<\/p>\n\n\n\n<p>Slo\u017eit kalend\u00e1\u0159 je n\u00e1ro\u010dn\u00fd proces, proto\u017ee je pot\u0159eba, pokud je to mo\u017en\u00e9, skloubit jej tak, aby se z\u00e1vody v jednotliv\u00fdch odv\u011btv\u00edch pokud mo\u017eno nekryly. Jednotliv\u00e9 discipl\u00edny kalend\u00e1\u0159e skl\u00e1daj\u00ed p\u0159\u00edslu\u0161n\u00e9 komise.<\/p>\n\n\n\n<p>Silni\u010dn\u00ed \u0160koda Cup pro elitn\u00ed kategorii m\u00e1 sedm z\u00e1vod\u016f, stejn\u00fd po\u010det z\u00e1vod\u016f obsahuje i Techniserv Cup pro ml\u00e1de\u017e a \u017eeny a tyto kategorie maj\u00ed tak\u00e9 nov\u011b sedm z\u00e1vod\u016f Krit\u00e9rijn\u00ed ligy. Spole\u010dn\u00fd \u0161ampion\u00e1t \u010desk\u00fdch a slovensk\u00fdch jezdc\u016f na silnici se v roce 2021 uskute\u010dn\u00ed na Slovensku. Mistrovstv\u00ed Evropy je na programu 8. &#8211; 12. z\u00e1\u0159\u00ed v italsk\u00e9m Trentu, mistrovstv\u00ed sv\u011bta se pojede 19. &#8211; 26. z\u00e1\u0159\u00ed v Belgii. Z\u00e1vod m\u00edru junior\u016f se tradi\u010dn\u011b pojede v kv\u011btnu,\u00a0 Z\u00e1vod M\u00edru U23 Grand Prix Jesen\u00edk (Ncup U23) 3. &#8211; 6. \u010dervna, Czech Tour je na programu od 19. do 22. srpna. Z\u00e1vod \u017een Gracia (2.2) m\u00e1 term\u00edn 29. dubna a\u017e 2. kv\u011btna a Tour de Feminin (2.2) 8. &#8211; 11. srpna.<\/p>\n\n\n\n<p>Sv\u011btov\u00fd juniorsk\u00fd \u0161ampion\u00e1t na dr\u00e1ze se pojede 5. &#8211; 9. dubna v K\u00e1hi\u0159e v Egypt\u011b a o sv\u011btov\u00e9 medaile se bude bojovat 13. &#8211; 19. \u0159\u00edjna v turkmenist\u00e1nsk\u00e9m A\u0161chabadu. Mistrovstv\u00ed Evropy na horsk\u00fdch kolech uvid\u00ed 8. &#8211; 11. \u010dervence Novi Sad v Srbsku a sv\u011btov\u00fd \u0161ampion\u00e1t 25. &#8211; 29. srpna italsk\u00e9 Val di Sole. MS v maratonu je v pl\u00e1nu 2. \u0159\u00edjna v Isla d Elba v It\u00e1lii. Presti\u017en\u00ed Strabag Cup m\u00e1 v kalend\u00e1\u0159i \u0161est podnik\u016f.<\/p>\n\n\n\n<p>O prvn\u00ed medaile na mistrovstv\u00ed sv\u011bta nadch\u00e1zej\u00edc\u00edho roku budou bojovat cyklokrosa\u0159i 30. &#8211; 31. ledna v Ostende v Belgii. S\u00e1lovci budou o medaile usilovat na mistrovstv\u00ed sv\u011bta 29. &#8211; 31. \u0159\u00edjna ve Stuttgartu a bikrosa\u0159i maj\u00ed sv\u016fj vrchol v podob\u011b MS na programu 17. &#8211; 22. srpna v nizozemsk\u00e9m Papendalu.<\/p>\n\n\n<div class=\"wp-block-file\">\r\n                <a target=\"_blank\" rel=\"noopener\" href=\"https:\/\/www.czechcyclingfederation.com\/wp-content\/uploads\/2020\/12\/Kaleda\u0301r\u030c-C\u030cSC-2021-1.xlsx\" class=\"wp-block-file__button wp-element-button\">\r\n                    <span class=\"wp-block-file__icon\"><\/span>\r\n                    Kaleda\u0301r\u030c-C\u030cSC-2021-1\r\n                <\/a>\r\n            <\/div>","protected":false},"excerpt":{"rendered":"<p>Cyklistick\u00fd kalend\u00e1\u0159 na rok 2021 m\u00e1 celou \u0159adu vrchol\u016f, ale t\u00edm hlavn\u00edm jsou zcela jist\u011b olympijsk\u00e9 hry v Tokiu, kter\u00e9 se uskute\u010dn\u00ed od 23. \u010dervence do 8. srpna. \u010cesk\u00fd svaz cyklistiky vydal pr\u016fb\u011b\u017enou verzi kalend\u00e1\u0159e v n\u00ed\u017e mohou nastat drobn\u00e9 korekce. Kalend\u00e1\u0159 se bude pravideln\u011b aktualizovat a p\u0159\u00edpadn\u011b dopl\u0148ovat. Naleznete v n\u011bm jak \u010desk\u00e9 z\u00e1vody, [&hellip;]<\/p>\n","protected":false},"author":8,"featured_media":2667,"comment_status":"closed","ping_status":"open","sticky":false,"template":"","format":"standard","meta":{"footnotes":""},"categories":[2,65],"tags":[],"class_list":["post-3047","post","type-post","status-publish","format-standard","has-post-thumbnail","hentry","category-novinky","category-subdisciplina"],"_links":{"self":[{"href":"https:\/\/www.czechcyclingfederation.com\/en\/wp-json\/wp\/v2\/posts\/3047","targetHints":{"allow":["GET"]}}],"collection":[{"href":"https:\/\/www.czechcyclingfederation.com\/en\/wp-json\/wp\/v2\/posts"}],"about":[{"href":"https:\/\/www.czechcyclingfederation.com\/en\/wp-json\/wp\/v2\/types\/post"}],"author":[{"embeddable":true,"href":"https:\/\/www.czechcyclingfederation.com\/en\/wp-json\/wp\/v2\/users\/8"}],"replies":[{"embeddable":true,"href":"https:\/\/www.czechcyclingfederation.com\/en\/wp-json\/wp\/v2\/comments?post=3047"}],"version-history":[{"count":3,"href":"https:\/\/www.czechcyclingfederation.com\/en\/wp-json\/wp\/v2\/posts\/3047\/revisions"}],"predecessor-version":[{"id":3065,"href":"https:\/\/www.czechcyclingfederation.com\/en\/wp-json\/wp\/v2\/posts\/3047\/revisions\/3065"}],"wp:featuredmedia":[{"embeddable":true,"href":"https:\/\/www.czechcyclingfederation.com\/en\/wp-json\/wp\/v2\/media\/2667"}],"wp:attachment":[{"href":"https:\/\/www.czechcyclingfederation.com\/en\/wp-json\/wp\/v2\/media?parent=3047"}],"wp:term":[{"taxonomy":"category","embeddable":true,"href":"https:\/\/www.czechcyclingfederation.com\/en\/wp-json\/wp\/v2\/categories?post=3047"},{"taxonomy":"post_tag","embeddable":true,"href":"https:\/\/www.czechcyclingfederation.com\/en\/wp-json\/wp\/v2\/tags?post=3047"}],"curies":[{"name":"wp","href":"https:\/\/api.w.org\/{rel}","templated":true}]}}