{"id":30433,"date":"2024-06-29T16:33:14","date_gmt":"2024-06-29T14:33:14","guid":{"rendered":"https:\/\/www.czechcyclingfederation.com\/?p=30433"},"modified":"2024-07-01T10:16:28","modified_gmt":"2024-07-01T08:16:28","slug":"sp-mtb-enduro-haute-savoie-v-kategorii-u21-zvitezil-adam-maxa","status":"publish","type":"post","link":"https:\/\/www.czechcyclingfederation.com\/en\/sp-mtb-enduro-haute-savoie-v-kategorii-u21-zvitezil-adam-maxa\/","title":{"rendered":"SP MTB enduro Haute Savoie: V kategorii U21 zv\u00edt\u011bzil Adam Maxa"},"content":{"rendered":"\n<p><strong>V kategorii U21 zv\u00edt\u011bzil Adam Maxa Rock Machine<\/strong>, kter\u00fd vyrovnan\u00fdmi v\u00fdsledky ve v\u0161ech m\u011b\u0159en\u00fdch \u00fasec\u00edch (v prvn\u00ed RZ 2 m\u00edsto, druh\u00e9 RZ 2 m\u00edsto, t\u0159et\u00ed RZ 4 m\u00edsto, \u010dtvrt\u00e9 RZ 3 m\u00edsto, v p\u00e1t\u00e9 RZ 2 m\u00edsto a \u0161et\u00e9 RZ 2 m\u00edsto). Po skon\u010den\u00ed z\u00e1vodu nedok\u00e1zal Adam dojet\u00edm zhodnotit pr\u016fb\u011bh z\u00e1vodu, proto\u017ee dos\u00e1hl v siln\u00e9 anglosask\u00e9 komunit\u011b sjezda\u0159\u016f historick\u00e9 v\u00edt\u011bzstv\u00ed pro \u010desk\u00fd sjezd a zna\u010dku Rock Machine na kter\u00e9 z\u00e1vod\u00ed. \u010cernou te\u010dkou z\u00e1vodu by t\u011b\u017ek\u00fd p\u00e1d v posledn\u00ed RZ Jakuba Pivni\u010dku Bikestrike.com, kter\u00fd skon\u010dil na minul\u00e9m SP na 3 m\u00edst\u011b a do posledn\u00ed etapy se pohyboval rovn\u011b\u017e na nejvy\u0161\u0161\u00edch p\u0159\u00ed\u010dk\u00e1ch. Vysokou v\u00fdkonnost a vyrovnanost na\u0161ich mlad\u00fdch sjezda\u0159\u016f je 12. m\u00edsto Vojtu Kloko\u010dku N1 Bikestrike a 16. m\u00edsto Jakuba Kalouska&nbsp;BIKEPORN BLUEGRASS ENDURO TEAM.<\/p>\n\n\n\n\n\n<p>V elitn\u00ed kategorii obsadil nov\u00e1\u010dek v enduro sv\u011btov\u00e9m poh\u00e1ru na n\u011bkolikan\u00e1sobn\u00fd mistr \u010cR ve sjezdu Stanislav Sehnal Kellys factory 26. m\u00edsto Mat\u011bj Charv\u00e1t 32. m\u00edsto od lep\u0161\u00edho um\u00edst\u011bn\u00ed je odsunuly p\u00e1dy v prvn\u00ed a p\u00e1t\u00e9 RZ. Smola\u0159 z\u00e1vodu Vojt\u011bch Bl\u00e1ha se um\u00edstil na 51. m\u00edst\u011b, kdy\u017e byl penaliziov\u00e1n (pozdn\u00ed p\u0159\u00edjezd na start)1 trestnou minutou, kter\u00e1 ho odsunula z 23. m\u00edsta. Cel\u00fd z\u00e1vod trval p\u0159es 7 hodin co\u017e je i na enduro extr\u00e9mn\u011b dlouh\u00fd z\u00e1vod.<\/p>\n","protected":false},"excerpt":{"rendered":"<p>V kategorii U21 zv\u00edt\u011bzil Adam Maxa Rock Machine, kter\u00fd vyrovnan\u00fdmi v\u00fdsledky ve v\u0161ech m\u011b\u0159en\u00fdch \u00fasec\u00edch (v prvn\u00ed RZ 2 m\u00edsto, druh\u00e9 RZ 2 m\u00edsto, t\u0159et\u00ed RZ 4 m\u00edsto, \u010dtvrt\u00e9 RZ 3 m\u00edsto, v p\u00e1t\u00e9 RZ 2 m\u00edsto a \u0161et\u00e9 RZ 2 m\u00edsto). Po skon\u010den\u00ed z\u00e1vodu nedok\u00e1zal Adam dojet\u00edm zhodnotit pr\u016fb\u011bh z\u00e1vodu, proto\u017ee dos\u00e1hl v siln\u00e9 [&hellip;]<\/p>\n","protected":false},"author":2,"featured_media":30435,"comment_status":"closed","ping_status":"open","sticky":false,"template":"","format":"standard","meta":{"footnotes":""},"categories":[2,46],"tags":[10],"class_list":["post-30433","post","type-post","status-publish","format-standard","has-post-thumbnail","hentry","category-novinky","category-novinky-sportovni-centra","tag-mtb"],"_links":{"self":[{"href":"https:\/\/www.czechcyclingfederation.com\/en\/wp-json\/wp\/v2\/posts\/30433","targetHints":{"allow":["GET"]}}],"collection":[{"href":"https:\/\/www.czechcyclingfederation.com\/en\/wp-json\/wp\/v2\/posts"}],"about":[{"href":"https:\/\/www.czechcyclingfederation.com\/en\/wp-json\/wp\/v2\/types\/post"}],"author":[{"embeddable":true,"href":"https:\/\/www.czechcyclingfederation.com\/en\/wp-json\/wp\/v2\/users\/2"}],"replies":[{"embeddable":true,"href":"https:\/\/www.czechcyclingfederation.com\/en\/wp-json\/wp\/v2\/comments?post=30433"}],"version-history":[{"count":2,"href":"https:\/\/www.czechcyclingfederation.com\/en\/wp-json\/wp\/v2\/posts\/30433\/revisions"}],"predecessor-version":[{"id":30437,"href":"https:\/\/www.czechcyclingfederation.com\/en\/wp-json\/wp\/v2\/posts\/30433\/revisions\/30437"}],"wp:featuredmedia":[{"embeddable":true,"href":"https:\/\/www.czechcyclingfederation.com\/en\/wp-json\/wp\/v2\/media\/30435"}],"wp:attachment":[{"href":"https:\/\/www.czechcyclingfederation.com\/en\/wp-json\/wp\/v2\/media?parent=30433"}],"wp:term":[{"taxonomy":"category","embeddable":true,"href":"https:\/\/www.czechcyclingfederation.com\/en\/wp-json\/wp\/v2\/categories?post=30433"},{"taxonomy":"post_tag","embeddable":true,"href":"https:\/\/www.czechcyclingfederation.com\/en\/wp-json\/wp\/v2\/tags?post=30433"}],"curies":[{"name":"wp","href":"https:\/\/api.w.org\/{rel}","templated":true}]}}