{"id":30419,"date":"2024-06-26T15:58:17","date_gmt":"2024-06-26T13:58:17","guid":{"rendered":"https:\/\/www.czechcyclingfederation.com\/?p=30419"},"modified":"2024-06-28T07:02:57","modified_gmt":"2024-06-28T05:02:57","slug":"miculycova-ma-jistou-olympiadu","status":"publish","type":"post","link":"https:\/\/www.czechcyclingfederation.com\/en\/miculycova-ma-jistou-olympiadu\/","title":{"rendered":"Miculy\u010dov\u00e1 m\u00e1 jistou olympi\u00e1du!"},"content":{"rendered":"\n<p><strong>Iveta Miculy\u010dov\u00e1<\/strong> bude \u010cesko reprezentovat na olympijsk\u00fdch hr\u00e1ch v&nbsp;Pa\u0159\u00ed\u017ei v&nbsp;discipl\u00edn\u011b Freestyle BMX! Mezi 12 vyvolen\u00fdch se dostala i p\u0159esto, \u017ee kv\u016fli zran\u011bn\u00ed kotn\u00edku nemohla startovat na z\u00e1v\u011bre\u010dn\u00e9m d\u00edlu kvalifikace v&nbsp;Budape\u0161ti o minul\u00e9m v\u00edkendu.<\/p>\n\n\n\n<p><em>\u201eM\u00e1m neuv\u011b\u0159itelnou radost. Byla jsem smutn\u00e1, \u017ee o postup nem\u016f\u017eu zabojovat nap\u0159\u00edmo, ale doufala jsem, \u017ee to klapne i tak. Jen jsem musela \u010dekat. Kdy\u017e u\u017e je to te\u010f ofici\u00e1ln\u00ed, jsem nad\u0161en\u00e1,\u201c <\/em>\u0159ekla Miculy\u010dov\u00e1.<\/p>\n\n\n\n<p>O medaile se bude v olympijsk\u00e9m parku v Pa\u0159\u00ed\u017ei bojovat na konci \u010dervence: 30. 7. je na programu kvalifikace a o den pozd\u011bji fin\u00e1le. <em>\u201eNa olympi\u00e1du se moc t\u011b\u0161\u00edm a jsem zv\u011bdav\u00e1, jak\u00fd bude ten park. Je\u0161t\u011b jsem ho na\u017eivo nevid\u011bla,\u201c<\/em> prohl\u00e1sila \u010desk\u00e1 dvojn\u00e1sobn\u00e1 mistryn\u011b Evropy.<\/p>\n\n\n\n<p>Zran\u011bn\u00ed kotn\u00edku, kter\u00e9 utrp\u011bla v tr\u00e9ninku, se lep\u0161\u00ed. Iveta je v p\u00e9\u010di l\u00e9ka\u0159\u016f \u010cesk\u00e9ho olympijsk\u00e9ho v\u00fdboru pod veden\u00edm MUDr Ji\u0159\u00edho Neumanna, kte\u0159\u00ed d\u011blaj\u00ed maximum pro jej\u00ed brzk\u00e9 uzdraven\u00ed. <em>\u201eHoj\u00ed se to dob\u0159e, staraj\u00ed se o m\u011b ti nejlep\u0161\u00ed. Mysl\u00edm, \u017ee po ned\u011bli u\u017e se znovu postav\u00edm do ped\u00e1l\u016f, ale mus\u00edm za\u010d\u00edt pomalu,\u201c <\/em>prozradila Miculy\u010dov\u00e1.<\/p>\n\n\n\n<p>A jak k\u00a0jej\u00edmu zran\u011bn\u00ed vlastn\u011b do\u0161lo? <em>\u201eTr\u00e9novala jsem u sebe doma v\u00a0m\u00edstn\u00edm parku a p\u0159i posledn\u00edm triku jsem \u0161patn\u011b dopadla. Vyvrkla jsem si kotn\u00edk a l\u00e9ka\u0159 mi \u0159ekl, \u017ee m\u00e1m natr\u017een\u00e9 vazy. Dostala jsem na\u0161lapovac\u00ed ort\u00e9zu a postupn\u011b se to zlep\u0161ilo,\u201c<\/em> popsala.<\/p>\n\n\n\n<p>Foto: Jan Brychta<\/p>\n","protected":false},"excerpt":{"rendered":"<p>Iveta Miculy\u010dov\u00e1 bude \u010cesko reprezentovat na olympijsk\u00fdch hr\u00e1ch v&nbsp;Pa\u0159\u00ed\u017ei v&nbsp;discipl\u00edn\u011b Freestyle BMX! Mezi 12 vyvolen\u00fdch se dostala i p\u0159esto, \u017ee kv\u016fli zran\u011bn\u00ed kotn\u00edku nemohla startovat na z\u00e1v\u011bre\u010dn\u00e9m d\u00edlu kvalifikace v&nbsp;Budape\u0161ti o minul\u00e9m v\u00edkendu. \u201eM\u00e1m neuv\u011b\u0159itelnou radost. Byla jsem smutn\u00e1, \u017ee o postup nem\u016f\u017eu zabojovat nap\u0159\u00edmo, ale doufala jsem, \u017ee to klapne i tak. Jen jsem [&hellip;]<\/p>\n","protected":false},"author":15,"featured_media":30286,"comment_status":"closed","ping_status":"open","sticky":false,"template":"","format":"standard","meta":{"footnotes":""},"categories":[2],"tags":[55],"class_list":["post-30419","post","type-post","status-publish","format-standard","has-post-thumbnail","hentry","category-novinky","tag-bmx"],"_links":{"self":[{"href":"https:\/\/www.czechcyclingfederation.com\/en\/wp-json\/wp\/v2\/posts\/30419","targetHints":{"allow":["GET"]}}],"collection":[{"href":"https:\/\/www.czechcyclingfederation.com\/en\/wp-json\/wp\/v2\/posts"}],"about":[{"href":"https:\/\/www.czechcyclingfederation.com\/en\/wp-json\/wp\/v2\/types\/post"}],"author":[{"embeddable":true,"href":"https:\/\/www.czechcyclingfederation.com\/en\/wp-json\/wp\/v2\/users\/15"}],"replies":[{"embeddable":true,"href":"https:\/\/www.czechcyclingfederation.com\/en\/wp-json\/wp\/v2\/comments?post=30419"}],"version-history":[{"count":3,"href":"https:\/\/www.czechcyclingfederation.com\/en\/wp-json\/wp\/v2\/posts\/30419\/revisions"}],"predecessor-version":[{"id":30424,"href":"https:\/\/www.czechcyclingfederation.com\/en\/wp-json\/wp\/v2\/posts\/30419\/revisions\/30424"}],"wp:featuredmedia":[{"embeddable":true,"href":"https:\/\/www.czechcyclingfederation.com\/en\/wp-json\/wp\/v2\/media\/30286"}],"wp:attachment":[{"href":"https:\/\/www.czechcyclingfederation.com\/en\/wp-json\/wp\/v2\/media?parent=30419"}],"wp:term":[{"taxonomy":"category","embeddable":true,"href":"https:\/\/www.czechcyclingfederation.com\/en\/wp-json\/wp\/v2\/categories?post=30419"},{"taxonomy":"post_tag","embeddable":true,"href":"https:\/\/www.czechcyclingfederation.com\/en\/wp-json\/wp\/v2\/tags?post=30419"}],"curies":[{"name":"wp","href":"https:\/\/api.w.org\/{rel}","templated":true}]}}