{"id":30389,"date":"2024-06-22T22:24:45","date_gmt":"2024-06-22T20:24:45","guid":{"rendered":"https:\/\/www.czechcyclingfederation.com\/?p=30389"},"modified":"2024-06-25T10:02:21","modified_gmt":"2024-06-25T08:02:21","slug":"trenerske-vzdelavani-na-ftvs","status":"publish","type":"post","link":"https:\/\/www.czechcyclingfederation.com\/en\/trenerske-vzdelavani-na-ftvs\/","title":{"rendered":"Tren\u00e9rsk\u00e9 vzd\u011bl\u00e1v\u00e1n\u00ed na FTVS"},"content":{"rendered":"\n<p>Fakulta t\u011blesn\u00e9 v\u00fdchovy a sportu Univerzity Karlovy (FTVS) p\u0159ipravuje v akademick\u00e9m roce 2024\/2025 dal\u0161\u00ed b\u011bh Tren\u00e9rsk\u00e9 \u0161koly pro tren\u00e9ry r\u016fzn\u00fdch sportovn\u00edch svaz\u016f a spolk\u016f. Jedn\u00e1 se o nejvy\u0161\u0161\u00ed tren\u00e9rsk\u00e9 vzd\u011bl\u00e1n\u00ed v dan\u00e9m sportovn\u00edm odv\u011btv\u00ed. Na z\u00e1v\u011br \u00fasp\u011b\u0161n\u00e9ho studia z\u00edsk\u00e1 frekventant osv\u011bd\u010den\u00ed, jeho\u017e platnost lze uplatnit i v zahrani\u010d\u00ed. Tento dokument vytv\u00e1\u0159\u00ed podklad pro vyd\u00e1n\u00ed pr\u016fkazu nejvy\u0161\u0161\u00edho tren\u00e9rsk\u00e9ho vzd\u011bl\u00e1n\u00ed a sou\u010dasn\u011b spl\u0148uje z\u00e1kladn\u00ed podm\u00ednku pro vyd\u00e1n\u00ed \u017eivnostensk\u00e9ho listu.<\/p>\n\n\n\n<p>Otev\u00edr\u00e1 se tak\u00e9 dal\u0161\u00ed kurz tren\u00e9rsk\u00e9 \u0161koly se zam\u011b\u0159en\u00edm na tren\u00e9rskou licenci B, tedy druhou nejvy\u0161\u0161\u00ed tren\u00e9rskou kvalifikaci. Po jej\u00edm ukon\u010den\u00ed bude \u00fasp\u011b\u0161n\u00e9mu absolventovi vyd\u00e1no osv\u011bd\u010den\u00ed, kter\u00e9 oprav\u0148uje k z\u00edsk\u00e1n\u00ed \u017eivnostensk\u00e9ho listu.<\/p>\n\n\n\n<p>V\u00edce ninformac\u00ed naleznete v p\u0159\u00edloh\u00e1ch.<\/p>\n\n\n<div class=\"wp-block-file\">\r\n                <a target=\"_blank\" rel=\"noopener\" href=\"https:\/\/www.czechcyclingfederation.com\/wp-content\/uploads\/2024\/06\/pozvanka-TS-2024-2025_licence-A.doc\" class=\"wp-block-file__button wp-element-button\">\r\n                    <span class=\"wp-block-file__icon\"><\/span>\r\n                    pozvanka-TS-2024-2025_licence-A\r\n                <\/a>\r\n            <\/div>\n\n<div class=\"wp-block-file\">\r\n                <a target=\"_blank\" rel=\"noopener\" href=\"https:\/\/www.czechcyclingfederation.com\/wp-content\/uploads\/2024\/06\/pozvanka-TS-2024-2025_licence-B.doc\" class=\"wp-block-file__button wp-element-button\">\r\n                    <span class=\"wp-block-file__icon\"><\/span>\r\n                    pozvanka-TS-2024-2025_licence-B\r\n                <\/a>\r\n            <\/div>","protected":false},"excerpt":{"rendered":"<p>Fakulta t\u011blesn\u00e9 v\u00fdchovy a sportu Univerzity Karlovy (FTVS) p\u0159ipravuje v akademick\u00e9m roce 2024\/2025 dal\u0161\u00ed b\u011bh Tren\u00e9rsk\u00e9 \u0161koly pro tren\u00e9ry r\u016fzn\u00fdch sportovn\u00edch svaz\u016f a spolk\u016f. Jedn\u00e1 se o nejvy\u0161\u0161\u00ed tren\u00e9rsk\u00e9 vzd\u011bl\u00e1n\u00ed v dan\u00e9m sportovn\u00edm odv\u011btv\u00ed. Na z\u00e1v\u011br \u00fasp\u011b\u0161n\u00e9ho studia z\u00edsk\u00e1 frekventant osv\u011bd\u010den\u00ed, jeho\u017e platnost lze uplatnit i v zahrani\u010d\u00ed. Tento dokument vytv\u00e1\u0159\u00ed podklad pro vyd\u00e1n\u00ed pr\u016fkazu [&hellip;]<\/p>\n","protected":false},"author":8,"featured_media":29635,"comment_status":"closed","ping_status":"open","sticky":false,"template":"","format":"standard","meta":{"footnotes":""},"categories":[2,65],"tags":[169],"class_list":["post-30389","post","type-post","status-publish","format-standard","has-post-thumbnail","hentry","category-novinky","category-subdisciplina","tag-ostatni"],"_links":{"self":[{"href":"https:\/\/www.czechcyclingfederation.com\/en\/wp-json\/wp\/v2\/posts\/30389","targetHints":{"allow":["GET"]}}],"collection":[{"href":"https:\/\/www.czechcyclingfederation.com\/en\/wp-json\/wp\/v2\/posts"}],"about":[{"href":"https:\/\/www.czechcyclingfederation.com\/en\/wp-json\/wp\/v2\/types\/post"}],"author":[{"embeddable":true,"href":"https:\/\/www.czechcyclingfederation.com\/en\/wp-json\/wp\/v2\/users\/8"}],"replies":[{"embeddable":true,"href":"https:\/\/www.czechcyclingfederation.com\/en\/wp-json\/wp\/v2\/comments?post=30389"}],"version-history":[{"count":1,"href":"https:\/\/www.czechcyclingfederation.com\/en\/wp-json\/wp\/v2\/posts\/30389\/revisions"}],"predecessor-version":[{"id":30396,"href":"https:\/\/www.czechcyclingfederation.com\/en\/wp-json\/wp\/v2\/posts\/30389\/revisions\/30396"}],"wp:featuredmedia":[{"embeddable":true,"href":"https:\/\/www.czechcyclingfederation.com\/en\/wp-json\/wp\/v2\/media\/29635"}],"wp:attachment":[{"href":"https:\/\/www.czechcyclingfederation.com\/en\/wp-json\/wp\/v2\/media?parent=30389"}],"wp:term":[{"taxonomy":"category","embeddable":true,"href":"https:\/\/www.czechcyclingfederation.com\/en\/wp-json\/wp\/v2\/categories?post=30389"},{"taxonomy":"post_tag","embeddable":true,"href":"https:\/\/www.czechcyclingfederation.com\/en\/wp-json\/wp\/v2\/tags?post=30389"}],"curies":[{"name":"wp","href":"https:\/\/api.w.org\/{rel}","templated":true}]}}