{"id":3037,"date":"2020-12-12T15:32:46","date_gmt":"2020-12-12T14:32:46","guid":{"rendered":"http:\/\/www.czechcyclingfederation.com\/?p=3037"},"modified":"2020-12-12T17:35:27","modified_gmt":"2020-12-12T16:35:27","slug":"v-koline-vitezi-havlikova-a-konwa","status":"publish","type":"post","link":"https:\/\/www.czechcyclingfederation.com\/en\/v-koline-vitezi-havlikova-a-konwa\/","title":{"rendered":"V Kol\u00edn\u011b v\u00edt\u011bz\u00ed Havl\u00edkov\u00e1 a Konwa"},"content":{"rendered":"\n<p>Z\u00e1v\u011bre\u010dn\u00fd d\u00edl Toi Toi Cupu v elitn\u00ed kategorii ovl\u00e1dl polsk\u00fd jezdec Marek Konwa, spolu s n\u00edm vystoupili na stupn\u011b v\u00edt\u011bz\u016f Adam \u0164oupal\u00edk (Elkov Kasper) a Belgi\u010dan Ingmar Uytdewilligen. T\u011bsn\u011b za n\u00edm skon\u010dil \u010dtvrt\u00fd Michael Boro\u0161 (\u010cEZ Cyklo Team T\u00e1bor) a to mu sta\u010dilo k bezpe\u010dn\u00e9mu uh\u00e1jen\u00ed v\u00edt\u011bzstv\u00ed v seri\u00e1lu. Mezi \u017eenami vyhr\u00e1la Pavla Havl\u00edkov\u00e1 (KC Kooperativa Jablonec nad Nisou).<\/p>\n\n\n\n<p>Junio\u0159i a juniorky bojovali krom bod\u016f do po\u0159ad\u00ed seri\u00e1lu hlavn\u011b o mistrovsk\u00e9 tituly. P\u0159ekvapiv\u00fdm \u0161ampionem mezi juniory se stal Pavel Jind\u0159ich z t\u00fdmu TJ Stadion Louny, kter\u00fd projel c\u00edlem o \u0161est vte\u0159in p\u0159ed suver\u00e9nem leto\u0161n\u00ed sezony Mat\u011bjem Str\u00e1nsk\u00fdm (IVAR CS &#8211; Author Team) a bronz z\u00edskal Maty\u00e1\u0161 Fiala z \u010cEZ Cyklo Team T\u00e1bor. Juniork\u00e1m kralovala Julia Kopecky z t\u00fdmu LRTV Swift. O zlatu rozhodla a\u017e v z\u00e1v\u011bre\u010dn\u00e9m spurtu, kdy\u017e dok\u00e1zala zdolat dom\u00e1c\u00ed Karol\u00ednu Bedrn\u00edkovou (Expres CZ &#8211; Tufo Team Kol\u00edn), bronz vybojovala Anna R\u016f\u017ei\u010dkov\u00e1 z Dukly Praha.<\/p>\n\n\n\n<p>Hned po startu \u0161el na vedouc\u00ed pozici Boro\u0161, za n\u011bj se zav\u011bsil ze druh\u00e9 \u0159ady startuj\u00edc\u00ed Adam \u0164oupal\u00edk a dal\u0161\u00ed spolufavorit\u00e9. Na kol\u00ednsk\u00e9 rychl\u00e9 trati se p\u0159\u00edli\u0161 pole ned\u011blilo a d\u016fle\u017eit\u00fdm momentem z\u00e1vodu byly p\u0159ek\u00e1\u017eky ve druh\u00e9m kole. Na druh\u00e9 z nich \u0161el p\u0159es \u0159\u00edd\u00edtka na zem \u0164oupal\u00edk a to sam\u00e9 potkalo Jakuba \u0158\u00edmana (Auto \u0160koda Ml. Boleslav). Toho vyu\u017eili Konwa a Boro\u0161 k osamostatn\u011bn\u00ed se na \u010dele.<\/p>\n\n\n\n<p>Hned v n\u00e1sleduj\u00edc\u00edm kole ale p\u0159ekvapiv\u011b \u010desk\u00fd trojn\u00e1sobn\u00fd \u0161ampion Boro\u0161 nesta\u010dil zareagovat na zrychlen\u00ed Konwy, kter\u00fd r\u00e1zem z\u00edskal mal\u00fd n\u00e1skok, kter\u00fd v\u0161ak neust\u00e1le zvy\u0161oval. Za Boro\u0161em se zformovala trojice pron\u00e1sledovatel\u016f Uytdewilligen, \u0158\u00edman a \u0164oupal\u00edk a z n\u00e1skoku neust\u00e1le ukrajovali vte\u0159inky a v p\u00e1t\u00e9m okruhu se na Boro\u0161e dot\u00e1hli.<\/p>\n\n\n\n<p>O dal\u0161\u00edch m\u00edstech na stupn\u00edch v\u00edt\u011bz\u016f se nerozhodlo ani v z\u00e1v\u011bre\u010dn\u00e9m technick\u00e9m \u00faseku na p\u00edsku, ale a\u017e v posledn\u00edch stovk\u00e1ch metr\u016f. Nejlep\u0161\u00ed pozici si vybudoval \u0164oupal\u00edk, naopak Boro\u0161 se nechal zav\u0159\u00edt belgick\u00fdm jezdcem a t\u00edm bylo rozhodnuto. &#8220;Odstartoval jsem dob\u0159e, ale hlavan na p\u0159ek\u00e1\u017ece znamenal, \u017ee Konwa a Boro\u0161 n\u00e1m ostatn\u00edm ujeli. Mezi p\u0159ek\u00e1\u017ekami jsem vytrhl nohu z ped\u00e1lu a bohu\u017eel jsem pomohl na zem i Kubovi (\u0158\u00edmanovi). Naposledy jsem jel cyklokros loni v \u0159\u00edjnu, a tak mysl\u00edm, \u017ee to nebylo \u0161patn\u00e9, druh\u00e9 m\u00edsto je dobr\u00e9,&#8221; \u0159ekl Adam \u0164oupal\u00edk.<\/p>\n\n\n\n<p>A Michael Boro\u0161 dodal. &#8220;Tra\u0165 zde nen\u00ed \u0161patn\u00e1, ale m\u011b se na n\u00ed moc neda\u0159\u00ed. Dnes jsem nav\u00edc nem\u011bl sv\u016fj den, pot\u00e9 co mi ujel Konwa jsem \u010dekal na dal\u0161\u00ed jezdce, ale v z\u00e1v\u011bru jsem se nechal zav\u0159\u00edt a bylo z toho a\u017e \u010dtvrt\u00e9 m\u00edsto.&#8221;<\/p>\n\n\n\n<p>Po zran\u011bn\u00ed se na z\u00e1vodn\u00ed okruhy vr\u00e1tila Pavla Havl\u00edkov\u00e1 (KC Kooperativa Jablonec nad Nisou)&nbsp; a n\u00e1vrat to byl v\u00edt\u011bzn\u00fd. V Kol\u00edn\u011b jezdila dlouho vep\u0159edu p\u011bti\u010dlenn\u00e1 skupina a rozhodlo se a\u017e v z\u00e1v\u011bru. Pro druh\u00e9 m\u00edsto si dojela Karla \u0160t\u011bp\u00e1nov\u00e1 (Maloja Pushbikers Team), t\u0159et\u00ed byla Tereza Van\u00ed\u010dkov\u00e1 (IVAR CS &#8211; Author Team), kter\u00e1 byla nejlep\u0161\u00ed v kategorii U23.<\/p>\n\n\n\n<p>Hned v \u00favodu se trojice nejlep\u0161\u00edch usadila na \u010dele a spolu s nimi byly ve vedouc\u00ed skupin\u011b je\u0161t\u011b Nikola Noskov\u00e1 (\u00c9quipe Pauleka) a Anais Morichonov\u00e1 z Francie. V polovin\u011b z\u00e1vodu to vypadalo, \u017ee se skupina rozd\u011bl\u00ed kdy\u017e vep\u0159edu z\u016fstalo trio \u0160t\u011bp\u00e1nov\u00e1, Van\u00ed\u010dkov\u00e1 a Havl\u00edkov\u00e1, ale nikomu se necht\u011blo tahat tempo, a tak se dot\u00e1hly zp\u011bt i Morichonov\u00e1 a Noskov\u00e1, kter\u00e1 se do ter\u00e9nu vr\u00e1tila po dlouh\u00e9 dob\u011b, kdy\u017e je z n\u00ed silni\u010d\u00e1\u0159ka.<\/p>\n\n\n\n<p>P\u0159i n\u00e1jezdu do posledn\u00edho kola byla p\u011btice pohromad\u011b a rozhodlo se a\u017e v z\u00e1v\u011bru, v technick\u00e9 pas\u00e1\u017ei. N\u00e1stup Havl\u00edkov\u00e9 \u017e\u00e1dn\u00e1 ze soupe\u0159ek nezachytila, a tak si z\u00e1vodnice jedouc\u00ed v trikotu mistryn\u011b \u010cR dojela pro leto\u0161n\u00ed prvn\u00ed v\u00edt\u011bzstv\u00ed v seri\u00e1lu Toi Toi Cupu. I druh\u00e9 m\u00edsto ale sta\u010dilo bohat\u011b \u0160t\u011bp\u00e1nov\u00e9 k uh\u00e1jen\u00ed celkov\u00e9ho prvenstv\u00ed p\u0159ed Van\u00ed\u010dkovou.<\/p>\n\n\n\n<p>&#8220;Byl to asi nejtakti\u010dt\u011bj\u0161\u00ed z\u00e1vod, jak\u00fd jsem kdy jela. V\u011b\u0159ila jsem si ale, \u017ee v technick\u00e9 pas\u00e1\u017ei mohu rozhodnout. Kdy\u017e jsem tento \u00fasek zvl\u00e1dla a z\u00edskala mal\u00fd n\u00e1skok, tak ji\u017e nebyl probl\u00e9m jej uh\u00e1jit a\u017e do c\u00edle. Jsem r\u00e1da, ka\u017ed\u00e9 v\u00edt\u011bzstv\u00ed je cenn\u00e9,&#8221; \u0159ekla Pavla Havl\u00edkov\u00e1 v c\u00edli.<\/p>\n\n\n\n<p>V\u00fdsledky:&nbsp;&nbsp;&nbsp;&nbsp; &nbsp;&nbsp;&nbsp;&nbsp;<\/p>\n\n\n\n<p>Mu\u017ei:<\/p>\n\n\n\n<p>1. Konwa (Pol.)\u00a0 58:40, 2. A. \u0164oupal\u00edk (Elkov Kasper) +30, 3. Uytdewilligen (Belg.) +30, 4. Boro\u0161 (\u010cEZ Cyklo Team T\u00e1bor) +32, 5. \u0158\u00edman (Auto \u0160koda Ml. Boleslav) +44, 6. Morichon (Fr.) +1:01.<\/p>\n\n\n\n<p>Kone\u010dn\u00e9 po\u0159ad\u00ed Toi Toi Cupu:<\/p>\n\n\n\n<p>1. Boro\u0161 245, 2. van der Meer (Niz.) 217, 3. \u0158\u00edman 209.<\/p>\n\n\n\n<p>\u017deny:<\/p>\n\n\n\n<p>1. Havl\u00edkov\u00e1 (KC Kooperativa Jablonec nad Nisou) 43:19, 2. \u0160t\u011bp\u00e1nov\u00e1 (Maloja Pushbikers Team) +5, 3. Van\u00ed\u010dkov\u00e1 (IVAR CS &#8211; Author Team) +6, 4. Morichonov\u00e1 (Fr.) +11, 5. Noskov\u00e1 (\u00c9quipe Pauleka) +24, 6. Mud\u0159\u00edkov\u00e1 (ACK Star\u00e1 Ves nad Ond\u0159ejnic\u00ed) +47.<\/p>\n\n\n\n<p>Kone\u010dn\u00e9 po\u0159ad\u00ed Toi Toi Cupu:<\/p>\n\n\n\n<p>1. \u0160t\u011bp\u00e1nov\u00e1 237, 2. Van\u00ed\u010dkov\u00e1 215, 3. \u0160vih\u00e1lkov\u00e1 (\u010cEZ Cyklo Team T\u00e1bor) 207.<\/p>\n\n\n\n<p>Junio\u0159i:<\/p>\n\n\n\n<p>1. Jind\u0159ich (TJ Stadion Louny) 38:07, 2. Str\u00e1nsk\u00fd (IVAR CS &#8211; Author Team) +6, 3. Fiala +9, 4. Dost\u00e1l (oba \u010cEZ Cyklo Team T\u00e1bor) +28, 5. Dole\u017eal (IVAR CS &#8211; Author Team) +44, 6. Kerl (Author Tem Stupno) +58.<\/p>\n\n\n\n<p>Kone\u010dn\u00e9 po\u0159ad\u00ed Toi Toi Cupu:<\/p>\n\n\n\n<p>1. Str\u00e1nsk\u00fd 199, 2. Jind\u0159ich 193, 3. Seeman (TJ Stadion Louny) 177.<\/p>\n\n\n\n<p>Juniorky:<\/p>\n\n\n\n<p>1. Kopecky (LRTV Swift) 44:02, 2. Bedrn\u00edkov\u00e1 (Expres CZ &#8211; Tufo Team Kol\u00edn) +1, 3. R\u016f\u017ei\u010dkov\u00e1 (Dukla Praha) +15, 4. Pleska\u010dov\u00e1 (Expres CZ &#8211; Tufo Team Kol\u00edn) +38, 5. B\u00e1rtov\u00e1 (Tufo Pardus Prost\u011bjov) +1:40, 6. Je\u0159\u00e1bkov\u00e1 (IVAR CS &#8211; Author Team) +1:40.\u00a0<\/p>\n\n\n\n<p>Kone\u010dn\u00e9 po\u0159ad\u00ed Toi Toi Cupu:<\/p>\n\n\n\n<p>1. Kopecky 200, 2. R\u016f\u017ei\u010dkov\u00e1 188, 3. Je\u0159\u00e1bkov\u00e1 182.<\/p>\n\n\n\n<p>FOTO Ji\u0159\u00ed Hol\u00fd<\/p>\n\n\n\n<figure class=\"wp-block-image size-large\"><img loading=\"lazy\" decoding=\"async\" width=\"1024\" height=\"577\" src=\"https:\/\/www.czechcyclingfederation.com\/wp-content\/uploads\/2020\/12\/DSC1673-1024x577.jpg\" alt=\"\" class=\"wp-image-3039\" srcset=\"https:\/\/www.czechcyclingfederation.com\/wp-content\/uploads\/2020\/12\/DSC1673-1024x577.jpg 1024w, https:\/\/www.czechcyclingfederation.com\/wp-content\/uploads\/2020\/12\/DSC1673-300x169.jpg 300w, https:\/\/www.czechcyclingfederation.com\/wp-content\/uploads\/2020\/12\/DSC1673-768x433.jpg 768w, https:\/\/www.czechcyclingfederation.com\/wp-content\/uploads\/2020\/12\/DSC1673-1536x865.jpg 1536w, https:\/\/www.czechcyclingfederation.com\/wp-content\/uploads\/2020\/12\/DSC1673-2048x1154.jpg 2048w, https:\/\/www.czechcyclingfederation.com\/wp-content\/uploads\/2020\/12\/DSC1673-1320x744.jpg 1320w\" sizes=\"auto, (max-width: 1024px) 100vw, 1024px\" \/><\/figure>\n\n\n\n<figure class=\"wp-block-image size-large\"><img loading=\"lazy\" decoding=\"async\" width=\"1024\" height=\"577\" src=\"https:\/\/www.czechcyclingfederation.com\/wp-content\/uploads\/2020\/12\/DSC0960-1024x577.jpg\" alt=\"\" class=\"wp-image-3042\" srcset=\"https:\/\/www.czechcyclingfederation.com\/wp-content\/uploads\/2020\/12\/DSC0960-1024x577.jpg 1024w, https:\/\/www.czechcyclingfederation.com\/wp-content\/uploads\/2020\/12\/DSC0960-300x169.jpg 300w, https:\/\/www.czechcyclingfederation.com\/wp-content\/uploads\/2020\/12\/DSC0960-768x433.jpg 768w, https:\/\/www.czechcyclingfederation.com\/wp-content\/uploads\/2020\/12\/DSC0960-1536x865.jpg 1536w, https:\/\/www.czechcyclingfederation.com\/wp-content\/uploads\/2020\/12\/DSC0960-2048x1154.jpg 2048w, https:\/\/www.czechcyclingfederation.com\/wp-content\/uploads\/2020\/12\/DSC0960-1320x744.jpg 1320w\" sizes=\"auto, (max-width: 1024px) 100vw, 1024px\" \/><\/figure>\n\n\n\n<figure class=\"wp-block-image size-large\"><img loading=\"lazy\" decoding=\"async\" width=\"1024\" height=\"577\" src=\"https:\/\/www.czechcyclingfederation.com\/wp-content\/uploads\/2020\/12\/DSC1162-1024x577.jpg\" alt=\"\" class=\"wp-image-3043\" srcset=\"https:\/\/www.czechcyclingfederation.com\/wp-content\/uploads\/2020\/12\/DSC1162-1024x577.jpg 1024w, https:\/\/www.czechcyclingfederation.com\/wp-content\/uploads\/2020\/12\/DSC1162-300x169.jpg 300w, https:\/\/www.czechcyclingfederation.com\/wp-content\/uploads\/2020\/12\/DSC1162-768x433.jpg 768w, https:\/\/www.czechcyclingfederation.com\/wp-content\/uploads\/2020\/12\/DSC1162-1536x865.jpg 1536w, https:\/\/www.czechcyclingfederation.com\/wp-content\/uploads\/2020\/12\/DSC1162-2048x1154.jpg 2048w, https:\/\/www.czechcyclingfederation.com\/wp-content\/uploads\/2020\/12\/DSC1162-1320x744.jpg 1320w\" sizes=\"auto, (max-width: 1024px) 100vw, 1024px\" \/><\/figure>\n\n\n\n<figure class=\"wp-block-image size-large\"><img loading=\"lazy\" decoding=\"async\" width=\"1024\" height=\"577\" src=\"https:\/\/www.czechcyclingfederation.com\/wp-content\/uploads\/2020\/12\/Havl\u00edkov\u00e1_DSC1248-1024x577.jpg\" alt=\"\" class=\"wp-image-3044\" srcset=\"https:\/\/www.czechcyclingfederation.com\/wp-content\/uploads\/2020\/12\/Havl\u00edkov\u00e1_DSC1248-1024x577.jpg 1024w, https:\/\/www.czechcyclingfederation.com\/wp-content\/uploads\/2020\/12\/Havl\u00edkov\u00e1_DSC1248-300x169.jpg 300w, https:\/\/www.czechcyclingfederation.com\/wp-content\/uploads\/2020\/12\/Havl\u00edkov\u00e1_DSC1248-768x433.jpg 768w, https:\/\/www.czechcyclingfederation.com\/wp-content\/uploads\/2020\/12\/Havl\u00edkov\u00e1_DSC1248-1536x865.jpg 1536w, https:\/\/www.czechcyclingfederation.com\/wp-content\/uploads\/2020\/12\/Havl\u00edkov\u00e1_DSC1248-2048x1154.jpg 2048w, https:\/\/www.czechcyclingfederation.com\/wp-content\/uploads\/2020\/12\/Havl\u00edkov\u00e1_DSC1248-1320x744.jpg 1320w\" sizes=\"auto, (max-width: 1024px) 100vw, 1024px\" \/><\/figure>\n\n\n\n<figure class=\"wp-block-image size-large\"><img loading=\"lazy\" decoding=\"async\" width=\"1024\" height=\"577\" src=\"https:\/\/www.czechcyclingfederation.com\/wp-content\/uploads\/2020\/12\/\u0164oupal\u00edk-A._DSC1585-1024x577.jpg\" alt=\"\" class=\"wp-image-3045\" srcset=\"https:\/\/www.czechcyclingfederation.com\/wp-content\/uploads\/2020\/12\/\u0164oupal\u00edk-A._DSC1585-1024x577.jpg 1024w, https:\/\/www.czechcyclingfederation.com\/wp-content\/uploads\/2020\/12\/\u0164oupal\u00edk-A._DSC1585-300x169.jpg 300w, https:\/\/www.czechcyclingfederation.com\/wp-content\/uploads\/2020\/12\/\u0164oupal\u00edk-A._DSC1585-768x433.jpg 768w, https:\/\/www.czechcyclingfederation.com\/wp-content\/uploads\/2020\/12\/\u0164oupal\u00edk-A._DSC1585-1536x865.jpg 1536w, https:\/\/www.czechcyclingfederation.com\/wp-content\/uploads\/2020\/12\/\u0164oupal\u00edk-A._DSC1585-2048x1154.jpg 2048w, https:\/\/www.czechcyclingfederation.com\/wp-content\/uploads\/2020\/12\/\u0164oupal\u00edk-A._DSC1585-1320x744.jpg 1320w\" sizes=\"auto, (max-width: 1024px) 100vw, 1024px\" \/><\/figure>\n","protected":false},"excerpt":{"rendered":"<p>Z\u00e1v\u011bre\u010dn\u00fd d\u00edl Toi Toi Cupu v elitn\u00ed kategorii ovl\u00e1dl polsk\u00fd jezdec Marek Konwa, spolu s n\u00edm vystoupili na stupn\u011b v\u00edt\u011bz\u016f Adam \u0164oupal\u00edk (Elkov Kasper) a Belgi\u010dan Ingmar Uytdewilligen. T\u011bsn\u011b za n\u00edm skon\u010dil \u010dtvrt\u00fd Michael Boro\u0161 (\u010cEZ Cyklo Team T\u00e1bor) a to mu sta\u010dilo k bezpe\u010dn\u00e9mu uh\u00e1jen\u00ed v\u00edt\u011bzstv\u00ed v seri\u00e1lu. Mezi \u017eenami vyhr\u00e1la Pavla Havl\u00edkov\u00e1 (KC [&hellip;]<\/p>\n","protected":false},"author":8,"featured_media":3038,"comment_status":"closed","ping_status":"open","sticky":false,"template":"","format":"standard","meta":{"footnotes":""},"categories":[58,2],"tags":[59],"class_list":["post-3037","post","type-post","status-publish","format-standard","has-post-thumbnail","hentry","category-cyklokros","category-novinky","tag-cyklokros"],"_links":{"self":[{"href":"https:\/\/www.czechcyclingfederation.com\/en\/wp-json\/wp\/v2\/posts\/3037","targetHints":{"allow":["GET"]}}],"collection":[{"href":"https:\/\/www.czechcyclingfederation.com\/en\/wp-json\/wp\/v2\/posts"}],"about":[{"href":"https:\/\/www.czechcyclingfederation.com\/en\/wp-json\/wp\/v2\/types\/post"}],"author":[{"embeddable":true,"href":"https:\/\/www.czechcyclingfederation.com\/en\/wp-json\/wp\/v2\/users\/8"}],"replies":[{"embeddable":true,"href":"https:\/\/www.czechcyclingfederation.com\/en\/wp-json\/wp\/v2\/comments?post=3037"}],"version-history":[{"count":3,"href":"https:\/\/www.czechcyclingfederation.com\/en\/wp-json\/wp\/v2\/posts\/3037\/revisions"}],"predecessor-version":[{"id":3046,"href":"https:\/\/www.czechcyclingfederation.com\/en\/wp-json\/wp\/v2\/posts\/3037\/revisions\/3046"}],"wp:featuredmedia":[{"embeddable":true,"href":"https:\/\/www.czechcyclingfederation.com\/en\/wp-json\/wp\/v2\/media\/3038"}],"wp:attachment":[{"href":"https:\/\/www.czechcyclingfederation.com\/en\/wp-json\/wp\/v2\/media?parent=3037"}],"wp:term":[{"taxonomy":"category","embeddable":true,"href":"https:\/\/www.czechcyclingfederation.com\/en\/wp-json\/wp\/v2\/categories?post=3037"},{"taxonomy":"post_tag","embeddable":true,"href":"https:\/\/www.czechcyclingfederation.com\/en\/wp-json\/wp\/v2\/tags?post=3037"}],"curies":[{"name":"wp","href":"https:\/\/api.w.org\/{rel}","templated":true}]}}