{"id":30216,"date":"2024-06-13T17:44:42","date_gmt":"2024-06-13T15:44:42","guid":{"rendered":"https:\/\/www.czechcyclingfederation.com\/?p=30216"},"modified":"2024-06-13T17:44:45","modified_gmt":"2024-06-13T15:44:45","slug":"bohumir-korycansky-valassky-blesk-vynikajici-roznovsky-cyklista-a-jeho-devadesatka","status":"publish","type":"post","link":"https:\/\/www.czechcyclingfederation.com\/en\/bohumir-korycansky-valassky-blesk-vynikajici-roznovsky-cyklista-a-jeho-devadesatka\/","title":{"rendered":"Bohum\u00edr Kory\u010dansk\u00fd \u201eVala\u0161sk\u00fd blesk\u201c Vynikaj\u00edc\u00ed ro\u017enovsk\u00fd cyklista a jeho devades\u00e1tka"},"content":{"rendered":"\n<p><strong>V roce 1950 se za\u010dala odv\u00edjet historie ro\u017enovsk\u00e9 silni\u010dn\u00ed cyklistiky. Zakl\u00e1daj\u00edc\u00edmi \u010dleny byli B. Sm\u00e9kal, Old\u0159ich Nosek a Zden\u011bk Va\u0148ura. Od roku 1958 p\u016fsobil cyklistick\u00fd odd\u00edl pod hlavi\u010dkou TJ Ro\u017enov. M\u011bl kolem 25 \u010dlen\u016f, vedl je Ctirad Los, pozd\u011bji V. Fiedler, Bohum\u00edr Kory\u010dansk\u00fd, \u0160t. Ritter, Ji\u0159\u00ed Vinkl\u00e1rlek.<\/strong><\/p>\n\n\n\n<p>V roce 1965 uspo\u0159\u00e1dali ro\u017enov\u0161t\u00ed cyklist\u00e9 Z\u00e1vod m\u00edru pion\u00fdr\u016f za \u00fa\u010dasti sedmdes\u00e1ti startuj\u00edc\u00edch z cel\u00e9 republiky. Pod veden\u00edm Bohum\u00edra Kory\u010dansk\u00e9ho organiza\u010dn\u011b zaji\u0161\u0165ovali pr\u016fjezd Z\u00e1vodu m\u00edru Ro\u017enovem a dojezd do pr\u00e9mi\u00ed. V letech 1974 a\u017e 1977 uspo\u0159\u00e1dal cyklistick\u00fd odd\u00edl krajsk\u00fd p\u0159ebor v z\u00e1vodech do vrchu, v letech 1978 a\u017e 1980 a v roce 1989 z\u00e1vod do Pusteven, v letech 1984 a 1985 pak z\u00e1vod do \u010cern\u00e9 hory.<\/p>\n\n\n\n<p>K nej\u00fasp\u011b\u0161n\u011bj\u0161\u00edm ro\u017enovsk\u00fdm cyklist\u016fm pat\u0159\u00ed Bohum\u00edr Kory\u010dansk\u00fd (nar. 16. 6. 1934), n\u011bkolikan\u00e1sobn\u00fd p\u0159eborn\u00edk Gottwaldovsk\u00e9ho (dnes Zl\u00ednsk\u00e9ho) kraje v silni\u010dn\u00ed cyklistice. V roce 1956 vyhr\u00e1l p\u0159ebor \u010ds. arm\u00e1dy. V letech 1956 a\u017e 1958 byl za\u0159azen do reprezenta\u010dn\u00edho dru\u017estva \u010cSR. V roce 1956 obsadil v p\u0159eboru \u010cSR osm\u00e9 m\u00edsto a v z\u00e1vod\u011b Okolo Slovenska t\u00e9ho\u017e roku skon\u010dil celkov\u011b na 13. m\u00edst\u011b. Vedl pak \u00fasp\u011b\u0161n\u00e9 dru\u017estvo star\u0161\u00edch dorostenc\u016f, kter\u00e9 v roce 1977 vyhr\u00e1lo krajsk\u00fd p\u0159ebor, na p\u0159eboru \u010cSR bylo 8. a v p\u0159eboru \u010cSSR 10.<\/p>\n\n\n\n<p>Cyklistika se stala Bohum\u00edru Kory\u010dansk\u00e9mu osudem. \u201eUr\u010dit\u011b mi v d\u0159even\u00e9 chalup\u011b na Horn\u00edch Pasek\u00e1ch st\u00e1ly u kol\u00e9bky sudi\u010dky s bicyklem,\u201c sm\u00e1l se. Bicykl je ka\u017edodenn\u00ed sou\u010d\u00e1st\u00ed jeho \u017eivotn\u00edho programu, denn\u00ed norma v sedle je za ka\u017ed\u00e9ho po\u010das\u00ed kolem pades\u00e1ti kilometr\u016f. \u201ePo za\u0159azen\u00ed do reprezentace se p\u0159edpokl\u00e1dalo, \u017ee do zah\u00e1jen\u00ed jarn\u00edch v\u00fdb\u011brov\u00fdch z\u00e1vod\u016f na Z\u00e1vod m\u00edru, \u0159\u00edkali jsme ,na Var\u0161avu\u2018 bude m\u00edt cyklista najeto minim\u00e1ln\u011b t\u0159i a\u017e \u010dty\u0159i tis\u00edce kilometr\u016f. Na po\u010das\u00ed se nehled\u011blo. Ve star\u00e9 chalup\u011b na Pasek\u00e1ch \u017e\u00e1dn\u00e1 sprcha, jen \u017eelez\u0148\u00e1k s vodou na \u0161porhelt\u011b, tak jsem se rozmrazoval. Tata poka\u017ed\u00e9 jen kroutil hlavou. V t\u00e9 dob\u011b najel z\u00e1vodn\u00ed cyklista za sez\u00f3nu a\u017e ke t\u0159iceti tis\u00edc\u016fm kilometr\u016f, dnes u\u017e je to minulost.\u201c<\/p>\n\n\n\n<p><strong>V roce 1956 jsi z\u00edskal titul p\u0159eborn\u00edka \u010deskoslovensk\u00e9 arm\u00e1dy, jak\u00e1 byla odm\u011bna?<\/strong><\/p>\n\n\n\n<p>\u201eVyfotili mne se samopalem v ruce p\u0159ed rozvinutou z\u00e1stavou a pov\u00fd\u0161ili na svobodn\u00edka.\u201c<\/p>\n\n\n\n<p><strong>Silni\u010dn\u00ed cyklistika je tvrd\u00fd sport, co v\u0161echno se d\u011bje b\u011bhem z\u00e1vodu v pelotonu?<\/strong><\/p>\n\n\n\n<p>\u201eZnal jsem v\u0161echny na\u0161e vrcholov\u00e9 cyklisty: Dalera, R\u016f\u017ei\u010dku, Kubra, Vesel\u00e9ho, Nachtigala, Kn\u011b\u017eourka a dal\u0161\u00ed. Vlasta R\u016f\u017ei\u010dka byl Slov\u00e1k. P\u0159i jednom z\u00e1vodu kolem Slovenska se peloton utrhl. Bal\u00edk cyklist\u016f odpo\u010d\u00edval. Kdy\u017e jsem st\u0159\u00eddal na \u0161pici, tak jsem do toho \u0161l\u00e1pl a p\u0159ed Levo\u010dou R\u016f\u017ei\u010dku dot\u00e1hl. To se v\u00ed, nel\u00edbilo se mu to. Oto\u010dil se a houkl: Odkial si? Pot\u011b\u0161en\u00fd, \u017ee si mne Vlasta R\u016f\u017ei\u010dka v\u0161imnul, \u0159\u00edk\u00e1m, \u017ee z Ro\u017enova. Z Ro\u017e\u0148avy? Ty jeden ch&#8230;! A po\u0159\u00e1dn\u011b mi vynadal. Cht\u011bl vyhr\u00e1t pr\u00e9mii a m\u00e1lem jsem mu to p\u0159ekazil.<\/p>\n\n\n\n<p>Za um\u00edst\u011bn\u00ed jsem dostal na tehdej\u0161\u00ed dobu mal\u00e9 modern\u00ed r\u00e1dio. Co to m\u00e1\u0161? prohl\u00ed\u017eel si Vlasta R\u016f\u017ei\u010dka na chodb\u011b hotelu technickou novinku. R\u00e1dio mu vypadlo z rukou, zbyl z n\u011bho \u0161rot a j\u00e1 se nem\u011bl doma \u010d\u00edm pochlubit. Ale z\u016fstali jsme kamar\u00e1di.\u201c<\/p>\n\n\n\n<p><strong>T\u011bch vzpom\u00ednek by jist\u011b bylo na kn\u00ed\u017eku.<\/strong><\/p>\n\n\n\n<p>\u201eM\u00e1 cyklistick\u00e1 kari\u00e9ra za\u010dala ve dvan\u00e1cti letech, kdy jsem jako mlad\u0161\u00ed dorostenec reprezentoval kraj Gottwaldov, a ukon\u010dil jsem ji ve t\u0159iceti letech v\u00edt\u011bzstv\u00edm krajsk\u00e9ho p\u0159eboru v Ostrav\u011b. P\u0159i p\u0159\u00edle\u017eitosti ulo\u017een\u00ed ostatk\u016f Emila Z\u00e1topka na Vala\u0161sk\u00e9m Slav\u00edn\u011b jsem se setkal s vynikaj\u00edc\u00edm cyklistou Honzou Vesel\u00fdm, m\u016fj cyklistick\u00fd idol, se kter\u00fdm jsem byl t\u0159i roky v reprezentaci, a ve Vala\u0161sk\u00e9 hospod\u011b jsem ho pasoval na Valacha.<\/p>\n\n\n\n<p>Pak u\u017e jsem se ka\u017ed\u00fd rok prezentoval na memori\u00e1lu Honzy Vesel\u00e9ho, kter\u00fd se konal v Ostrav\u011b-Porub\u011b, kde jsem ukon\u010dil svou aktivn\u00ed \u010dinnost a kde jsem a\u017e do lo\u0148sk\u00e9ho roku p\u0159ed\u00e1val ceny v\u00edt\u011bz\u016fm.\u201c<\/p>\n\n\n\n<p><strong>Jak se od tv\u00fdch \u010das\u016f bicykl zm\u011bnil?<\/strong><\/p>\n\n\n\n<p>\u201eJako kluk jsem ve Vala\u0161sk\u00e9m Mezi\u0159\u00ed\u010d\u00ed vid\u011bl za v\u00fdlohou z\u00e1vodn\u00ed\u010dku \u2013 modr\u00e9ho Favorita s p\u0159ehazova\u010dkou. Dalo mi moc p\u0159emlouv\u00e1n\u00ed, ne\u017e tata pen\u00edze na m\u016fj prvn\u00ed opravdov\u00fd bicykl vy\u0161kr\u00e1bal. U\u017e tehdy stav\u011bly odborn\u00e9 firmy \u0161pi\u010dkov\u00fdm z\u00e1vodn\u00edk\u016fm bicykly na m\u00edru. To se mi po\u0161t\u011bstilo, kdy\u017e mne za\u0159adili do reprezentace. V ka\u017ed\u00e9m p\u0159\u00edpad\u011b je dnes kvalita \u00fapln\u011b jinde. Rapidn\u011b se sn\u00ed\u017eila v\u00e1ha, materi\u00e1l karbon, odleh\u010den\u00e9 r\u00e1my, p\u0159esn\u00e9 \u0159azen\u00ed.<\/p>\n\n\n\n<p>I kdy\u017e je v sou\u010dasnosti pro vrcholov\u00e9 v\u00fdkony cyklist\u016f k dispozici to nejkvalitn\u011bj\u0161\u00ed, st\u00e1le plat\u00ed, \u017ee pokud m\u00e1 z\u00e1vodn\u00edk \u201aol\u0161ov\u00e9 nohy\u2018, jak jsme \u0159\u00edkali, pak m\u016f\u017ee m\u00edt t\u0159eba superkolo, beztak nic nezajede.\u201c<\/p>\n\n\n\n<p><strong>Co by sis p\u0159\u00e1l ke sv\u00e9 leto\u0161n\u00ed devades\u00e1tce?<\/strong><\/p>\n\n\n\n<p>\u201eCyklistika je m\u00fdm celo\u017eivotn\u00edm kon\u00ed\u010dkem. D\u00edky bicyklu se po\u0159\u00e1d dr\u017e\u00edm ve form\u011b. Co si p\u0159\u00e1t v\u00edc? Pod\u011bkovat za ka\u017ed\u00e9 nov\u00e9 r\u00e1no.\u201c<\/p>\n\n\n\n<p>Autor rozhovoru: Richard Sobotka<\/p>\n\n\n\n<p>Vy\u0161lo ve Spektru Ro\u017enovska<\/p>\n","protected":false},"excerpt":{"rendered":"<p>V roce 1950 se za\u010dala odv\u00edjet historie ro\u017enovsk\u00e9 silni\u010dn\u00ed cyklistiky. Zakl\u00e1daj\u00edc\u00edmi \u010dleny byli B. Sm\u00e9kal, Old\u0159ich Nosek a Zden\u011bk Va\u0148ura. Od roku 1958 p\u016fsobil cyklistick\u00fd odd\u00edl pod hlavi\u010dkou TJ Ro\u017enov. M\u011bl kolem 25 \u010dlen\u016f, vedl je Ctirad Los, pozd\u011bji V. Fiedler, Bohum\u00edr Kory\u010dansk\u00fd, \u0160t. Ritter, Ji\u0159\u00ed Vinkl\u00e1rlek. V roce 1965 uspo\u0159\u00e1dali ro\u017enov\u0161t\u00ed cyklist\u00e9 Z\u00e1vod m\u00edru [&hellip;]<\/p>\n","protected":false},"author":2,"featured_media":30217,"comment_status":"closed","ping_status":"open","sticky":false,"template":"","format":"standard","meta":{"footnotes":""},"categories":[28,2],"tags":[119],"class_list":["post-30216","post","type-post","status-publish","format-standard","has-post-thumbnail","hentry","category-cesky-svaz-cyklistiky","category-novinky","tag-csc"],"_links":{"self":[{"href":"https:\/\/www.czechcyclingfederation.com\/en\/wp-json\/wp\/v2\/posts\/30216","targetHints":{"allow":["GET"]}}],"collection":[{"href":"https:\/\/www.czechcyclingfederation.com\/en\/wp-json\/wp\/v2\/posts"}],"about":[{"href":"https:\/\/www.czechcyclingfederation.com\/en\/wp-json\/wp\/v2\/types\/post"}],"author":[{"embeddable":true,"href":"https:\/\/www.czechcyclingfederation.com\/en\/wp-json\/wp\/v2\/users\/2"}],"replies":[{"embeddable":true,"href":"https:\/\/www.czechcyclingfederation.com\/en\/wp-json\/wp\/v2\/comments?post=30216"}],"version-history":[{"count":1,"href":"https:\/\/www.czechcyclingfederation.com\/en\/wp-json\/wp\/v2\/posts\/30216\/revisions"}],"predecessor-version":[{"id":30219,"href":"https:\/\/www.czechcyclingfederation.com\/en\/wp-json\/wp\/v2\/posts\/30216\/revisions\/30219"}],"wp:featuredmedia":[{"embeddable":true,"href":"https:\/\/www.czechcyclingfederation.com\/en\/wp-json\/wp\/v2\/media\/30217"}],"wp:attachment":[{"href":"https:\/\/www.czechcyclingfederation.com\/en\/wp-json\/wp\/v2\/media?parent=30216"}],"wp:term":[{"taxonomy":"category","embeddable":true,"href":"https:\/\/www.czechcyclingfederation.com\/en\/wp-json\/wp\/v2\/categories?post=30216"},{"taxonomy":"post_tag","embeddable":true,"href":"https:\/\/www.czechcyclingfederation.com\/en\/wp-json\/wp\/v2\/tags?post=30216"}],"curies":[{"name":"wp","href":"https:\/\/api.w.org\/{rel}","templated":true}]}}