{"id":30202,"date":"2024-06-11T12:09:45","date_gmt":"2024-06-11T10:09:45","guid":{"rendered":"https:\/\/www.czechcyclingfederation.com\/?p=30202"},"modified":"2024-06-11T12:09:49","modified_gmt":"2024-06-11T10:09:49","slug":"cink-a-holubova-budou-bojovat-na-olympiade-v-cross-country","status":"publish","type":"post","link":"https:\/\/www.czechcyclingfederation.com\/en\/cink-a-holubova-budou-bojovat-na-olympiade-v-cross-country\/","title":{"rendered":"Cink a Holubov\u00e1 budou bojovat na olympi\u00e1d\u011b v\u00a0cross\u00a0country\u00a0"},"content":{"rendered":"\n<p><strong>Ond\u0159ej Cink a Ad\u00e9la Holubov\u00e1 budou reprezentovat \u010cesko na olympijsk\u00fdch hr\u00e1ch v Pa\u0159\u00ed\u017ei 2024 v\u00a0cross\u00a0country horsk\u00fdch kol. O nominaci rozhodla tren\u00e9rsk\u00e1 rada po z\u00e1vodu \u010cesk\u00e9ho poh\u00e1ru v Bed\u0159ichov\u011b b\u011bhem minul\u00e9ho v\u00edkendu.<\/strong>\u00a0<\/p>\n\n\n\n<p>\u201cNomina\u010dn\u00ed krit\u00e9ria zve\u0159ejn\u011bn\u00e1 v listopadu minul\u00e9ho roku mezi \u017eenami splnily Ad\u00e9la Holubov\u00e1, Jitka&nbsp;\u010c\u00e1belick\u00e1&nbsp;a Patricie&nbsp;Srnsk\u00e1. Kv\u016fli nominaci na olympijsk\u00e9 hry do Pa\u0159\u00ed\u017ee byla ustanovena tren\u00e9rsk\u00e1 rada ve slo\u017een\u00ed Slav\u00ed\u010dek, Lutovsk\u00fd,&nbsp;Holl\u00f3si, Zapletal. Z\u00e1stupce, respektive z\u00e1stupkyn\u011b pro olympijsk\u00e9 hry se vyb\u00edr\u00e1 komplexn\u011b. Nen\u00ed to o bodu jedna, dva nebo t\u0159i. Jde o souhrn v\u0161ech bod\u016f i aktu\u00e1ln\u00ed v\u00fdkonnost z\u00e1vodn\u00edk\u016f. Po komplexn\u00edm posouzen\u00ed byla do Pa\u0159\u00ed\u017ee nominov\u00e1na Ad\u00e9la Holubov\u00e1,\u201d uvedl Josef&nbsp;Dloho\u0161, p\u0159edseda komise horsk\u00fdch kol \u010cesk\u00e9ho svazu cyklistiky.&nbsp;<\/p>\n\n\n\n<figure class=\"wp-block-image size-large\"><img loading=\"lazy\" decoding=\"async\" width=\"1024\" height=\"683\" src=\"https:\/\/www.czechcyclingfederation.com\/wp-content\/uploads\/2024\/06\/240524-SP-NMNM-0103-1024x683.jpg\" alt=\"\" class=\"wp-image-30203\" srcset=\"https:\/\/www.czechcyclingfederation.com\/wp-content\/uploads\/2024\/06\/240524-SP-NMNM-0103-1024x683.jpg 1024w, https:\/\/www.czechcyclingfederation.com\/wp-content\/uploads\/2024\/06\/240524-SP-NMNM-0103-300x200.jpg 300w, https:\/\/www.czechcyclingfederation.com\/wp-content\/uploads\/2024\/06\/240524-SP-NMNM-0103-768x512.jpg 768w, https:\/\/www.czechcyclingfederation.com\/wp-content\/uploads\/2024\/06\/240524-SP-NMNM-0103-1536x1024.jpg 1536w, https:\/\/www.czechcyclingfederation.com\/wp-content\/uploads\/2024\/06\/240524-SP-NMNM-0103-1320x880.jpg 1320w, https:\/\/www.czechcyclingfederation.com\/wp-content\/uploads\/2024\/06\/240524-SP-NMNM-0103.jpg 2048w\" sizes=\"auto, (max-width: 1024px) 100vw, 1024px\" \/><\/figure>\n\n\n\n<p>Nomina\u010dn\u00ed krit\u00e9ria zve\u0159ejn\u011bn\u00e1 v listopadu minul\u00e9ho roku zahrnovala v\u00fdsledky v z\u00e1vodech sv\u011btov\u00fdch poh\u00e1r\u016f, mistrovstv\u00ed Evropy a vz\u00e1jemn\u00e9 souboje na \u010desk\u00fdch trat\u00edch.\u00a0<\/p>\n\n\n\n<p>Zat\u00edmco pro Ad\u00e9lu Holubovou p\u016fjde ve dvaadvaceti letech o premi\u00e9ru na olympijsk\u00fdch hr\u00e1ch, Ond\u0159ej Cink bude startovat u\u017e na \u010dtvrt\u00e9 olympi\u00e1d\u011b. Z\u00e1vod mu\u017e\u016f se uskute\u010dn\u00ed v pond\u011bl\u00ed 29. \u010dervence ve 14 hodin, \u017eeny budou o olympijsk\u00e9 kovy usilovat v ned\u011bli 28. \u010dervence ve stejn\u00fd \u010das.\u00a0<\/p>\n\n\n\n<p>N\u00e1hradn\u00edkem je Jan Zatloukal, mezi \u017eenami pozice prvn\u00ed n\u00e1hradnice p\u0159ipadla Jitce&nbsp;\u010c\u00e1belick\u00e9, druhou n\u00e1hradnic\u00ed je Patricie&nbsp;Srnsk\u00e1.&nbsp;<\/p>\n","protected":false},"excerpt":{"rendered":"<p>Ond\u0159ej Cink a Ad\u00e9la Holubov\u00e1 budou reprezentovat \u010cesko na olympijsk\u00fdch hr\u00e1ch v Pa\u0159\u00ed\u017ei 2024 v\u00a0cross\u00a0country horsk\u00fdch kol. O nominaci rozhodla tren\u00e9rsk\u00e1 rada po z\u00e1vodu \u010cesk\u00e9ho poh\u00e1ru v Bed\u0159ichov\u011b b\u011bhem minul\u00e9ho v\u00edkendu.\u00a0 \u201cNomina\u010dn\u00ed krit\u00e9ria zve\u0159ejn\u011bn\u00e1 v listopadu minul\u00e9ho roku mezi \u017eenami splnily Ad\u00e9la Holubov\u00e1, Jitka&nbsp;\u010c\u00e1belick\u00e1&nbsp;a Patricie&nbsp;Srnsk\u00e1. Kv\u016fli nominaci na olympijsk\u00e9 hry do Pa\u0159\u00ed\u017ee byla ustanovena tren\u00e9rsk\u00e1 [&hellip;]<\/p>\n","protected":false},"author":2,"featured_media":30205,"comment_status":"closed","ping_status":"open","sticky":false,"template":"","format":"standard","meta":{"footnotes":""},"categories":[28,186,2],"tags":[10],"class_list":["post-30202","post","type-post","status-publish","format-standard","has-post-thumbnail","hentry","category-cesky-svaz-cyklistiky","category-mtb-fotogalerie","category-novinky","tag-mtb"],"_links":{"self":[{"href":"https:\/\/www.czechcyclingfederation.com\/en\/wp-json\/wp\/v2\/posts\/30202","targetHints":{"allow":["GET"]}}],"collection":[{"href":"https:\/\/www.czechcyclingfederation.com\/en\/wp-json\/wp\/v2\/posts"}],"about":[{"href":"https:\/\/www.czechcyclingfederation.com\/en\/wp-json\/wp\/v2\/types\/post"}],"author":[{"embeddable":true,"href":"https:\/\/www.czechcyclingfederation.com\/en\/wp-json\/wp\/v2\/users\/2"}],"replies":[{"embeddable":true,"href":"https:\/\/www.czechcyclingfederation.com\/en\/wp-json\/wp\/v2\/comments?post=30202"}],"version-history":[{"count":1,"href":"https:\/\/www.czechcyclingfederation.com\/en\/wp-json\/wp\/v2\/posts\/30202\/revisions"}],"predecessor-version":[{"id":30207,"href":"https:\/\/www.czechcyclingfederation.com\/en\/wp-json\/wp\/v2\/posts\/30202\/revisions\/30207"}],"wp:featuredmedia":[{"embeddable":true,"href":"https:\/\/www.czechcyclingfederation.com\/en\/wp-json\/wp\/v2\/media\/30205"}],"wp:attachment":[{"href":"https:\/\/www.czechcyclingfederation.com\/en\/wp-json\/wp\/v2\/media?parent=30202"}],"wp:term":[{"taxonomy":"category","embeddable":true,"href":"https:\/\/www.czechcyclingfederation.com\/en\/wp-json\/wp\/v2\/categories?post=30202"},{"taxonomy":"post_tag","embeddable":true,"href":"https:\/\/www.czechcyclingfederation.com\/en\/wp-json\/wp\/v2\/tags?post=30202"}],"curies":[{"name":"wp","href":"https:\/\/api.w.org\/{rel}","templated":true}]}}