{"id":30187,"date":"2024-06-09T01:56:26","date_gmt":"2024-06-08T23:56:26","guid":{"rendered":"https:\/\/www.czechcyclingfederation.com\/?p=30187"},"modified":"2024-06-09T01:56:29","modified_gmt":"2024-06-08T23:56:29","slug":"sevcikova-vybojovala-pate-misto-v-omniu-na-gp-brno","status":"publish","type":"post","link":"https:\/\/www.czechcyclingfederation.com\/en\/sevcikova-vybojovala-pate-misto-v-omniu-na-gp-brno\/","title":{"rendered":"\u0160ev\u010d\u00edkov\u00e1 vybojovala p\u00e1t\u00e9 m\u00edsto v\u00a0omniu na GP Brno"},"content":{"rendered":"\n<p>Nejlep\u0161\u00edm v\u00fdsledek druh\u00e9ho dne na z\u00e1vodech prvn\u00ed kategorie kalend\u00e1\u0159e Mezin\u00e1rodn\u00ed cyklistick\u00e9 unie (UCI) Grand Prix Brno bylo p\u00e1t\u00e9 m\u00edsto Petry \u0160ev\u010d\u00edkov\u00e9 z\u00a0Dukly Praha v\u00a0omniu.\u00a0 Sprinter Jakub Mal\u00e1\u0161ek z\u00a0Dukly Brno obsadil v\u00a0keirinu dev\u00e1tou pozici.<\/p>\n\n\n\n<p>&nbsp;Veronika Jaborn\u00edkov\u00e1 obsadila ve sprintu dev\u00e1t\u00e9 m\u00edsto a Adam K\u0159enek spolu s&nbsp;polsk\u00fdm jezdcem Filipem Prokopyszynem skon\u010dili na sedm\u00e9 pozici v madisonu.<\/p>\n\n\n\n<p>V\u00fdsledky:<\/p>\n\n\n\n<p>Mu\u017ei:<\/p>\n\n\n\n<p>Keirin:<\/p>\n\n\n\n<p>1. Bednarek (Pol.), 2. Moro (It.), 3. Burawski (Pol.), 4. Bianchi, 5. Predomo (oba It.), 6. Kalogeropoulos (\u0158ec.), &#8230;9. Jakub Mal\u00e1\u0161ek (\u010cR).<\/p>\n\n\n\n<p>Madison:<\/p>\n\n\n\n<p>1. Hesters, de Vylder (Belg.) 94, 2. Kokas, Wafler (Rak.) 52, 3. Skivild, Fynbo (D\u00e1n.) 42, 4.&nbsp; Donega, Quaranta (It.) 35, 5. Glady\u0161, Hryniv (Ukr.) 29, 6. Dens, Navas (Belg.\/\u0160p.) 27, 7. Prokopyszyn, K\u0159enek (Pol.\/\u010cR) 19, 8. M. Kobl\u00ed\u017eek, Pszczolarski (\u010cR.\/Pol.) 12.<\/p>\n\n\n\n<p>\u017deny:<\/p>\n\n\n\n<p>Omnium:<\/p>\n\n\n\n<p>1. Zayedov\u00e1 (Eg.) 116, 2. Wankiewiczov\u00e1 109, 3. Trackaov\u00e1 (ob\u011b Pol.) 109, 4. de Clecqov\u00e1 (Belg.) 105, 5. \u0160ev\u010d\u00edkov\u00e1 (\u010cR) 99, 6. Yaguezov\u00e1 (\u0160p.) 91..<\/p>\n\n\n\n<p>Sprint:<\/p>\n\n\n\n<p>1. Schneiderov\u00e1 (N\u011bm.), 2. Moirov\u00e1, 3, Tannerov\u00e1 (ob\u011b Brit.), 4. Lohvi\u0148ukov\u00e1 (Ukr.), 5. Edmundsov\u00e1 (Brit.), 6. Lendelov\u00e1 (Lit.), &#8230;9. V. Jaborn\u00edkov\u00e1, 11. A. Jaborn\u00edkov\u00e1 (ob\u011b \u010cR).<\/p>\n","protected":false},"excerpt":{"rendered":"<p>Nejlep\u0161\u00edm v\u00fdsledek druh\u00e9ho dne na z\u00e1vodech prvn\u00ed kategorie kalend\u00e1\u0159e Mezin\u00e1rodn\u00ed cyklistick\u00e9 unie (UCI) Grand Prix Brno bylo p\u00e1t\u00e9 m\u00edsto Petry \u0160ev\u010d\u00edkov\u00e9 z\u00a0Dukly Praha v\u00a0omniu.\u00a0 Sprinter Jakub Mal\u00e1\u0161ek z\u00a0Dukly Brno obsadil v\u00a0keirinu dev\u00e1tou pozici. &nbsp;Veronika Jaborn\u00edkov\u00e1 obsadila ve sprintu dev\u00e1t\u00e9 m\u00edsto a Adam K\u0159enek spolu s&nbsp;polsk\u00fdm jezdcem Filipem Prokopyszynem skon\u010dili na sedm\u00e9 pozici v madisonu. V\u00fdsledky: [&hellip;]<\/p>\n","protected":false},"author":8,"featured_media":30188,"comment_status":"closed","ping_status":"open","sticky":false,"template":"","format":"standard","meta":{"footnotes":""},"categories":[54,2],"tags":[9],"class_list":["post-30187","post","type-post","status-publish","format-standard","has-post-thumbnail","hentry","category-draha","category-novinky","tag-draha"],"_links":{"self":[{"href":"https:\/\/www.czechcyclingfederation.com\/en\/wp-json\/wp\/v2\/posts\/30187","targetHints":{"allow":["GET"]}}],"collection":[{"href":"https:\/\/www.czechcyclingfederation.com\/en\/wp-json\/wp\/v2\/posts"}],"about":[{"href":"https:\/\/www.czechcyclingfederation.com\/en\/wp-json\/wp\/v2\/types\/post"}],"author":[{"embeddable":true,"href":"https:\/\/www.czechcyclingfederation.com\/en\/wp-json\/wp\/v2\/users\/8"}],"replies":[{"embeddable":true,"href":"https:\/\/www.czechcyclingfederation.com\/en\/wp-json\/wp\/v2\/comments?post=30187"}],"version-history":[{"count":1,"href":"https:\/\/www.czechcyclingfederation.com\/en\/wp-json\/wp\/v2\/posts\/30187\/revisions"}],"predecessor-version":[{"id":30190,"href":"https:\/\/www.czechcyclingfederation.com\/en\/wp-json\/wp\/v2\/posts\/30187\/revisions\/30190"}],"wp:featuredmedia":[{"embeddable":true,"href":"https:\/\/www.czechcyclingfederation.com\/en\/wp-json\/wp\/v2\/media\/30188"}],"wp:attachment":[{"href":"https:\/\/www.czechcyclingfederation.com\/en\/wp-json\/wp\/v2\/media?parent=30187"}],"wp:term":[{"taxonomy":"category","embeddable":true,"href":"https:\/\/www.czechcyclingfederation.com\/en\/wp-json\/wp\/v2\/categories?post=30187"},{"taxonomy":"post_tag","embeddable":true,"href":"https:\/\/www.czechcyclingfederation.com\/en\/wp-json\/wp\/v2\/tags?post=30187"}],"curies":[{"name":"wp","href":"https:\/\/api.w.org\/{rel}","templated":true}]}}