{"id":30176,"date":"2024-06-08T20:03:05","date_gmt":"2024-06-08T18:03:05","guid":{"rendered":"https:\/\/www.czechcyclingfederation.com\/?p=30176"},"modified":"2024-06-08T20:03:08","modified_gmt":"2024-06-08T18:03:08","slug":"saska-a-holubova-vyhrali-v-bedrichove","status":"publish","type":"post","link":"https:\/\/www.czechcyclingfederation.com\/en\/saska-a-holubova-vyhrali-v-bedrichove\/","title":{"rendered":"S\u00e1ska a Holubov\u00e1 vyhr\u00e1li v\u00a0Bed\u0159ichov\u011b"},"content":{"rendered":"\n<p><strong>Jan S\u00e1ska<\/strong> (Subterra Santa Cruz) a <strong>Ad\u00e9la Holubov\u00e1<\/strong> (Rouvy Specialized) ovl\u00e1dli z\u00e1vody elitn\u00edch kategori\u00ed na t\u0159et\u00edm d\u00edle Conseq \u010cesk\u00e9ho poh\u00e1ru v&nbsp;cross country horsk\u00fdch kol na tradi\u010dn\u00ed trati v&nbsp;Bed\u0159ichov\u011b, p\u0159esto\u017ee jsou oba je\u0161t\u011b z\u00e1vodn\u00edky kategorie U23.<\/p>\n\n\n\n<p>V&nbsp;z\u00e1vod\u011b mu\u017e\u016f chyb\u011bl na startu Ond\u0159ej Cink, kter\u00fd m\u00e1 jistotu nominace na olympi\u00e1du do Pa\u0159\u00ed\u017ee, a tak pozornost byla up\u0159ena zejm\u00e9na na z\u00e1vod \u017een. Ten m\u011bl v&nbsp;p\u0159\u00edm\u00e9m souboji rozlousknout tajenku, kter\u00e1 \u017eena bude \u010cesko reprezentovat na OH. Rozhodovat se m\u011blo p\u0159edev\u0161\u00edm mezi Jitkou \u010c\u00e1belickou (GAPP System Kolofix a Ad\u00e9lou Holubovou (Rouvy Specialized).<\/p>\n\n\n\n<p>V\u00a0z\u00e1vod\u011b nakonec zv\u00edt\u011bzila Holubov\u00e1, nejzku\u0161en\u011bj\u0161\u00ed ze startovn\u00edho pole \u010c\u00e1belick\u00e1 z\u00e1vod po probl\u00e9mech nedokon\u010dila. Definitiva v\u0161ak nepadla. Rozhodne komise tren\u00e9r\u016f a n\u00e1vrh n\u00e1sledn\u011b schv\u00e1l\u00ed komise MTB \u010cesk\u00e9ho svazu cyklistiky. Jasno by m\u011blo b\u00fdt za\u010d\u00e1tkem p\u0159\u00ed\u0161t\u00edho t\u00fddne.<\/p>\n\n\n\n<figure class=\"wp-block-image size-large\"><img loading=\"lazy\" decoding=\"async\" width=\"1024\" height=\"683\" src=\"https:\/\/www.czechcyclingfederation.com\/wp-content\/uploads\/2024\/06\/holubova-2-1024x683.jpg\" alt=\"\" class=\"wp-image-30180\" srcset=\"https:\/\/www.czechcyclingfederation.com\/wp-content\/uploads\/2024\/06\/holubova-2-1024x683.jpg 1024w, https:\/\/www.czechcyclingfederation.com\/wp-content\/uploads\/2024\/06\/holubova-2-300x200.jpg 300w, https:\/\/www.czechcyclingfederation.com\/wp-content\/uploads\/2024\/06\/holubova-2-768x512.jpg 768w, https:\/\/www.czechcyclingfederation.com\/wp-content\/uploads\/2024\/06\/holubova-2-1536x1024.jpg 1536w, https:\/\/www.czechcyclingfederation.com\/wp-content\/uploads\/2024\/06\/holubova-2-1320x880.jpg 1320w, https:\/\/www.czechcyclingfederation.com\/wp-content\/uploads\/2024\/06\/holubova-2.jpg 2048w\" sizes=\"auto, (max-width: 1024px) 100vw, 1024px\" \/><\/figure>\n\n\n\n<p><em>\u201eNa za\u010d\u00e1tku mi tam P\u00e1\u0165a (Srnsk\u00e1) s&nbsp;Jitkou (\u010c\u00e1belick\u00e1) trochu odjely, ale \u0159\u00edkala jsem si, \u017ee se nesm\u00edm nechat rozhodit a d\u00e1l jsem si jela svoje tempo. Nakonec se to vyplatilo, dojela jsem holky a pak jsem si jela s\u00f3lo z\u00e1vod a\u017e do c\u00edle. Byla to takov\u00e1 dlouh\u00e1 \u010dasovka a jsem moc r\u00e1da za v\u00edt\u011bzstv\u00ed,\u201c<\/em> \u0159ekla Holubov\u00e1, kter\u00e1 pr\u016fb\u011b\u017ene vede poh\u00e1r v&nbsp;hodnocen\u00ed \u017eensk\u00e9 kategorie i U23. <em>\u201eD\u00edv\u00e1 se na to hezky, vyhr\u00e1vat m\u011b bav\u00ed,\u201c<\/em> dodala s&nbsp;\u00fasm\u011bvem bikerka t\u00fdmu Rouvy Specialized.<\/p>\n\n\n\n<p>Druhou p\u0159\u00ed\u010dku brala v&nbsp;Bed\u0159ichov\u011b Polka Podgorsk\u00e1, t\u0159et\u00ed skon\u010dila Simona Sp\u011b\u0161n\u00e1. \u201eBed\u0159ichov m\u00e1m moc r\u00e1da, v\u017edycky se sem r\u00e1da vrac\u00edm a i kdy\u017e ten z\u00e1vod dost bolel, l\u00edbilo se mi to,\u201c p\u0159iznala Sp\u011b\u0161n\u00e1.<\/p>\n\n\n\n<figure class=\"wp-block-image size-large\"><img loading=\"lazy\" decoding=\"async\" width=\"1024\" height=\"683\" src=\"https:\/\/www.czechcyclingfederation.com\/wp-content\/uploads\/2024\/06\/saska-cil-1024x683.jpg\" alt=\"\" class=\"wp-image-30182\" srcset=\"https:\/\/www.czechcyclingfederation.com\/wp-content\/uploads\/2024\/06\/saska-cil-1024x683.jpg 1024w, https:\/\/www.czechcyclingfederation.com\/wp-content\/uploads\/2024\/06\/saska-cil-300x200.jpg 300w, https:\/\/www.czechcyclingfederation.com\/wp-content\/uploads\/2024\/06\/saska-cil-768x512.jpg 768w, https:\/\/www.czechcyclingfederation.com\/wp-content\/uploads\/2024\/06\/saska-cil-1536x1024.jpg 1536w, https:\/\/www.czechcyclingfederation.com\/wp-content\/uploads\/2024\/06\/saska-cil-1320x880.jpg 1320w, https:\/\/www.czechcyclingfederation.com\/wp-content\/uploads\/2024\/06\/saska-cil.jpg 2048w\" sizes=\"auto, (max-width: 1024px) 100vw, 1024px\" \/><\/figure>\n\n\n\n<p>Z\u00e1vod mu\u017e\u016f se stal ko\u0159ist\u00ed Jana S\u00e1sky (Subterra Santa Cruz), kter\u00fd zv\u00edt\u011bzil o 9 vte\u0159in p\u0159ed Pol\u00e1kem Heltou, t\u0159et\u00ed byl Luk\u00e1\u0161 Kobes (Gapp System \u2013 Kolofix), jen\u017e na v\u00edt\u011bze ztratil 51 vte\u0159in. <em>\u201eJe to super,\u201c<\/em> radoval se S\u00e1ska po premi\u00e9rov\u00e9m v\u00edt\u011bzstv\u00ed v&nbsp;elitn\u00ed kategorii. I on vede pr\u016fb\u011b\u017en\u011b po 3 z\u00e1vodech \u010cesk\u00fd poh\u00e1r jak mezi elitou, tak v&nbsp;kategorii U23.<\/p>\n\n\n\n<p>\u201eU\u017e od za\u010d\u00e1tku jsem si to hl\u00eddal zp\u0159edu a jsem r\u00e1d, \u017ee se mi to povedlo. Od doby, co m\u011b Helta dojel, jsme si zkou\u0161eli vz\u00e1jemn\u011b nastupovat. V&nbsp;p\u0159edposledn\u00edm kole, kdy\u017e jsem jel za n\u00edm, jsem vid\u011bl, \u017ee si nen\u00ed \u00fapln\u011b jist\u00fd v&nbsp;t\u00e9 kamenit\u00e9 pas\u00e1\u017ei a v&nbsp;z\u00e1v\u011bre\u010dn\u00e9m okruhu jsem mu v&nbsp;tom m\u00edst\u011b nastoupil. Jsem r\u00e1d, \u017ee to vydr\u017eelo a\u017e do c\u00edle,\u201c uvedl S\u00e1ska.<\/p>\n\n\n\n<figure class=\"wp-block-image size-large\"><img loading=\"lazy\" decoding=\"async\" width=\"1024\" height=\"683\" src=\"https:\/\/www.czechcyclingfederation.com\/wp-content\/uploads\/2024\/06\/bedna-muzi-1024x683.jpg\" alt=\"\" class=\"wp-image-30184\" srcset=\"https:\/\/www.czechcyclingfederation.com\/wp-content\/uploads\/2024\/06\/bedna-muzi-1024x683.jpg 1024w, https:\/\/www.czechcyclingfederation.com\/wp-content\/uploads\/2024\/06\/bedna-muzi-300x200.jpg 300w, https:\/\/www.czechcyclingfederation.com\/wp-content\/uploads\/2024\/06\/bedna-muzi-768x512.jpg 768w, https:\/\/www.czechcyclingfederation.com\/wp-content\/uploads\/2024\/06\/bedna-muzi-1536x1024.jpg 1536w, https:\/\/www.czechcyclingfederation.com\/wp-content\/uploads\/2024\/06\/bedna-muzi-1320x880.jpg 1320w, https:\/\/www.czechcyclingfederation.com\/wp-content\/uploads\/2024\/06\/bedna-muzi.jpg 2048w\" sizes=\"auto, (max-width: 1024px) 100vw, 1024px\" \/><\/figure>\n\n\n\n<p><strong>V\u00fdsledky \u2013 mu\u017ei: <\/strong>1. S\u00e1ska (Subterra Santa Cruz) 01:27:56, 2. Helta (N\u011bm.) +9, 3. Kobes (Gapp System \u2013 Kolofix) +51, 4. Ul\u00edk +55, 5. Hojka (oba Expres Cz &#8211; Bmd Team Kol\u00edn) +1:04. <strong>Stav Conseq Cupu po 3 z\u00e1vodech:<\/strong> 1. S\u00e1ska 810, 2. Ul\u00edk 710, 3. Zatloukal (Nutrend Specialized) 710.<\/p>\n\n\n\n<p><strong>\u017deny: <\/strong>1. Holubov\u00e1 (Rouvy Specialized) 1:30:28, 2. Podgorsk\u00e1 (Pol.) +3:02, 3. Sp\u011b\u0161n\u00e1 (jb Brunex Superior) +4:38, 4.Viktorov\u00e1 (Rouvy Specialized) +4:58, 5. Krzystalaov\u00e1 (Pol.) +5:21. <strong>Stav Conseq Cupu po 3 z\u00e1vodech: <\/strong>1. Holubov\u00e1 820, 2. Czeczinkarov\u00e1 (Elmtrade Racing Team) 650, 3. Viktorov\u00e1 620.<\/p>\n\n\n\n<p><strong>Junio\u0159i: <\/strong>1. Ba\u017eant (Cyklostar Pirelli) 1:09:14, 2. Friedel (Ostra Multicraft \u010celadn\u00e1) +45, 3. Lindner (N\u011bm.) +58. <strong>Stav \u010cP: <\/strong>1. Friedel 880. <strong>Juniorky: <\/strong>1. Gottwladov\u00e1 (CP Team) 1:10:19<strong>, <\/strong>2. Du\u0161kov\u00e1 (Czech Multisport Coaching) +53<strong>, <\/strong>3. Vikov\u00e1 (Dukla Praha) +2:54. <strong>Stav \u010cP: <\/strong>1. Gottwaldov\u00e1 800.<\/p>\n\n\n\n<p>Foto: Pavel K\u0159ikava<\/p>\n","protected":false},"excerpt":{"rendered":"<p>Jan S\u00e1ska (Subterra Santa Cruz) a Ad\u00e9la Holubov\u00e1 (Rouvy Specialized) ovl\u00e1dli z\u00e1vody elitn\u00edch kategori\u00ed na t\u0159et\u00edm d\u00edle Conseq \u010cesk\u00e9ho poh\u00e1ru v&nbsp;cross country horsk\u00fdch kol na tradi\u010dn\u00ed trati v&nbsp;Bed\u0159ichov\u011b, p\u0159esto\u017ee jsou oba je\u0161t\u011b z\u00e1vodn\u00edky kategorie U23. V&nbsp;z\u00e1vod\u011b mu\u017e\u016f chyb\u011bl na startu Ond\u0159ej Cink, kter\u00fd m\u00e1 jistotu nominace na olympi\u00e1du do Pa\u0159\u00ed\u017ee, a tak pozornost byla up\u0159ena [&hellip;]<\/p>\n","protected":false},"author":15,"featured_media":30178,"comment_status":"closed","ping_status":"open","sticky":false,"template":"","format":"standard","meta":{"footnotes":""},"categories":[2],"tags":[10],"class_list":["post-30176","post","type-post","status-publish","format-standard","has-post-thumbnail","hentry","category-novinky","tag-mtb"],"_links":{"self":[{"href":"https:\/\/www.czechcyclingfederation.com\/en\/wp-json\/wp\/v2\/posts\/30176","targetHints":{"allow":["GET"]}}],"collection":[{"href":"https:\/\/www.czechcyclingfederation.com\/en\/wp-json\/wp\/v2\/posts"}],"about":[{"href":"https:\/\/www.czechcyclingfederation.com\/en\/wp-json\/wp\/v2\/types\/post"}],"author":[{"embeddable":true,"href":"https:\/\/www.czechcyclingfederation.com\/en\/wp-json\/wp\/v2\/users\/15"}],"replies":[{"embeddable":true,"href":"https:\/\/www.czechcyclingfederation.com\/en\/wp-json\/wp\/v2\/comments?post=30176"}],"version-history":[{"count":2,"href":"https:\/\/www.czechcyclingfederation.com\/en\/wp-json\/wp\/v2\/posts\/30176\/revisions"}],"predecessor-version":[{"id":30186,"href":"https:\/\/www.czechcyclingfederation.com\/en\/wp-json\/wp\/v2\/posts\/30176\/revisions\/30186"}],"wp:featuredmedia":[{"embeddable":true,"href":"https:\/\/www.czechcyclingfederation.com\/en\/wp-json\/wp\/v2\/media\/30178"}],"wp:attachment":[{"href":"https:\/\/www.czechcyclingfederation.com\/en\/wp-json\/wp\/v2\/media?parent=30176"}],"wp:term":[{"taxonomy":"category","embeddable":true,"href":"https:\/\/www.czechcyclingfederation.com\/en\/wp-json\/wp\/v2\/categories?post=30176"},{"taxonomy":"post_tag","embeddable":true,"href":"https:\/\/www.czechcyclingfederation.com\/en\/wp-json\/wp\/v2\/tags?post=30176"}],"curies":[{"name":"wp","href":"https:\/\/api.w.org\/{rel}","templated":true}]}}